{"id":16997,"date":"2024-05-17T10:38:06","date_gmt":"2024-05-17T08:38:06","guid":{"rendered":"https:\/\/www.abf.eu\/curno\/?p=16997"},"modified":"2024-05-17T10:40:40","modified_gmt":"2024-05-17T08:40:40","slug":"il-soap-box-rally-torna-a-bergamo","status":"publish","type":"post","link":"https:\/\/www.abf.eu\/curno\/il-soap-box-rally-torna-a-bergamo\/","title":{"rendered":"Il Soap Box Rally torna a Bergamo!"},"content":{"rendered":"\n<h3 class=\"wp-block-heading\">Domenica 12 Maggio ABF Curno e ABF Trescore hanno partecipato alla famosissima gara che si svolge in Citt\u00e0 Alta.<\/h3>\n\n\n\n<h5 class=\"wp-block-heading\">Cos&#8217;\u00e8 il Soap Box Rally?<\/h5>\n\n\n\n<p>Le &#8220;soap boxes&#8221;, che in italiano significa scatole di sapone, sono delle macchine bizzare che hanno avuto origine negli Stati Uniti nel 1933 grazie all&#8217;idea di un commerciante di sapone. Questo imprenditore riusc\u00ec a combinare il sogno americano dell&#8217;epoca, l&#8217;automobile, con il suo lavoro. Disegn\u00f2 sulle scatole di sapone di legno le sagome di auto immaginarie. Una volta ritagliate e assemblate, aggiungendo alcune parti meccaniche, chiunque poteva costruire la propria auto personalizzata. L&#8217;idea ebbe un successo enorme e presto migliaia di mini-bolidi iniziarono a sfrecciare per le strade in discesa degli Stati Uniti. La prima corsa ufficiale americana, chiamata &#8220;All American Soap Boxes Derby&#8221;, si tenne nel 1934. A Bergamo, la tradizione arriv\u00f2 nel 1955 e dal 2000 circa, la Proloco Bergamo organizza regolarmente il soap box rally in Citt\u00e0 Alta, con l&#8217;intento di rafforzare una tradizione che si \u00e8 radicata nel territorio.<\/p>\n\n\n\n<p>La competizione si articola in due manche. Quest&#8217;anno vi hanno preso parte 51 soap box, con squadre provenienti da varie regioni del nord Italia e due soap box arrivate direttamente dal Giappone. ABF Curno ha partecipato con una sola macchina, mentre ABF Trescore ha schierato due veicoli nella competizione.<\/p>\n\n\n\n<h5 class=\"wp-block-heading\">Esposizione e punzonatura delle auto<\/h5>\n\n\n\n<p>Sabato, le soap box si sono riunite presso lo showroom Pedretti di Curno per una giornata dedicata all&#8217;esposizione e alla punzonatura dei veicoli. Ogni squadra ha avuto l&#8217;opportunit\u00e0 di mostrare il proprio lavoro, esibendo le macchine accuratamente decorate e ingegnosamente costruite. <\/p>\n\n\n\n<p>Durante l&#8217;evento, i veicoli sono stati sottoposti a una scrupolosa verifica tecnica per assicurarsi che rispettassero tutte le norme di sicurezza e le specifiche richieste per la gara. La punzonatura ha confermato l&#8217;idoneit\u00e0 delle soap box a partecipare alla competizione.<\/p>\n\n\n\n<p>Il momento clou della giornata \u00e8 stato l&#8217;assegnazione del trofeo &#8220;Creativit\u00e0&#8221;. Una giuria ha valutato attentamente ogni veicolo, tenendo conto dell&#8217;originalit\u00e0, dell&#8217;innovazione e dell&#8217;estetica. Il trofeo \u00e8 stato infine consegnato al team che ha saputo distinguersi maggiormente, premiando l&#8217;impegno e l&#8217;immaginazione impiegati nella realizzazione della loro soap box. <\/p>\n\n\n\n<figure class=\"wp-block-image size-full\"><img loading=\"lazy\" decoding=\"async\" width=\"1000\" height=\"666\" src=\"https:\/\/www.abf.eu\/curno\/wp-content\/uploads\/sites\/5\/2024\/05\/Progetto-senza-titolo-7.png\" alt=\"\" class=\"wp-image-17001\" srcset=\"https:\/\/www.abf.eu\/curno\/wp-content\/uploads\/sites\/5\/2024\/05\/Progetto-senza-titolo-7.png 1000w, https:\/\/www.abf.eu\/curno\/wp-content\/uploads\/sites\/5\/2024\/05\/Progetto-senza-titolo-7-300x200.png 300w, https:\/\/www.abf.eu\/curno\/wp-content\/uploads\/sites\/5\/2024\/05\/Progetto-senza-titolo-7-768x511.png 768w, https:\/\/www.abf.eu\/curno\/wp-content\/uploads\/sites\/5\/2024\/05\/Progetto-senza-titolo-7-600x400.png 600w\" sizes=\"auto, (max-width: 1000px) 100vw, 1000px\" \/><\/figure>\n\n\n\n<h5 class=\"wp-block-heading\">La prima manche<\/h5>\n\n\n\n<p>La prima manche di velocit\u00e0 del soap box rally di Bergamo ha visto le macchine scendere a coppie per sfidarsi e determinare quale fosse la pi\u00f9 veloce. Ogni coppia di veicoli, accuratamente preparati e decorati dai rispettivi team, ha affrontato la discesa con grande determinazione e spirito competitivo. <\/p>\n\n\n\n<p>Il percorso, caratterizzato da curve e rettilinei, ha messo alla prova le abilit\u00e0 di guida e l&#8217;aerodinamicit\u00e0 dei veicoli. Gli spettatori hanno assistito con entusiasmo alle varie sfide, applaudendo e incoraggiando i concorrenti. <\/p>\n\n\n\n<p>La manche si \u00e8 rivelata avvincente, con alcuni veicoli che hanno raggiunto velocit\u00e0 sorprendenti, rendendo la competizione ancora pi\u00f9 emozionante.<\/p>\n\n\n\n<figure class=\"wp-block-image size-full\"><img loading=\"lazy\" decoding=\"async\" width=\"1000\" height=\"666\" src=\"https:\/\/www.abf.eu\/curno\/wp-content\/uploads\/sites\/5\/2024\/05\/Progetto-senza-titolo-6.png\" alt=\"\" class=\"wp-image-17000\" srcset=\"https:\/\/www.abf.eu\/curno\/wp-content\/uploads\/sites\/5\/2024\/05\/Progetto-senza-titolo-6.png 1000w, https:\/\/www.abf.eu\/curno\/wp-content\/uploads\/sites\/5\/2024\/05\/Progetto-senza-titolo-6-300x200.png 300w, https:\/\/www.abf.eu\/curno\/wp-content\/uploads\/sites\/5\/2024\/05\/Progetto-senza-titolo-6-768x511.png 768w, https:\/\/www.abf.eu\/curno\/wp-content\/uploads\/sites\/5\/2024\/05\/Progetto-senza-titolo-6-600x400.png 600w\" sizes=\"auto, (max-width: 1000px) 100vw, 1000px\" \/><\/figure>\n\n\n\n<h5 class=\"wp-block-heading\">La seconda manche<\/h5>\n\n\n\n<p>La seconda manche ha visto le soap box scendere singolarmente, affrontando una serie di ostacoli divertenti e impegnativi. I partecipanti hanno dovuto superare giochi di gavettoni, attraversare un muro di schiuma, passare attraverso una vasca d&#8217;acqua, affrontare un salto basculante e navigare tra strette chicane. <\/p>\n\n\n\n<p>Ogni veicolo ha dimostrato abilit\u00e0 di manovra e resistenza, rendendo la manche emozionante sia per i concorrenti che per gli spettatori.<\/p>\n\n\n\n<figure class=\"wp-block-image size-full\"><img loading=\"lazy\" decoding=\"async\" width=\"1000\" height=\"666\" src=\"https:\/\/www.abf.eu\/curno\/wp-content\/uploads\/sites\/5\/2024\/05\/Progetto-senza-titolo-8.png\" alt=\"\" class=\"wp-image-17006\" srcset=\"https:\/\/www.abf.eu\/curno\/wp-content\/uploads\/sites\/5\/2024\/05\/Progetto-senza-titolo-8.png 1000w, https:\/\/www.abf.eu\/curno\/wp-content\/uploads\/sites\/5\/2024\/05\/Progetto-senza-titolo-8-300x200.png 300w, https:\/\/www.abf.eu\/curno\/wp-content\/uploads\/sites\/5\/2024\/05\/Progetto-senza-titolo-8-768x511.png 768w, https:\/\/www.abf.eu\/curno\/wp-content\/uploads\/sites\/5\/2024\/05\/Progetto-senza-titolo-8-600x400.png 600w\" sizes=\"auto, (max-width: 1000px) 100vw, 1000px\" \/><\/figure>\n\n\n\n<h5 class=\"wp-block-heading\">Ringraziamenti ai nostri ragazzi!<\/h5>\n\n\n\n<p>Al termine della gara c&#8217;\u00e8 stato un momento di festa e riconoscimento per tutti i partecipanti. Nonostante ABF non abbia portato a casa alcun trofeo, \u00e8 stato importante celebrare il loro impegno e la loro dedizione. <\/p>\n\n\n\n<p>Nella classifica delle scuole ABF Curno si \u00e8 posizionata al 4\u00b0 posto, mentre le due Soap Box di ABF Trescore si sono posizionate al 3\u00b0 e 6\u00b0 posto. Un caloroso applauso e complimenti sono andati ai ragazzi, che hanno dimostrato grande abilit\u00e0 e spirito sportivo durante l&#8217;intero evento.<\/p>\n","protected":false},"excerpt":{"rendered":"<p>Domenica 12 Maggio ABF Curno e ABF Trescore hanno partecipato<\/p>\n","protected":false},"author":52,"featured_media":17010,"comment_status":"closed","ping_status":"open","sticky":false,"template":"","format":"standard","meta":{"footnotes":""},"categories":[1],"tags":[],"class_list":["post-16997","post","type-post","status-publish","format-standard","has-post-thumbnail","hentry","category-senza-categoria"],"yoast_head":"<!-- This site is optimized with the Yoast SEO plugin v25.8 - https:\/\/yoast.com\/wordpress\/plugins\/seo\/ -->\n<title>Il Soap Box Rally torna a Bergamo! - Curno<\/title>\n<meta name=\"description\" content=\"I ragazzi delle sedi di ABF Curno e ABF Trescore partecipano al famosissimo soap box rally che si \u00e8 svolta in Citt\u00e0 Alt\u00e0.\" \/>\n<meta name=\"robots\" content=\"index, follow, max-snippet:-1, max-image-preview:large, max-video-preview:-1\" \/>\n<link rel=\"canonical\" href=\"https:\/\/www.abf.eu\/curno\/il-soap-box-rally-torna-a-bergamo\/\" \/>\n<meta property=\"og:locale\" content=\"it_IT\" \/>\n<meta property=\"og:type\" content=\"article\" \/>\n<meta property=\"og:title\" content=\"Il Soap Box Rally torna a Bergamo! - Curno\" \/>\n<meta property=\"og:description\" content=\"I ragazzi delle sedi di ABF Curno e ABF Trescore partecipano al famosissimo soap box rally che si \u00e8 svolta in Citt\u00e0 Alt\u00e0.\" \/>\n<meta property=\"og:url\" content=\"https:\/\/www.abf.eu\/curno\/il-soap-box-rally-torna-a-bergamo\/\" \/>\n<meta property=\"og:site_name\" content=\"Curno\" \/>\n<meta property=\"article:published_time\" content=\"2024-05-17T08:38:06+00:00\" \/>\n<meta property=\"article:modified_time\" content=\"2024-05-17T08:40:40+00:00\" \/>\n<meta property=\"og:image\" content=\"https:\/\/www.abf.eu\/curno\/wp-content\/uploads\/sites\/5\/2024\/05\/Progetto-senza-titolo-9.png\" \/>\n\t<meta property=\"og:image:width\" content=\"1000\" \/>\n\t<meta property=\"og:image:height\" content=\"666\" \/>\n\t<meta property=\"og:image:type\" content=\"image\/png\" \/>\n<meta name=\"author\" content=\"abfeditorcurno\" \/>\n<meta name=\"twitter:card\" content=\"summary_large_image\" \/>\n<meta name=\"twitter:label1\" content=\"Scritto da\" \/>\n\t<meta name=\"twitter:data1\" content=\"abfeditorcurno\" \/>\n\t<meta name=\"twitter:label2\" content=\"Tempo di lettura stimato\" \/>\n\t<meta name=\"twitter:data2\" content=\"5 minuti\" \/>\n<script type=\"application\/ld+json\" class=\"yoast-schema-graph\">{\"@context\":\"https:\/\/schema.org\",\"@graph\":[{\"@type\":\"WebPage\",\"@id\":\"https:\/\/www.abf.eu\/curno\/il-soap-box-rally-torna-a-bergamo\/\",\"url\":\"https:\/\/www.abf.eu\/curno\/il-soap-box-rally-torna-a-bergamo\/\",\"name\":\"Il Soap Box Rally torna a Bergamo! - Curno\",\"isPartOf\":{\"@id\":\"https:\/\/www.abf.eu\/curno\/#website\"},\"primaryImageOfPage\":{\"@id\":\"https:\/\/www.abf.eu\/curno\/il-soap-box-rally-torna-a-bergamo\/#primaryimage\"},\"image\":{\"@id\":\"https:\/\/www.abf.eu\/curno\/il-soap-box-rally-torna-a-bergamo\/#primaryimage\"},\"thumbnailUrl\":\"https:\/\/www.abf.eu\/curno\/wp-content\/uploads\/sites\/5\/2024\/05\/Progetto-senza-titolo-9.png\",\"datePublished\":\"2024-05-17T08:38:06+00:00\",\"dateModified\":\"2024-05-17T08:40:40+00:00\",\"author\":{\"@id\":\"https:\/\/www.abf.eu\/curno\/#\/schema\/person\/d83df5bb64ca34eb55803f4ef20b849e\"},\"description\":\"I ragazzi delle sedi di ABF Curno e ABF Trescore partecipano al famosissimo soap box rally che si \u00e8 svolta in Citt\u00e0 Alt\u00e0.\",\"breadcrumb\":{\"@id\":\"https:\/\/www.abf.eu\/curno\/il-soap-box-rally-torna-a-bergamo\/#breadcrumb\"},\"inLanguage\":\"it-IT\",\"potentialAction\":[{\"@type\":\"ReadAction\",\"target\":[\"https:\/\/www.abf.eu\/curno\/il-soap-box-rally-torna-a-bergamo\/\"]}]},{\"@type\":\"ImageObject\",\"inLanguage\":\"it-IT\",\"@id\":\"https:\/\/www.abf.eu\/curno\/il-soap-box-rally-torna-a-bergamo\/#primaryimage\",\"url\":\"https:\/\/www.abf.eu\/curno\/wp-content\/uploads\/sites\/5\/2024\/05\/Progetto-senza-titolo-9.png\",\"contentUrl\":\"https:\/\/www.abf.eu\/curno\/wp-content\/uploads\/sites\/5\/2024\/05\/Progetto-senza-titolo-9.png\",\"width\":1000,\"height\":666},{\"@type\":\"BreadcrumbList\",\"@id\":\"https:\/\/www.abf.eu\/curno\/il-soap-box-rally-torna-a-bergamo\/#breadcrumb\",\"itemListElement\":[{\"@type\":\"ListItem\",\"position\":1,\"name\":\"Home\",\"item\":\"https:\/\/www.abf.eu\/curno\/\"},{\"@type\":\"ListItem\",\"position\":2,\"name\":\"Il Soap Box Rally torna a Bergamo!\"}]},{\"@type\":\"WebSite\",\"@id\":\"https:\/\/www.abf.eu\/curno\/#website\",\"url\":\"https:\/\/www.abf.eu\/curno\/\",\"name\":\"Curno\",\"description\":\"Ecco un altro sito Abf siti\",\"potentialAction\":[{\"@type\":\"SearchAction\",\"target\":{\"@type\":\"EntryPoint\",\"urlTemplate\":\"https:\/\/www.abf.eu\/curno\/?s={search_term_string}\"},\"query-input\":{\"@type\":\"PropertyValueSpecification\",\"valueRequired\":true,\"valueName\":\"search_term_string\"}}],\"inLanguage\":\"it-IT\"},{\"@type\":\"Person\",\"@id\":\"https:\/\/www.abf.eu\/curno\/#\/schema\/person\/d83df5bb64ca34eb55803f4ef20b849e\",\"name\":\"abfeditorcurno\",\"image\":{\"@type\":\"ImageObject\",\"inLanguage\":\"it-IT\",\"@id\":\"https:\/\/www.abf.eu\/curno\/#\/schema\/person\/image\/\",\"url\":\"https:\/\/secure.gravatar.com\/avatar\/057f1c420b2c84430ad648e1d52d25a446691d3f4155c4d3d9059a9ee20af77f?s=96&d=mm&r=g\",\"contentUrl\":\"https:\/\/secure.gravatar.com\/avatar\/057f1c420b2c84430ad648e1d52d25a446691d3f4155c4d3d9059a9ee20af77f?s=96&d=mm&r=g\",\"caption\":\"abfeditorcurno\"},\"url\":\"https:\/\/www.abf.eu\/curno\/author\/abfeditorcurno\/\"}]}<\/script>\n<!-- \/ Yoast SEO plugin. -->","yoast_head_json":{"title":"Il Soap Box Rally torna a Bergamo! - Curno","description":"I ragazzi delle sedi di ABF Curno e ABF Trescore partecipano al famosissimo soap box rally che si \u00e8 svolta in Citt\u00e0 Alt\u00e0.","robots":{"index":"index","follow":"follow","max-snippet":"max-snippet:-1","max-image-preview":"max-image-preview:large","max-video-preview":"max-video-preview:-1"},"canonical":"https:\/\/www.abf.eu\/curno\/il-soap-box-rally-torna-a-bergamo\/","og_locale":"it_IT","og_type":"article","og_title":"Il Soap Box Rally torna a Bergamo! - Curno","og_description":"I ragazzi delle sedi di ABF Curno e ABF Trescore partecipano al famosissimo soap box rally che si \u00e8 svolta in Citt\u00e0 Alt\u00e0.","og_url":"https:\/\/www.abf.eu\/curno\/il-soap-box-rally-torna-a-bergamo\/","og_site_name":"Curno","article_published_time":"2024-05-17T08:38:06+00:00","article_modified_time":"2024-05-17T08:40:40+00:00","og_image":[{"width":1000,"height":666,"url":"https:\/\/www.abf.eu\/curno\/wp-content\/uploads\/sites\/5\/2024\/05\/Progetto-senza-titolo-9.png","type":"image\/png"}],"author":"abfeditorcurno","twitter_card":"summary_large_image","twitter_misc":{"Scritto da":"abfeditorcurno","Tempo di lettura stimato":"5 minuti"},"schema":{"@context":"https:\/\/schema.org","@graph":[{"@type":"WebPage","@id":"https:\/\/www.abf.eu\/curno\/il-soap-box-rally-torna-a-bergamo\/","url":"https:\/\/www.abf.eu\/curno\/il-soap-box-rally-torna-a-bergamo\/","name":"Il Soap Box Rally torna a Bergamo! - Curno","isPartOf":{"@id":"https:\/\/www.abf.eu\/curno\/#website"},"primaryImageOfPage":{"@id":"https:\/\/www.abf.eu\/curno\/il-soap-box-rally-torna-a-bergamo\/#primaryimage"},"image":{"@id":"https:\/\/www.abf.eu\/curno\/il-soap-box-rally-torna-a-bergamo\/#primaryimage"},"thumbnailUrl":"https:\/\/www.abf.eu\/curno\/wp-content\/uploads\/sites\/5\/2024\/05\/Progetto-senza-titolo-9.png","datePublished":"2024-05-17T08:38:06+00:00","dateModified":"2024-05-17T08:40:40+00:00","author":{"@id":"https:\/\/www.abf.eu\/curno\/#\/schema\/person\/d83df5bb64ca34eb55803f4ef20b849e"},"description":"I ragazzi delle sedi di ABF Curno e ABF Trescore partecipano al famosissimo soap box rally che si \u00e8 svolta in Citt\u00e0 Alt\u00e0.","breadcrumb":{"@id":"https:\/\/www.abf.eu\/curno\/il-soap-box-rally-torna-a-bergamo\/#breadcrumb"},"inLanguage":"it-IT","potentialAction":[{"@type":"ReadAction","target":["https:\/\/www.abf.eu\/curno\/il-soap-box-rally-torna-a-bergamo\/"]}]},{"@type":"ImageObject","inLanguage":"it-IT","@id":"https:\/\/www.abf.eu\/curno\/il-soap-box-rally-torna-a-bergamo\/#primaryimage","url":"https:\/\/www.abf.eu\/curno\/wp-content\/uploads\/sites\/5\/2024\/05\/Progetto-senza-titolo-9.png","contentUrl":"https:\/\/www.abf.eu\/curno\/wp-content\/uploads\/sites\/5\/2024\/05\/Progetto-senza-titolo-9.png","width":1000,"height":666},{"@type":"BreadcrumbList","@id":"https:\/\/www.abf.eu\/curno\/il-soap-box-rally-torna-a-bergamo\/#breadcrumb","itemListElement":[{"@type":"ListItem","position":1,"name":"Home","item":"https:\/\/www.abf.eu\/curno\/"},{"@type":"ListItem","position":2,"name":"Il Soap Box Rally torna a Bergamo!"}]},{"@type":"WebSite","@id":"https:\/\/www.abf.eu\/curno\/#website","url":"https:\/\/www.abf.eu\/curno\/","name":"Curno","description":"Ecco un altro sito Abf siti","potentialAction":[{"@type":"SearchAction","target":{"@type":"EntryPoint","urlTemplate":"https:\/\/www.abf.eu\/curno\/?s={search_term_string}"},"query-input":{"@type":"PropertyValueSpecification","valueRequired":true,"valueName":"search_term_string"}}],"inLanguage":"it-IT"},{"@type":"Person","@id":"https:\/\/www.abf.eu\/curno\/#\/schema\/person\/d83df5bb64ca34eb55803f4ef20b849e","name":"abfeditorcurno","image":{"@type":"ImageObject","inLanguage":"it-IT","@id":"https:\/\/www.abf.eu\/curno\/#\/schema\/person\/image\/","url":"https:\/\/secure.gravatar.com\/avatar\/057f1c420b2c84430ad648e1d52d25a446691d3f4155c4d3d9059a9ee20af77f?s=96&d=mm&r=g","contentUrl":"https:\/\/secure.gravatar.com\/avatar\/057f1c420b2c84430ad648e1d52d25a446691d3f4155c4d3d9059a9ee20af77f?s=96&d=mm&r=g","caption":"abfeditorcurno"},"url":"https:\/\/www.abf.eu\/curno\/author\/abfeditorcurno\/"}]}},"_links":{"self":[{"href":"https:\/\/www.abf.eu\/curno\/wp-json\/wp\/v2\/posts\/16997","targetHints":{"allow":["GET"]}}],"collection":[{"href":"https:\/\/www.abf.eu\/curno\/wp-json\/wp\/v2\/posts"}],"about":[{"href":"https:\/\/www.abf.eu\/curno\/wp-json\/wp\/v2\/types\/post"}],"author":[{"embeddable":true,"href":"https:\/\/www.abf.eu\/curno\/wp-json\/wp\/v2\/users\/52"}],"replies":[{"embeddable":true,"href":"https:\/\/www.abf.eu\/curno\/wp-json\/wp\/v2\/comments?post=16997"}],"version-history":[{"count":6,"href":"https:\/\/www.abf.eu\/curno\/wp-json\/wp\/v2\/posts\/16997\/revisions"}],"predecessor-version":[{"id":17009,"href":"https:\/\/www.abf.eu\/curno\/wp-json\/wp\/v2\/posts\/16997\/revisions\/17009"}],"wp:featuredmedia":[{"embeddable":true,"href":"https:\/\/www.abf.eu\/curno\/wp-json\/wp\/v2\/media\/17010"}],"wp:attachment":[{"href":"https:\/\/www.abf.eu\/curno\/wp-json\/wp\/v2\/media?parent=16997"}],"wp:term":[{"taxonomy":"category","embeddable":true,"href":"https:\/\/www.abf.eu\/curno\/wp-json\/wp\/v2\/categories?post=16997"},{"taxonomy":"post_tag","embeddable":true,"href":"https:\/\/www.abf.eu\/curno\/wp-json\/wp\/v2\/tags?post=16997"}],"curies":[{"name":"wp","href":"https:\/\/api.w.org\/{rel}","templated":true}]}}