{"id":17680,"date":"2025-07-31T13:31:37","date_gmt":"2025-07-31T11:31:37","guid":{"rendered":"https:\/\/www.abf.eu\/curno\/?p=17680"},"modified":"2025-08-04T08:53:06","modified_gmt":"2025-08-04T06:53:06","slug":"ifts-its-move-academy","status":"publish","type":"post","link":"https:\/\/www.abf.eu\/curno\/ifts-its-move-academy\/","title":{"rendered":"IFTS &#8220;Tecnico Meccatronico dei Veicoli Ibridi ed Elettrici&#8221;"},"content":{"rendered":"\n<h3 class=\"wp-block-heading\">Un corso innovativo di ABF in collaborazione con ITS Move Academy, per rispondere alle sfide della mobilit\u00e0 elettrica<\/h3>\n\n\n\n<figure class=\"wp-block-image size-large\"><img loading=\"lazy\" decoding=\"async\" width=\"1024\" height=\"148\" src=\"https:\/\/www.abf.eu\/curno\/wp-content\/uploads\/sites\/5\/2024\/12\/app-1024x148.jpg\" alt=\"\" class=\"wp-image-18282\" srcset=\"https:\/\/www.abf.eu\/curno\/wp-content\/uploads\/sites\/5\/2024\/12\/app-1024x148.jpg 1024w, https:\/\/www.abf.eu\/curno\/wp-content\/uploads\/sites\/5\/2024\/12\/app-300x43.jpg 300w, https:\/\/www.abf.eu\/curno\/wp-content\/uploads\/sites\/5\/2024\/12\/app-768x111.jpg 768w, https:\/\/www.abf.eu\/curno\/wp-content\/uploads\/sites\/5\/2024\/12\/app-600x87.jpg 600w, https:\/\/www.abf.eu\/curno\/wp-content\/uploads\/sites\/5\/2024\/12\/app.jpg 1367w\" sizes=\"auto, (max-width: 1024px) 100vw, 1024px\" \/><\/figure>\n\n\n\n<p>La crescente diffusione dei veicoli ibridi ed elettrici ha generato un\u2019esigenza sempre pi\u00f9 pressante nel settore della manutenzione automobilistica: quella di <strong>figure altamente specializzate<\/strong> in grado di accettare, diagnosticare e assistere veicoli dotati di tecnologie avanzate. Da questa necessit\u00e0 torna anche per il prossimo Anno Formativo il corso <strong>in&nbsp;apprendistato&nbsp;art.&nbsp;43&nbsp;<\/strong>IFTS per <strong>Tecnico Meccatronico dei Veicoli Ibridi ed Elettrici<\/strong>, sviluppato da Azienda Bergamasca Formazione (ABF) in collaborazione con <em><strong>Fondazione ITS Move Academy<\/strong><\/em>. Il percorso rappresenta una risposta alle richieste delle concessionarie e delle officine del territorio, offrendo agli allievi IeFP nuove prospettive di crescita professionale.<\/p>\n\n\n\n<p>La direttrice della sede di Curno, Barbara Rebucini, ha commentato: &#8220;<em>Le necessit\u00e0 manutentive e tecnologiche di settore sono in continua evoluzione: auto elettriche presenti nel mercato, accrescimento di competenze collegate ai sistemi di sicurezza e assistenza alla guida ormai implementate su tutte le autovetture di nuova generazione. Il contatto con le aziende di autoriparazione e le richieste formative necessarie al sistema manutentivo ci hanno indirizzato verso l&#8217;attivazione di questo percorso.<\/em>&#8220;<\/p>\n\n\n\n<hr class=\"wp-block-separator has-alpha-channel-opacity\"\/>\n\n\n\n<h5 class=\"wp-block-heading\">La partnership con ITS Move Academy<\/h5>\n\n\n<div class=\"wp-block-image\">\n<figure class=\"aligncenter size-medium\"><a href=\"https:\/\/its-move.it\/\"><img loading=\"lazy\" decoding=\"async\" width=\"300\" height=\"213\" src=\"https:\/\/www.abf.eu\/curno\/wp-content\/uploads\/sites\/5\/2024\/12\/ITS-Move-Logo_stack_academy-2048x1456-1-300x213.png\" alt=\"\" class=\"wp-image-18283\" srcset=\"https:\/\/www.abf.eu\/curno\/wp-content\/uploads\/sites\/5\/2024\/12\/ITS-Move-Logo_stack_academy-2048x1456-1-300x213.png 300w, https:\/\/www.abf.eu\/curno\/wp-content\/uploads\/sites\/5\/2024\/12\/ITS-Move-Logo_stack_academy-2048x1456-1-1024x728.png 1024w, https:\/\/www.abf.eu\/curno\/wp-content\/uploads\/sites\/5\/2024\/12\/ITS-Move-Logo_stack_academy-2048x1456-1-768x546.png 768w, https:\/\/www.abf.eu\/curno\/wp-content\/uploads\/sites\/5\/2024\/12\/ITS-Move-Logo_stack_academy-2048x1456-1-1536x1092.png 1536w, https:\/\/www.abf.eu\/curno\/wp-content\/uploads\/sites\/5\/2024\/12\/ITS-Move-Logo_stack_academy-2048x1456-1-563x400.png 563w, https:\/\/www.abf.eu\/curno\/wp-content\/uploads\/sites\/5\/2024\/12\/ITS-Move-Logo_stack_academy-2048x1456-1.png 2048w\" sizes=\"auto, (max-width: 300px) 100vw, 300px\" \/><\/a><\/figure><\/div>\n\n\n<p><a href=\"https:\/\/its-move.it\/\">Fondazione ITS Move Academy<\/a>, attiva dal 2014, \u00e8 un punto di riferimento per la formazione di tecnici specializzati nel settore della mobilit\u00e0 sostenibile. Gi\u00e0 promotrice del corso IFTS presso la sede di Magenta, ITS Move ha trovato in ABF un partner strategico per estendere questa opportunit\u00e0 formativa al territorio bergamasco. Le lezioni di laboratorio si svolgono nella sede di <strong>ABF Curno, che si conferma un polo all\u2019avanguardia per la formazione tecnica<\/strong>.<\/p>\n\n\n\n<p>Il corso si struttura in 800 ore totali, suddivise in <strong>520 ore di formazione in azienda<\/strong> e <strong>280 ore di formazione teorica e pratica<\/strong> presso ABF e ITS Move. Grazie al sistema duale, gli allievi vivono un\u2019esperienza formativa completa, integrando competenze acquisite sul campo e conoscenze teoriche, con il supporto di tutor aziendali.<\/p>\n\n\n\n<hr class=\"wp-block-separator has-alpha-channel-opacity\"\/>\n\n\n\n<h5 class=\"wp-block-heading\">Opportunit\u00e0 per i giovani e per il territorio<\/h5>\n\n\n\n<p>Gli allievi iscritti saranno inseriti in aziende del settore tramite un <strong>contratto di apprendistato di primo livello<\/strong> (art. 43), che garantir\u00e0 loro un\u2019esperienza professionale retribuita e un primo passo nel mondo del lavoro.<\/p>\n\n\n\n<p>Il programma risponde alle esigenze del mercato, e offre ai partecipanti la possibilit\u00e0 di sviluppare competenze specifiche, come la manutenzione dei sistemi di sicurezza avanzati e delle tecnologie di assistenza alla guida, sempre pi\u00f9 comuni nei veicoli di nuova generazione. Inoltre, l\u2019apprendistato consente ai ragazzi di ottenere un riconoscimento economico, agevolando il loro percorso di crescita personale e professionale.<\/p>\n\n\n\n<p>Grazie alla sinergia tra formazione e mondo del lavoro, questo progetto rappresenta un esempio virtuoso di come le istituzioni educative possano rispondere alle sfide tecnologiche e alle esigenze delle aziende, contribuendo allo sviluppo del territorio e delle sue risorse umane.<\/p>\n\n\n\n<hr class=\"wp-block-separator has-alpha-channel-opacity\"\/>\n\n\n\n<div id=\"linkcontent-block_68905475db93c\" class=\"link-content \">\n    <a class='animated-arrow font-weight-bold' href='https:\/\/forms.gle\/BSqTDfF81DfAxQmu5' target=\"_blank\">\n        <span class='the-arrow -left'>\n            <span class='shaft'><\/span>\n        <\/span>\n        <span class='main'>\n            <span class='text'>Comunicaci il tuo interesse compilando il form!<\/span>\n            <span class='the-arrow -right'>\n                <span class='shaft'><\/span>\n            <\/span>\n        <\/span>\n    <\/a>\n<\/div>\n\n\n\n\n\n<hr class=\"wp-block-separator has-alpha-channel-opacity\"\/>\n\n\n\n<h3 class=\"wp-block-heading\">Contatti<\/h3>\n\n\n\n<p>Per ricevere maggiori informazioni sul percorso e sulla modalit\u00e0 di iscrizione, puoi contattare <strong>Daniele Rigoni<\/strong>:<\/p>\n\n\n\n<p>\ud83d\udcde <strong>035614466 <\/strong>interno 4<br>\ud83d\udce9 <strong><a href=\"mailto:apprendistato.curno@abf.eu\">apprendistato.curno@abf.eu<\/a> <\/strong><\/p>\n\n\n\n<p><\/p>\n","protected":false},"excerpt":{"rendered":"<p>Un corso innovativo di ABF in collaborazione con ITS Move<\/p>\n","protected":false},"author":31,"featured_media":17705,"comment_status":"closed","ping_status":"open","sticky":false,"template":"","format":"standard","meta":{"footnotes":""},"categories":[1],"tags":[],"class_list":["post-17680","post","type-post","status-publish","format-standard","has-post-thumbnail","hentry","category-senza-categoria"],"yoast_head":"<!-- This site is optimized with the Yoast SEO plugin v25.8 - https:\/\/yoast.com\/wordpress\/plugins\/seo\/ -->\n<title>IFTS &quot;Tecnico Meccatronico dei Veicoli Ibridi ed Elettrici&quot; - Curno<\/title>\n<meta name=\"description\" content=\"Al via il percorso IFTS per Tecnico Meccatronico dei Veicoli Ibridi ed Elettrici di ABF in collaborazione con ITS Move Academy\" \/>\n<meta name=\"robots\" content=\"index, follow, max-snippet:-1, max-image-preview:large, max-video-preview:-1\" \/>\n<link rel=\"canonical\" href=\"https:\/\/www.abf.eu\/curno\/ifts-its-move-academy\/\" \/>\n<meta property=\"og:locale\" content=\"it_IT\" \/>\n<meta property=\"og:type\" content=\"article\" \/>\n<meta property=\"og:title\" content=\"IFTS &quot;Tecnico Meccatronico dei Veicoli Ibridi ed Elettrici&quot; - Curno\" \/>\n<meta property=\"og:description\" content=\"Al via il percorso IFTS per Tecnico Meccatronico dei Veicoli Ibridi ed Elettrici di ABF in collaborazione con ITS Move Academy\" \/>\n<meta property=\"og:url\" content=\"https:\/\/www.abf.eu\/curno\/ifts-its-move-academy\/\" \/>\n<meta property=\"og:site_name\" content=\"Curno\" \/>\n<meta property=\"article:published_time\" content=\"2025-07-31T11:31:37+00:00\" \/>\n<meta property=\"article:modified_time\" content=\"2025-08-04T06:53:06+00:00\" \/>\n<meta property=\"og:image\" content=\"https:\/\/www.abf.eu\/curno\/wp-content\/uploads\/sites\/5\/2024\/12\/ifts.png\" \/>\n\t<meta property=\"og:image:width\" content=\"1000\" \/>\n\t<meta property=\"og:image:height\" content=\"666\" \/>\n\t<meta property=\"og:image:type\" content=\"image\/png\" \/>\n<meta name=\"author\" content=\"danilocaccia\" \/>\n<meta name=\"twitter:card\" content=\"summary_large_image\" \/>\n<meta name=\"twitter:label1\" content=\"Scritto da\" \/>\n\t<meta name=\"twitter:data1\" content=\"danilocaccia\" \/>\n\t<meta name=\"twitter:label2\" content=\"Tempo di lettura stimato\" \/>\n\t<meta name=\"twitter:data2\" content=\"4 minuti\" \/>\n<script type=\"application\/ld+json\" class=\"yoast-schema-graph\">{\"@context\":\"https:\/\/schema.org\",\"@graph\":[{\"@type\":\"WebPage\",\"@id\":\"https:\/\/www.abf.eu\/curno\/ifts-its-move-academy\/\",\"url\":\"https:\/\/www.abf.eu\/curno\/ifts-its-move-academy\/\",\"name\":\"IFTS \\\"Tecnico Meccatronico dei Veicoli Ibridi ed Elettrici\\\" - Curno\",\"isPartOf\":{\"@id\":\"https:\/\/www.abf.eu\/curno\/#website\"},\"primaryImageOfPage\":{\"@id\":\"https:\/\/www.abf.eu\/curno\/ifts-its-move-academy\/#primaryimage\"},\"image\":{\"@id\":\"https:\/\/www.abf.eu\/curno\/ifts-its-move-academy\/#primaryimage\"},\"thumbnailUrl\":\"https:\/\/www.abf.eu\/curno\/wp-content\/uploads\/sites\/5\/2024\/12\/ifts.png\",\"datePublished\":\"2025-07-31T11:31:37+00:00\",\"dateModified\":\"2025-08-04T06:53:06+00:00\",\"author\":{\"@id\":\"https:\/\/www.abf.eu\/curno\/#\/schema\/person\/8a78d772811de95e251d66b4d5491f76\"},\"description\":\"Al via il percorso IFTS per Tecnico Meccatronico dei Veicoli Ibridi ed Elettrici di ABF in collaborazione con ITS Move Academy\",\"breadcrumb\":{\"@id\":\"https:\/\/www.abf.eu\/curno\/ifts-its-move-academy\/#breadcrumb\"},\"inLanguage\":\"it-IT\",\"potentialAction\":[{\"@type\":\"ReadAction\",\"target\":[\"https:\/\/www.abf.eu\/curno\/ifts-its-move-academy\/\"]}]},{\"@type\":\"ImageObject\",\"inLanguage\":\"it-IT\",\"@id\":\"https:\/\/www.abf.eu\/curno\/ifts-its-move-academy\/#primaryimage\",\"url\":\"https:\/\/www.abf.eu\/curno\/wp-content\/uploads\/sites\/5\/2024\/12\/ifts.png\",\"contentUrl\":\"https:\/\/www.abf.eu\/curno\/wp-content\/uploads\/sites\/5\/2024\/12\/ifts.png\",\"width\":1000,\"height\":666},{\"@type\":\"BreadcrumbList\",\"@id\":\"https:\/\/www.abf.eu\/curno\/ifts-its-move-academy\/#breadcrumb\",\"itemListElement\":[{\"@type\":\"ListItem\",\"position\":1,\"name\":\"Home\",\"item\":\"https:\/\/www.abf.eu\/curno\/\"},{\"@type\":\"ListItem\",\"position\":2,\"name\":\"IFTS &#8220;Tecnico Meccatronico dei Veicoli Ibridi ed Elettrici&#8221;\"}]},{\"@type\":\"WebSite\",\"@id\":\"https:\/\/www.abf.eu\/curno\/#website\",\"url\":\"https:\/\/www.abf.eu\/curno\/\",\"name\":\"Curno\",\"description\":\"Ecco un altro sito Abf siti\",\"potentialAction\":[{\"@type\":\"SearchAction\",\"target\":{\"@type\":\"EntryPoint\",\"urlTemplate\":\"https:\/\/www.abf.eu\/curno\/?s={search_term_string}\"},\"query-input\":{\"@type\":\"PropertyValueSpecification\",\"valueRequired\":true,\"valueName\":\"search_term_string\"}}],\"inLanguage\":\"it-IT\"},{\"@type\":\"Person\",\"@id\":\"https:\/\/www.abf.eu\/curno\/#\/schema\/person\/8a78d772811de95e251d66b4d5491f76\",\"name\":\"danilocaccia\",\"image\":{\"@type\":\"ImageObject\",\"inLanguage\":\"it-IT\",\"@id\":\"https:\/\/www.abf.eu\/curno\/#\/schema\/person\/image\/\",\"url\":\"https:\/\/secure.gravatar.com\/avatar\/d87f496e2092d70f0bc729633c0c70a56c54c4f8ce3eefdacc36b91c04c2e1c0?s=96&d=mm&r=g\",\"contentUrl\":\"https:\/\/secure.gravatar.com\/avatar\/d87f496e2092d70f0bc729633c0c70a56c54c4f8ce3eefdacc36b91c04c2e1c0?s=96&d=mm&r=g\",\"caption\":\"danilocaccia\"},\"sameAs\":[\"https:\/\/www.linkedin.com\/in\/danilocaccia\/\"],\"url\":\"https:\/\/www.abf.eu\/curno\/author\/danilocaccia\/\"}]}<\/script>\n<!-- \/ Yoast SEO plugin. -->","yoast_head_json":{"title":"IFTS \"Tecnico Meccatronico dei Veicoli Ibridi ed Elettrici\" - Curno","description":"Al via il percorso IFTS per Tecnico Meccatronico dei Veicoli Ibridi ed Elettrici di ABF in collaborazione con ITS Move Academy","robots":{"index":"index","follow":"follow","max-snippet":"max-snippet:-1","max-image-preview":"max-image-preview:large","max-video-preview":"max-video-preview:-1"},"canonical":"https:\/\/www.abf.eu\/curno\/ifts-its-move-academy\/","og_locale":"it_IT","og_type":"article","og_title":"IFTS \"Tecnico Meccatronico dei Veicoli Ibridi ed Elettrici\" - Curno","og_description":"Al via il percorso IFTS per Tecnico Meccatronico dei Veicoli Ibridi ed Elettrici di ABF in collaborazione con ITS Move Academy","og_url":"https:\/\/www.abf.eu\/curno\/ifts-its-move-academy\/","og_site_name":"Curno","article_published_time":"2025-07-31T11:31:37+00:00","article_modified_time":"2025-08-04T06:53:06+00:00","og_image":[{"width":1000,"height":666,"url":"https:\/\/www.abf.eu\/curno\/wp-content\/uploads\/sites\/5\/2024\/12\/ifts.png","type":"image\/png"}],"author":"danilocaccia","twitter_card":"summary_large_image","twitter_misc":{"Scritto da":"danilocaccia","Tempo di lettura stimato":"4 minuti"},"schema":{"@context":"https:\/\/schema.org","@graph":[{"@type":"WebPage","@id":"https:\/\/www.abf.eu\/curno\/ifts-its-move-academy\/","url":"https:\/\/www.abf.eu\/curno\/ifts-its-move-academy\/","name":"IFTS \"Tecnico Meccatronico dei Veicoli Ibridi ed Elettrici\" - Curno","isPartOf":{"@id":"https:\/\/www.abf.eu\/curno\/#website"},"primaryImageOfPage":{"@id":"https:\/\/www.abf.eu\/curno\/ifts-its-move-academy\/#primaryimage"},"image":{"@id":"https:\/\/www.abf.eu\/curno\/ifts-its-move-academy\/#primaryimage"},"thumbnailUrl":"https:\/\/www.abf.eu\/curno\/wp-content\/uploads\/sites\/5\/2024\/12\/ifts.png","datePublished":"2025-07-31T11:31:37+00:00","dateModified":"2025-08-04T06:53:06+00:00","author":{"@id":"https:\/\/www.abf.eu\/curno\/#\/schema\/person\/8a78d772811de95e251d66b4d5491f76"},"description":"Al via il percorso IFTS per Tecnico Meccatronico dei Veicoli Ibridi ed Elettrici di ABF in collaborazione con ITS Move Academy","breadcrumb":{"@id":"https:\/\/www.abf.eu\/curno\/ifts-its-move-academy\/#breadcrumb"},"inLanguage":"it-IT","potentialAction":[{"@type":"ReadAction","target":["https:\/\/www.abf.eu\/curno\/ifts-its-move-academy\/"]}]},{"@type":"ImageObject","inLanguage":"it-IT","@id":"https:\/\/www.abf.eu\/curno\/ifts-its-move-academy\/#primaryimage","url":"https:\/\/www.abf.eu\/curno\/wp-content\/uploads\/sites\/5\/2024\/12\/ifts.png","contentUrl":"https:\/\/www.abf.eu\/curno\/wp-content\/uploads\/sites\/5\/2024\/12\/ifts.png","width":1000,"height":666},{"@type":"BreadcrumbList","@id":"https:\/\/www.abf.eu\/curno\/ifts-its-move-academy\/#breadcrumb","itemListElement":[{"@type":"ListItem","position":1,"name":"Home","item":"https:\/\/www.abf.eu\/curno\/"},{"@type":"ListItem","position":2,"name":"IFTS &#8220;Tecnico Meccatronico dei Veicoli Ibridi ed Elettrici&#8221;"}]},{"@type":"WebSite","@id":"https:\/\/www.abf.eu\/curno\/#website","url":"https:\/\/www.abf.eu\/curno\/","name":"Curno","description":"Ecco un altro sito Abf siti","potentialAction":[{"@type":"SearchAction","target":{"@type":"EntryPoint","urlTemplate":"https:\/\/www.abf.eu\/curno\/?s={search_term_string}"},"query-input":{"@type":"PropertyValueSpecification","valueRequired":true,"valueName":"search_term_string"}}],"inLanguage":"it-IT"},{"@type":"Person","@id":"https:\/\/www.abf.eu\/curno\/#\/schema\/person\/8a78d772811de95e251d66b4d5491f76","name":"danilocaccia","image":{"@type":"ImageObject","inLanguage":"it-IT","@id":"https:\/\/www.abf.eu\/curno\/#\/schema\/person\/image\/","url":"https:\/\/secure.gravatar.com\/avatar\/d87f496e2092d70f0bc729633c0c70a56c54c4f8ce3eefdacc36b91c04c2e1c0?s=96&d=mm&r=g","contentUrl":"https:\/\/secure.gravatar.com\/avatar\/d87f496e2092d70f0bc729633c0c70a56c54c4f8ce3eefdacc36b91c04c2e1c0?s=96&d=mm&r=g","caption":"danilocaccia"},"sameAs":["https:\/\/www.linkedin.com\/in\/danilocaccia\/"],"url":"https:\/\/www.abf.eu\/curno\/author\/danilocaccia\/"}]}},"_links":{"self":[{"href":"https:\/\/www.abf.eu\/curno\/wp-json\/wp\/v2\/posts\/17680","targetHints":{"allow":["GET"]}}],"collection":[{"href":"https:\/\/www.abf.eu\/curno\/wp-json\/wp\/v2\/posts"}],"about":[{"href":"https:\/\/www.abf.eu\/curno\/wp-json\/wp\/v2\/types\/post"}],"author":[{"embeddable":true,"href":"https:\/\/www.abf.eu\/curno\/wp-json\/wp\/v2\/users\/31"}],"replies":[{"embeddable":true,"href":"https:\/\/www.abf.eu\/curno\/wp-json\/wp\/v2\/comments?post=17680"}],"version-history":[{"count":14,"href":"https:\/\/www.abf.eu\/curno\/wp-json\/wp\/v2\/posts\/17680\/revisions"}],"predecessor-version":[{"id":18295,"href":"https:\/\/www.abf.eu\/curno\/wp-json\/wp\/v2\/posts\/17680\/revisions\/18295"}],"wp:featuredmedia":[{"embeddable":true,"href":"https:\/\/www.abf.eu\/curno\/wp-json\/wp\/v2\/media\/17705"}],"wp:attachment":[{"href":"https:\/\/www.abf.eu\/curno\/wp-json\/wp\/v2\/media?parent=17680"}],"wp:term":[{"taxonomy":"category","embeddable":true,"href":"https:\/\/www.abf.eu\/curno\/wp-json\/wp\/v2\/categories?post=17680"},{"taxonomy":"post_tag","embeddable":true,"href":"https:\/\/www.abf.eu\/curno\/wp-json\/wp\/v2\/tags?post=17680"}],"curies":[{"name":"wp","href":"https:\/\/api.w.org\/{rel}","templated":true}]}}