{"id":17781,"date":"2025-02-03T11:30:02","date_gmt":"2025-02-03T10:30:02","guid":{"rendered":"https:\/\/www.abf.eu\/curno\/?p=17781"},"modified":"2025-02-03T11:30:02","modified_gmt":"2025-02-03T10:30:02","slug":"toyota-tech-school","status":"publish","type":"post","link":"https:\/\/www.abf.eu\/curno\/toyota-tech-school\/","title":{"rendered":"Toyota Tech School"},"content":{"rendered":"\n<h3 class=\"wp-block-heading\">Un&#8217;auto ibrida per la formazione dei professionisti di domani<\/h3>\n\n\n\n<h5 class=\"wp-block-heading\">Una nuova collaborazione per la formazione in ambito automotive<\/h5>\n\n\n\n<p>Presso il laboratorio di meccanica auto della nostra sede \u00e8 avvenuta la <strong>consegna ufficiale <\/strong>dell&#8217;auto<strong> Toyota Prius<\/strong> da parte della <strong>Concessionaria Sarco<\/strong>, nell\u2019ambito del programma <strong>Toyota Tech School<\/strong>.<\/p>\n\n\n\n<p>L\u2019iniziativa ha l\u2019obiettivo di fornire agli studenti strumenti innovativi per la loro crescita professionale, con un\u2019officina didattica attrezzata, un veicolo ibrido per le esercitazioni e l\u2019accesso alla manualistica tecnica e alla formazione online della Toyota Academy.<\/p>\n\n\n\n<figure class=\"wp-block-image size-full\"><img loading=\"lazy\" decoding=\"async\" width=\"1000\" height=\"666\" src=\"https:\/\/www.abf.eu\/curno\/wp-content\/uploads\/sites\/5\/2025\/02\/2.png\" alt=\"\" class=\"wp-image-17793\" srcset=\"https:\/\/www.abf.eu\/curno\/wp-content\/uploads\/sites\/5\/2025\/02\/2.png 1000w, https:\/\/www.abf.eu\/curno\/wp-content\/uploads\/sites\/5\/2025\/02\/2-300x200.png 300w, https:\/\/www.abf.eu\/curno\/wp-content\/uploads\/sites\/5\/2025\/02\/2-768x511.png 768w, https:\/\/www.abf.eu\/curno\/wp-content\/uploads\/sites\/5\/2025\/02\/2-600x400.png 600w\" sizes=\"auto, (max-width: 1000px) 100vw, 1000px\" \/><\/figure>\n\n\n\n<h5 class=\"wp-block-heading\">Toyota Tech School: un ponte tra scuola e mondo del lavoro<\/h5>\n\n\n\n<p>Il progetto <strong>Toyota Tech School<\/strong> \u00e8 un programma formativo pensato per avvicinare gli allievi al mondo <strong>delle nuove tecnologie<\/strong> del settore. Grazie a questa iniziativa, le scuole professionali possono dotarsi di strumentazioni moderne e veicoli ibridi per la pratica e gli studenti hanno accesso a materiali didattici esclusivi, percorsi di formazione online e aggiornamenti continui sul settore.<\/p>\n\n\n\n<p>Un aspetto fondamentale di questo programma \u00e8 il <strong>coinvolgimento diretto delle aziende del settore<\/strong>, come la Concessionaria Sarco, che supportano attivamente la formazione degli studenti e favoriscono il loro inserimento nel mondo del lavoro. La preparazione acquisita attraverso la <strong>Toyota Academy<\/strong>, che include corsi di aggiornamento per i docenti, consente di garantire una formazione di alto livello e allineata alle richieste del mercato automotive.<\/p>\n\n\n\n<figure class=\"wp-block-image size-full\"><img loading=\"lazy\" decoding=\"async\" width=\"1000\" height=\"666\" src=\"https:\/\/www.abf.eu\/curno\/wp-content\/uploads\/sites\/5\/2025\/02\/7.png\" alt=\"\" class=\"wp-image-17798\" srcset=\"https:\/\/www.abf.eu\/curno\/wp-content\/uploads\/sites\/5\/2025\/02\/7.png 1000w, https:\/\/www.abf.eu\/curno\/wp-content\/uploads\/sites\/5\/2025\/02\/7-300x200.png 300w, https:\/\/www.abf.eu\/curno\/wp-content\/uploads\/sites\/5\/2025\/02\/7-768x511.png 768w, https:\/\/www.abf.eu\/curno\/wp-content\/uploads\/sites\/5\/2025\/02\/7-600x400.png 600w\" sizes=\"auto, (max-width: 1000px) 100vw, 1000px\" \/><\/figure>\n\n\n\n<h5 class=\"wp-block-heading\">La consegna delle chiavi<\/h5>\n\n\n\n<p>All&#8217;evento di consegna delle chiavi erano presenti gli studenti della <strong>classe 3^ motoristi<\/strong>, insieme alla <strong>responsabile di sede Barbara Rebucini<\/strong> e al <strong>docente di laboratorio meccanico Luca Mussetti<\/strong>. Per la Concessionaria Sarco hanno partecipato <strong>Marianna Di Palma<\/strong>, responsabile delle risorse umane, e <strong>Alessandro Emanuele Bosco<\/strong>, responsabile post-vendita, che ha consegnato le chiavi della vettura alla scuola.<\/p>\n\n\n\n<figure class=\"wp-block-image size-full\"><img loading=\"lazy\" decoding=\"async\" width=\"1000\" height=\"666\" src=\"https:\/\/www.abf.eu\/curno\/wp-content\/uploads\/sites\/5\/2025\/02\/4.png\" alt=\"\" class=\"wp-image-17795\" srcset=\"https:\/\/www.abf.eu\/curno\/wp-content\/uploads\/sites\/5\/2025\/02\/4.png 1000w, https:\/\/www.abf.eu\/curno\/wp-content\/uploads\/sites\/5\/2025\/02\/4-300x200.png 300w, https:\/\/www.abf.eu\/curno\/wp-content\/uploads\/sites\/5\/2025\/02\/4-768x511.png 768w, https:\/\/www.abf.eu\/curno\/wp-content\/uploads\/sites\/5\/2025\/02\/4-600x400.png 600w\" sizes=\"auto, (max-width: 1000px) 100vw, 1000px\" \/><\/figure>\n\n\n\n<p>Un tassello importante di questo progetto \u00e8 stata anche la formazione dei docenti di <strong>ABF Curno e Trescore<\/strong> che hanno partecipato a un corso di formazione presso la Toyota Academy di Roma, portando in aula le competenze pi\u00f9 aggiornate nel settore delle motorizzazioni ibride.<\/p>\n\n\n\n<h5 class=\"wp-block-heading\">Un investimento sulle competenze<\/h5>\n\n\n\n<p>Grazie a questa partnership, gli studenti avranno la possibilit\u00e0 di lavorare direttamente con tecnologie di ultima generazione e prepararsi in modo ancora pi\u00f9 concreto al mondo del lavoro. La collaborazione tra aziende e scuole \u00e8 la chiave per formare tecnici qualificati, pronti a entrare in un mercato in continua evoluzione.<\/p>\n","protected":false},"excerpt":{"rendered":"<p>Un&#8217;auto ibrida per la formazione dei professionisti di domani Una<\/p>\n","protected":false},"author":61,"featured_media":17794,"comment_status":"closed","ping_status":"open","sticky":false,"template":"","format":"standard","meta":{"footnotes":""},"categories":[1],"tags":[],"class_list":["post-17781","post","type-post","status-publish","format-standard","has-post-thumbnail","hentry","category-senza-categoria"],"yoast_head":"<!-- This site is optimized with the Yoast SEO plugin v25.8 - https:\/\/yoast.com\/wordpress\/plugins\/seo\/ -->\n<title>Toyota Tech School - Curno<\/title>\n<meta name=\"description\" content=\"\u00c8 avvenuta la consegna ufficiale dell&#039;auto Toyota Prius da parte della Concessionaria Sarco, nell\u2019ambito del programma Toyota Tech School.\" \/>\n<meta name=\"robots\" content=\"index, follow, max-snippet:-1, max-image-preview:large, max-video-preview:-1\" \/>\n<link rel=\"canonical\" href=\"https:\/\/www.abf.eu\/curno\/toyota-tech-school\/\" \/>\n<meta property=\"og:locale\" content=\"it_IT\" \/>\n<meta property=\"og:type\" content=\"article\" \/>\n<meta property=\"og:title\" content=\"Toyota Tech School - Curno\" \/>\n<meta property=\"og:description\" content=\"\u00c8 avvenuta la consegna ufficiale dell&#039;auto Toyota Prius da parte della Concessionaria Sarco, nell\u2019ambito del programma Toyota Tech School.\" \/>\n<meta property=\"og:url\" content=\"https:\/\/www.abf.eu\/curno\/toyota-tech-school\/\" \/>\n<meta property=\"og:site_name\" content=\"Curno\" \/>\n<meta property=\"article:published_time\" content=\"2025-02-03T10:30:02+00:00\" \/>\n<meta property=\"og:image\" content=\"https:\/\/www.abf.eu\/curno\/wp-content\/uploads\/sites\/5\/2025\/02\/3.png\" \/>\n\t<meta property=\"og:image:width\" content=\"1000\" \/>\n\t<meta property=\"og:image:height\" content=\"666\" \/>\n\t<meta property=\"og:image:type\" content=\"image\/png\" \/>\n<meta name=\"author\" content=\"giadabrembilla\" \/>\n<meta name=\"twitter:card\" content=\"summary_large_image\" \/>\n<meta name=\"twitter:label1\" content=\"Scritto da\" \/>\n\t<meta name=\"twitter:data1\" content=\"giadabrembilla\" \/>\n\t<meta name=\"twitter:label2\" content=\"Tempo di lettura stimato\" \/>\n\t<meta name=\"twitter:data2\" content=\"3 minuti\" \/>\n<script type=\"application\/ld+json\" class=\"yoast-schema-graph\">{\"@context\":\"https:\/\/schema.org\",\"@graph\":[{\"@type\":\"WebPage\",\"@id\":\"https:\/\/www.abf.eu\/curno\/toyota-tech-school\/\",\"url\":\"https:\/\/www.abf.eu\/curno\/toyota-tech-school\/\",\"name\":\"Toyota Tech School - Curno\",\"isPartOf\":{\"@id\":\"https:\/\/www.abf.eu\/curno\/#website\"},\"primaryImageOfPage\":{\"@id\":\"https:\/\/www.abf.eu\/curno\/toyota-tech-school\/#primaryimage\"},\"image\":{\"@id\":\"https:\/\/www.abf.eu\/curno\/toyota-tech-school\/#primaryimage\"},\"thumbnailUrl\":\"https:\/\/www.abf.eu\/curno\/wp-content\/uploads\/sites\/5\/2025\/02\/3.png\",\"datePublished\":\"2025-02-03T10:30:02+00:00\",\"author\":{\"@id\":\"https:\/\/www.abf.eu\/curno\/#\/schema\/person\/0daf58404dacb015e5a8d3000f24219b\"},\"description\":\"\u00c8 avvenuta la consegna ufficiale dell'auto Toyota Prius da parte della Concessionaria Sarco, nell\u2019ambito del programma Toyota Tech School.\",\"breadcrumb\":{\"@id\":\"https:\/\/www.abf.eu\/curno\/toyota-tech-school\/#breadcrumb\"},\"inLanguage\":\"it-IT\",\"potentialAction\":[{\"@type\":\"ReadAction\",\"target\":[\"https:\/\/www.abf.eu\/curno\/toyota-tech-school\/\"]}]},{\"@type\":\"ImageObject\",\"inLanguage\":\"it-IT\",\"@id\":\"https:\/\/www.abf.eu\/curno\/toyota-tech-school\/#primaryimage\",\"url\":\"https:\/\/www.abf.eu\/curno\/wp-content\/uploads\/sites\/5\/2025\/02\/3.png\",\"contentUrl\":\"https:\/\/www.abf.eu\/curno\/wp-content\/uploads\/sites\/5\/2025\/02\/3.png\",\"width\":1000,\"height\":666},{\"@type\":\"BreadcrumbList\",\"@id\":\"https:\/\/www.abf.eu\/curno\/toyota-tech-school\/#breadcrumb\",\"itemListElement\":[{\"@type\":\"ListItem\",\"position\":1,\"name\":\"Home\",\"item\":\"https:\/\/www.abf.eu\/curno\/\"},{\"@type\":\"ListItem\",\"position\":2,\"name\":\"Toyota Tech School\"}]},{\"@type\":\"WebSite\",\"@id\":\"https:\/\/www.abf.eu\/curno\/#website\",\"url\":\"https:\/\/www.abf.eu\/curno\/\",\"name\":\"Curno\",\"description\":\"Ecco un altro sito Abf siti\",\"potentialAction\":[{\"@type\":\"SearchAction\",\"target\":{\"@type\":\"EntryPoint\",\"urlTemplate\":\"https:\/\/www.abf.eu\/curno\/?s={search_term_string}\"},\"query-input\":{\"@type\":\"PropertyValueSpecification\",\"valueRequired\":true,\"valueName\":\"search_term_string\"}}],\"inLanguage\":\"it-IT\"},{\"@type\":\"Person\",\"@id\":\"https:\/\/www.abf.eu\/curno\/#\/schema\/person\/0daf58404dacb015e5a8d3000f24219b\",\"name\":\"giadabrembilla\",\"image\":{\"@type\":\"ImageObject\",\"inLanguage\":\"it-IT\",\"@id\":\"https:\/\/www.abf.eu\/curno\/#\/schema\/person\/image\/\",\"url\":\"https:\/\/secure.gravatar.com\/avatar\/11deae43922794eea4da2521866db72e0b94af2824c985037486ebe200326260?s=96&d=mm&r=g\",\"contentUrl\":\"https:\/\/secure.gravatar.com\/avatar\/11deae43922794eea4da2521866db72e0b94af2824c985037486ebe200326260?s=96&d=mm&r=g\",\"caption\":\"giadabrembilla\"},\"url\":\"https:\/\/www.abf.eu\/curno\/author\/giadabrembilla\/\"}]}<\/script>\n<!-- \/ Yoast SEO plugin. -->","yoast_head_json":{"title":"Toyota Tech School - Curno","description":"\u00c8 avvenuta la consegna ufficiale dell'auto Toyota Prius da parte della Concessionaria Sarco, nell\u2019ambito del programma Toyota Tech School.","robots":{"index":"index","follow":"follow","max-snippet":"max-snippet:-1","max-image-preview":"max-image-preview:large","max-video-preview":"max-video-preview:-1"},"canonical":"https:\/\/www.abf.eu\/curno\/toyota-tech-school\/","og_locale":"it_IT","og_type":"article","og_title":"Toyota Tech School - Curno","og_description":"\u00c8 avvenuta la consegna ufficiale dell'auto Toyota Prius da parte della Concessionaria Sarco, nell\u2019ambito del programma Toyota Tech School.","og_url":"https:\/\/www.abf.eu\/curno\/toyota-tech-school\/","og_site_name":"Curno","article_published_time":"2025-02-03T10:30:02+00:00","og_image":[{"width":1000,"height":666,"url":"https:\/\/www.abf.eu\/curno\/wp-content\/uploads\/sites\/5\/2025\/02\/3.png","type":"image\/png"}],"author":"giadabrembilla","twitter_card":"summary_large_image","twitter_misc":{"Scritto da":"giadabrembilla","Tempo di lettura stimato":"3 minuti"},"schema":{"@context":"https:\/\/schema.org","@graph":[{"@type":"WebPage","@id":"https:\/\/www.abf.eu\/curno\/toyota-tech-school\/","url":"https:\/\/www.abf.eu\/curno\/toyota-tech-school\/","name":"Toyota Tech School - Curno","isPartOf":{"@id":"https:\/\/www.abf.eu\/curno\/#website"},"primaryImageOfPage":{"@id":"https:\/\/www.abf.eu\/curno\/toyota-tech-school\/#primaryimage"},"image":{"@id":"https:\/\/www.abf.eu\/curno\/toyota-tech-school\/#primaryimage"},"thumbnailUrl":"https:\/\/www.abf.eu\/curno\/wp-content\/uploads\/sites\/5\/2025\/02\/3.png","datePublished":"2025-02-03T10:30:02+00:00","author":{"@id":"https:\/\/www.abf.eu\/curno\/#\/schema\/person\/0daf58404dacb015e5a8d3000f24219b"},"description":"\u00c8 avvenuta la consegna ufficiale dell'auto Toyota Prius da parte della Concessionaria Sarco, nell\u2019ambito del programma Toyota Tech School.","breadcrumb":{"@id":"https:\/\/www.abf.eu\/curno\/toyota-tech-school\/#breadcrumb"},"inLanguage":"it-IT","potentialAction":[{"@type":"ReadAction","target":["https:\/\/www.abf.eu\/curno\/toyota-tech-school\/"]}]},{"@type":"ImageObject","inLanguage":"it-IT","@id":"https:\/\/www.abf.eu\/curno\/toyota-tech-school\/#primaryimage","url":"https:\/\/www.abf.eu\/curno\/wp-content\/uploads\/sites\/5\/2025\/02\/3.png","contentUrl":"https:\/\/www.abf.eu\/curno\/wp-content\/uploads\/sites\/5\/2025\/02\/3.png","width":1000,"height":666},{"@type":"BreadcrumbList","@id":"https:\/\/www.abf.eu\/curno\/toyota-tech-school\/#breadcrumb","itemListElement":[{"@type":"ListItem","position":1,"name":"Home","item":"https:\/\/www.abf.eu\/curno\/"},{"@type":"ListItem","position":2,"name":"Toyota Tech School"}]},{"@type":"WebSite","@id":"https:\/\/www.abf.eu\/curno\/#website","url":"https:\/\/www.abf.eu\/curno\/","name":"Curno","description":"Ecco un altro sito Abf siti","potentialAction":[{"@type":"SearchAction","target":{"@type":"EntryPoint","urlTemplate":"https:\/\/www.abf.eu\/curno\/?s={search_term_string}"},"query-input":{"@type":"PropertyValueSpecification","valueRequired":true,"valueName":"search_term_string"}}],"inLanguage":"it-IT"},{"@type":"Person","@id":"https:\/\/www.abf.eu\/curno\/#\/schema\/person\/0daf58404dacb015e5a8d3000f24219b","name":"giadabrembilla","image":{"@type":"ImageObject","inLanguage":"it-IT","@id":"https:\/\/www.abf.eu\/curno\/#\/schema\/person\/image\/","url":"https:\/\/secure.gravatar.com\/avatar\/11deae43922794eea4da2521866db72e0b94af2824c985037486ebe200326260?s=96&d=mm&r=g","contentUrl":"https:\/\/secure.gravatar.com\/avatar\/11deae43922794eea4da2521866db72e0b94af2824c985037486ebe200326260?s=96&d=mm&r=g","caption":"giadabrembilla"},"url":"https:\/\/www.abf.eu\/curno\/author\/giadabrembilla\/"}]}},"_links":{"self":[{"href":"https:\/\/www.abf.eu\/curno\/wp-json\/wp\/v2\/posts\/17781","targetHints":{"allow":["GET"]}}],"collection":[{"href":"https:\/\/www.abf.eu\/curno\/wp-json\/wp\/v2\/posts"}],"about":[{"href":"https:\/\/www.abf.eu\/curno\/wp-json\/wp\/v2\/types\/post"}],"author":[{"embeddable":true,"href":"https:\/\/www.abf.eu\/curno\/wp-json\/wp\/v2\/users\/61"}],"replies":[{"embeddable":true,"href":"https:\/\/www.abf.eu\/curno\/wp-json\/wp\/v2\/comments?post=17781"}],"version-history":[{"count":23,"href":"https:\/\/www.abf.eu\/curno\/wp-json\/wp\/v2\/posts\/17781\/revisions"}],"predecessor-version":[{"id":17812,"href":"https:\/\/www.abf.eu\/curno\/wp-json\/wp\/v2\/posts\/17781\/revisions\/17812"}],"wp:featuredmedia":[{"embeddable":true,"href":"https:\/\/www.abf.eu\/curno\/wp-json\/wp\/v2\/media\/17794"}],"wp:attachment":[{"href":"https:\/\/www.abf.eu\/curno\/wp-json\/wp\/v2\/media?parent=17781"}],"wp:term":[{"taxonomy":"category","embeddable":true,"href":"https:\/\/www.abf.eu\/curno\/wp-json\/wp\/v2\/categories?post=17781"},{"taxonomy":"post_tag","embeddable":true,"href":"https:\/\/www.abf.eu\/curno\/wp-json\/wp\/v2\/tags?post=17781"}],"curies":[{"name":"wp","href":"https:\/\/api.w.org\/{rel}","templated":true}]}}