{"id":17896,"date":"2025-03-24T12:47:29","date_gmt":"2025-03-24T11:47:29","guid":{"rendered":"https:\/\/www.abf.eu\/curno\/?p=17896"},"modified":"2025-03-24T12:47:29","modified_gmt":"2025-03-24T11:47:29","slug":"dietro-le-quinte-di-una-lezione-ifts","status":"publish","type":"post","link":"https:\/\/www.abf.eu\/curno\/dietro-le-quinte-di-una-lezione-ifts\/","title":{"rendered":"Dietro le quinte di una lezione IFTS"},"content":{"rendered":"\n<h3 class=\"wp-block-heading\">Tutte le fasi di una lezione del nuovo percorso IFTS in collaborazione con ITS Move Academy<\/h3>\n\n\n\n<h5 class=\"wp-block-heading\">Impianto di climatizzazione dell&#8217;auto<\/h5>\n\n\n\n<p>Il<strong> professor Gianbattista Belotti<\/strong> ha guidato gli allievi del percorso IFTS in un\u2019approfondita<strong> lezione teorico-pratica<\/strong> dedicata al funzionamento dell\u2019impianto di climatizzazione dei veicoli. <\/p>\n\n\n\n<p>Gli studenti hanno compreso nel dettaglio i principi di funzionamento del sistema, analizzando le sue componenti principali e le dinamiche di regolazione della temperatura all&#8217;interno dell&#8217;abitacolo.<\/p>\n\n\n\n<h5 class=\"wp-block-heading\">Primo passo: componenti e pressione<\/h5>\n\n\n\n<p>Nella prima parte della lezione, gli allievi si sono concentrati sull\u2019<strong>individuazione e l\u2019analisi dettagliata di tutte le componenti<\/strong> che costituiscono l\u2019impianto di climatizzazione di un veicolo. Il professore ha illustrato il ruolo di ogni singolo elemento, spiegandone il funzionamento, le caratteristiche tecniche e l\u2019importanza all\u2019interno del sistema.<\/p>\n\n\n\n<p>Dopo aver acquisito una solida base teorica, la lezione \u00e8 proseguita con una <strong>fase pratica<\/strong>, in cui gli allievi hanno avuto modo di applicare le conoscenze apprese. Utilizzando un <strong>manometro<\/strong>, strumento per la misura della pressione, hanno verificato il corretto funzionamento del sistema di climatizzazione.<\/p>\n\n\n\n<figure class=\"wp-block-image size-full\"><img loading=\"lazy\" decoding=\"async\" width=\"1000\" height=\"666\" src=\"https:\/\/www.abf.eu\/curno\/wp-content\/uploads\/sites\/5\/2025\/03\/Progetto-senza-titolo-6-1.png\" alt=\"\" class=\"wp-image-17904\" srcset=\"https:\/\/www.abf.eu\/curno\/wp-content\/uploads\/sites\/5\/2025\/03\/Progetto-senza-titolo-6-1.png 1000w, https:\/\/www.abf.eu\/curno\/wp-content\/uploads\/sites\/5\/2025\/03\/Progetto-senza-titolo-6-1-300x200.png 300w, https:\/\/www.abf.eu\/curno\/wp-content\/uploads\/sites\/5\/2025\/03\/Progetto-senza-titolo-6-1-768x511.png 768w, https:\/\/www.abf.eu\/curno\/wp-content\/uploads\/sites\/5\/2025\/03\/Progetto-senza-titolo-6-1-600x400.png 600w\" sizes=\"auto, (max-width: 1000px) 100vw, 1000px\" \/><\/figure>\n\n\n\n<h5 class=\"wp-block-heading\">Impianto tradizionale vs impianto allagato<\/h5>\n\n\n\n<p>La lezione \u00e8 proseguita con l\u2019<strong>analisi delle differenze<\/strong> tra un <strong>impianto di climatizzazione tradizionale<\/strong> e un <strong>impianto allagato<\/strong>, noto anche come circuito a valvola di espansione. La principale distinzione tra i due sistemi riguarda la posizione dell\u2019<strong>accumulatore<\/strong>, che nell\u2019impianto allagato \u00e8 stato spostato nel lato di bassa pressione.<\/p>\n\n\n\n<p>\u00c8 importante sottolineare che, a seguito delle disposizioni della <strong>Normativa Anti Inquinamento<\/strong>, l\u2019impianto allagato \u00e8 stato eliminato dai veicoli omologati Euro 5 e successivi. Questo perch\u00e9 utilizza una quantit\u00e0 di <strong>gas refrigerante superiore<\/strong> rispetto all\u2019impianto tradizionale, contribuendo cos\u00ec a un maggiore impatto ambientale e influenzando negativamente le emissioni del motore.<\/p>\n\n\n\n<h5 class=\"wp-block-heading\">Sensori di temperatura<\/h5>\n\n\n\n<p>Durante il corso sono state analizzate anche le <strong>possibili cause<\/strong> per cui i <strong>sensori di temperatura dell\u2019evaporatore<\/strong> possono rilevare valori diversi da quelli attesi. <\/p>\n\n\n\n<p>Tra i problemi pi\u00f9 comuni si possono riscontrare: un livello insufficiente di gas refrigerante, il malfunzionamento della valvola di espansione o un errato posizionamento del sensore. Quest&#8217;ultima situazione pu\u00f2 verificarsi, ad esempio, durante la sostituzione del filtro, quando uno spostamento involontario pu\u00f2 far s\u00ec che il sensore si allontani dall\u2019evaporatore, compromettendo cos\u00ec la precisione della misurazione.<\/p>\n\n\n\n<figure class=\"wp-block-image size-full\"><img loading=\"lazy\" decoding=\"async\" width=\"1000\" height=\"666\" src=\"https:\/\/www.abf.eu\/curno\/wp-content\/uploads\/sites\/5\/2025\/03\/Progetto-senza-titolo-5.png\" alt=\"\" class=\"wp-image-17900\" srcset=\"https:\/\/www.abf.eu\/curno\/wp-content\/uploads\/sites\/5\/2025\/03\/Progetto-senza-titolo-5.png 1000w, https:\/\/www.abf.eu\/curno\/wp-content\/uploads\/sites\/5\/2025\/03\/Progetto-senza-titolo-5-300x200.png 300w, https:\/\/www.abf.eu\/curno\/wp-content\/uploads\/sites\/5\/2025\/03\/Progetto-senza-titolo-5-768x511.png 768w, https:\/\/www.abf.eu\/curno\/wp-content\/uploads\/sites\/5\/2025\/03\/Progetto-senza-titolo-5-600x400.png 600w\" sizes=\"auto, (max-width: 1000px) 100vw, 1000px\" \/><\/figure>\n\n\n\n<h5 class=\"wp-block-heading\">Ultimo passo: metodi di lettura della temperatura<\/h5>\n\n\n\n<p>L&#8217;ultimo argomento trattato ha riguardato un <strong>metodo di lettura della temperatura<\/strong> utile nel caso in cui l\u2019impianto di climatizzazione presenti malfunzionamenti.<\/p>\n\n\n\n<p>Per effettuare questa analisi, si utilizza una <strong>sonda termica<\/strong>, con la quale viene sviluppata una <strong>tabella di misurazione<\/strong> delle temperature. Affinch\u00e9 i dati rilevati siano affidabili, \u00e8 necessario che l\u2019impianto sia stato acceso per almeno 20 minuti, permettendo cos\u00ec al gas refrigerante di raggiungere una temperatura uniforme all&#8217;interno del sistema.<\/p>\n\n\n\n<p><\/p>\n","protected":false},"excerpt":{"rendered":"<p>Tutte le fasi di una lezione del nuovo percorso IFTS<\/p>\n","protected":false},"author":52,"featured_media":17901,"comment_status":"closed","ping_status":"open","sticky":false,"template":"","format":"standard","meta":{"footnotes":""},"categories":[1],"tags":[],"class_list":["post-17896","post","type-post","status-publish","format-standard","has-post-thumbnail","hentry","category-senza-categoria"],"yoast_head":"<!-- This site is optimized with the Yoast SEO plugin v25.8 - https:\/\/yoast.com\/wordpress\/plugins\/seo\/ -->\n<title>Dietro le quinte di una lezione IFTS - Curno<\/title>\n<meta name=\"robots\" content=\"index, follow, max-snippet:-1, max-image-preview:large, max-video-preview:-1\" \/>\n<link rel=\"canonical\" href=\"https:\/\/www.abf.eu\/curno\/dietro-le-quinte-di-una-lezione-ifts\/\" \/>\n<meta property=\"og:locale\" content=\"it_IT\" \/>\n<meta property=\"og:type\" content=\"article\" \/>\n<meta property=\"og:title\" content=\"Dietro le quinte di una lezione IFTS - Curno\" \/>\n<meta property=\"og:description\" content=\"Tutte le fasi di una lezione del nuovo percorso IFTS\" \/>\n<meta property=\"og:url\" content=\"https:\/\/www.abf.eu\/curno\/dietro-le-quinte-di-una-lezione-ifts\/\" \/>\n<meta property=\"og:site_name\" content=\"Curno\" \/>\n<meta property=\"article:published_time\" content=\"2025-03-24T11:47:29+00:00\" \/>\n<meta property=\"og:image\" content=\"https:\/\/www.abf.eu\/curno\/wp-content\/uploads\/sites\/5\/2025\/03\/Progetto-senza-titolo-7.png\" \/>\n\t<meta property=\"og:image:width\" content=\"1000\" \/>\n\t<meta property=\"og:image:height\" content=\"666\" \/>\n\t<meta property=\"og:image:type\" content=\"image\/png\" \/>\n<meta name=\"author\" content=\"abfeditorcurno\" \/>\n<meta name=\"twitter:card\" content=\"summary_large_image\" \/>\n<meta name=\"twitter:label1\" content=\"Scritto da\" \/>\n\t<meta name=\"twitter:data1\" content=\"abfeditorcurno\" \/>\n\t<meta name=\"twitter:label2\" content=\"Tempo di lettura stimato\" \/>\n\t<meta name=\"twitter:data2\" content=\"3 minuti\" \/>\n<script type=\"application\/ld+json\" class=\"yoast-schema-graph\">{\"@context\":\"https:\/\/schema.org\",\"@graph\":[{\"@type\":\"WebPage\",\"@id\":\"https:\/\/www.abf.eu\/curno\/dietro-le-quinte-di-una-lezione-ifts\/\",\"url\":\"https:\/\/www.abf.eu\/curno\/dietro-le-quinte-di-una-lezione-ifts\/\",\"name\":\"Dietro le quinte di una lezione IFTS - Curno\",\"isPartOf\":{\"@id\":\"https:\/\/www.abf.eu\/curno\/#website\"},\"primaryImageOfPage\":{\"@id\":\"https:\/\/www.abf.eu\/curno\/dietro-le-quinte-di-una-lezione-ifts\/#primaryimage\"},\"image\":{\"@id\":\"https:\/\/www.abf.eu\/curno\/dietro-le-quinte-di-una-lezione-ifts\/#primaryimage\"},\"thumbnailUrl\":\"https:\/\/www.abf.eu\/curno\/wp-content\/uploads\/sites\/5\/2025\/03\/Progetto-senza-titolo-7.png\",\"datePublished\":\"2025-03-24T11:47:29+00:00\",\"author\":{\"@id\":\"https:\/\/www.abf.eu\/curno\/#\/schema\/person\/d83df5bb64ca34eb55803f4ef20b849e\"},\"breadcrumb\":{\"@id\":\"https:\/\/www.abf.eu\/curno\/dietro-le-quinte-di-una-lezione-ifts\/#breadcrumb\"},\"inLanguage\":\"it-IT\",\"potentialAction\":[{\"@type\":\"ReadAction\",\"target\":[\"https:\/\/www.abf.eu\/curno\/dietro-le-quinte-di-una-lezione-ifts\/\"]}]},{\"@type\":\"ImageObject\",\"inLanguage\":\"it-IT\",\"@id\":\"https:\/\/www.abf.eu\/curno\/dietro-le-quinte-di-una-lezione-ifts\/#primaryimage\",\"url\":\"https:\/\/www.abf.eu\/curno\/wp-content\/uploads\/sites\/5\/2025\/03\/Progetto-senza-titolo-7.png\",\"contentUrl\":\"https:\/\/www.abf.eu\/curno\/wp-content\/uploads\/sites\/5\/2025\/03\/Progetto-senza-titolo-7.png\",\"width\":1000,\"height\":666},{\"@type\":\"BreadcrumbList\",\"@id\":\"https:\/\/www.abf.eu\/curno\/dietro-le-quinte-di-una-lezione-ifts\/#breadcrumb\",\"itemListElement\":[{\"@type\":\"ListItem\",\"position\":1,\"name\":\"Home\",\"item\":\"https:\/\/www.abf.eu\/curno\/\"},{\"@type\":\"ListItem\",\"position\":2,\"name\":\"Dietro le quinte di una lezione IFTS\"}]},{\"@type\":\"WebSite\",\"@id\":\"https:\/\/www.abf.eu\/curno\/#website\",\"url\":\"https:\/\/www.abf.eu\/curno\/\",\"name\":\"Curno\",\"description\":\"Ecco un altro sito Abf siti\",\"potentialAction\":[{\"@type\":\"SearchAction\",\"target\":{\"@type\":\"EntryPoint\",\"urlTemplate\":\"https:\/\/www.abf.eu\/curno\/?s={search_term_string}\"},\"query-input\":{\"@type\":\"PropertyValueSpecification\",\"valueRequired\":true,\"valueName\":\"search_term_string\"}}],\"inLanguage\":\"it-IT\"},{\"@type\":\"Person\",\"@id\":\"https:\/\/www.abf.eu\/curno\/#\/schema\/person\/d83df5bb64ca34eb55803f4ef20b849e\",\"name\":\"abfeditorcurno\",\"image\":{\"@type\":\"ImageObject\",\"inLanguage\":\"it-IT\",\"@id\":\"https:\/\/www.abf.eu\/curno\/#\/schema\/person\/image\/\",\"url\":\"https:\/\/secure.gravatar.com\/avatar\/057f1c420b2c84430ad648e1d52d25a446691d3f4155c4d3d9059a9ee20af77f?s=96&d=mm&r=g\",\"contentUrl\":\"https:\/\/secure.gravatar.com\/avatar\/057f1c420b2c84430ad648e1d52d25a446691d3f4155c4d3d9059a9ee20af77f?s=96&d=mm&r=g\",\"caption\":\"abfeditorcurno\"},\"url\":\"https:\/\/www.abf.eu\/curno\/author\/abfeditorcurno\/\"}]}<\/script>\n<!-- \/ Yoast SEO plugin. -->","yoast_head_json":{"title":"Dietro le quinte di una lezione IFTS - Curno","robots":{"index":"index","follow":"follow","max-snippet":"max-snippet:-1","max-image-preview":"max-image-preview:large","max-video-preview":"max-video-preview:-1"},"canonical":"https:\/\/www.abf.eu\/curno\/dietro-le-quinte-di-una-lezione-ifts\/","og_locale":"it_IT","og_type":"article","og_title":"Dietro le quinte di una lezione IFTS - Curno","og_description":"Tutte le fasi di una lezione del nuovo percorso IFTS","og_url":"https:\/\/www.abf.eu\/curno\/dietro-le-quinte-di-una-lezione-ifts\/","og_site_name":"Curno","article_published_time":"2025-03-24T11:47:29+00:00","og_image":[{"width":1000,"height":666,"url":"https:\/\/www.abf.eu\/curno\/wp-content\/uploads\/sites\/5\/2025\/03\/Progetto-senza-titolo-7.png","type":"image\/png"}],"author":"abfeditorcurno","twitter_card":"summary_large_image","twitter_misc":{"Scritto da":"abfeditorcurno","Tempo di lettura stimato":"3 minuti"},"schema":{"@context":"https:\/\/schema.org","@graph":[{"@type":"WebPage","@id":"https:\/\/www.abf.eu\/curno\/dietro-le-quinte-di-una-lezione-ifts\/","url":"https:\/\/www.abf.eu\/curno\/dietro-le-quinte-di-una-lezione-ifts\/","name":"Dietro le quinte di una lezione IFTS - Curno","isPartOf":{"@id":"https:\/\/www.abf.eu\/curno\/#website"},"primaryImageOfPage":{"@id":"https:\/\/www.abf.eu\/curno\/dietro-le-quinte-di-una-lezione-ifts\/#primaryimage"},"image":{"@id":"https:\/\/www.abf.eu\/curno\/dietro-le-quinte-di-una-lezione-ifts\/#primaryimage"},"thumbnailUrl":"https:\/\/www.abf.eu\/curno\/wp-content\/uploads\/sites\/5\/2025\/03\/Progetto-senza-titolo-7.png","datePublished":"2025-03-24T11:47:29+00:00","author":{"@id":"https:\/\/www.abf.eu\/curno\/#\/schema\/person\/d83df5bb64ca34eb55803f4ef20b849e"},"breadcrumb":{"@id":"https:\/\/www.abf.eu\/curno\/dietro-le-quinte-di-una-lezione-ifts\/#breadcrumb"},"inLanguage":"it-IT","potentialAction":[{"@type":"ReadAction","target":["https:\/\/www.abf.eu\/curno\/dietro-le-quinte-di-una-lezione-ifts\/"]}]},{"@type":"ImageObject","inLanguage":"it-IT","@id":"https:\/\/www.abf.eu\/curno\/dietro-le-quinte-di-una-lezione-ifts\/#primaryimage","url":"https:\/\/www.abf.eu\/curno\/wp-content\/uploads\/sites\/5\/2025\/03\/Progetto-senza-titolo-7.png","contentUrl":"https:\/\/www.abf.eu\/curno\/wp-content\/uploads\/sites\/5\/2025\/03\/Progetto-senza-titolo-7.png","width":1000,"height":666},{"@type":"BreadcrumbList","@id":"https:\/\/www.abf.eu\/curno\/dietro-le-quinte-di-una-lezione-ifts\/#breadcrumb","itemListElement":[{"@type":"ListItem","position":1,"name":"Home","item":"https:\/\/www.abf.eu\/curno\/"},{"@type":"ListItem","position":2,"name":"Dietro le quinte di una lezione IFTS"}]},{"@type":"WebSite","@id":"https:\/\/www.abf.eu\/curno\/#website","url":"https:\/\/www.abf.eu\/curno\/","name":"Curno","description":"Ecco un altro sito Abf siti","potentialAction":[{"@type":"SearchAction","target":{"@type":"EntryPoint","urlTemplate":"https:\/\/www.abf.eu\/curno\/?s={search_term_string}"},"query-input":{"@type":"PropertyValueSpecification","valueRequired":true,"valueName":"search_term_string"}}],"inLanguage":"it-IT"},{"@type":"Person","@id":"https:\/\/www.abf.eu\/curno\/#\/schema\/person\/d83df5bb64ca34eb55803f4ef20b849e","name":"abfeditorcurno","image":{"@type":"ImageObject","inLanguage":"it-IT","@id":"https:\/\/www.abf.eu\/curno\/#\/schema\/person\/image\/","url":"https:\/\/secure.gravatar.com\/avatar\/057f1c420b2c84430ad648e1d52d25a446691d3f4155c4d3d9059a9ee20af77f?s=96&d=mm&r=g","contentUrl":"https:\/\/secure.gravatar.com\/avatar\/057f1c420b2c84430ad648e1d52d25a446691d3f4155c4d3d9059a9ee20af77f?s=96&d=mm&r=g","caption":"abfeditorcurno"},"url":"https:\/\/www.abf.eu\/curno\/author\/abfeditorcurno\/"}]}},"_links":{"self":[{"href":"https:\/\/www.abf.eu\/curno\/wp-json\/wp\/v2\/posts\/17896","targetHints":{"allow":["GET"]}}],"collection":[{"href":"https:\/\/www.abf.eu\/curno\/wp-json\/wp\/v2\/posts"}],"about":[{"href":"https:\/\/www.abf.eu\/curno\/wp-json\/wp\/v2\/types\/post"}],"author":[{"embeddable":true,"href":"https:\/\/www.abf.eu\/curno\/wp-json\/wp\/v2\/users\/52"}],"replies":[{"embeddable":true,"href":"https:\/\/www.abf.eu\/curno\/wp-json\/wp\/v2\/comments?post=17896"}],"version-history":[{"count":6,"href":"https:\/\/www.abf.eu\/curno\/wp-json\/wp\/v2\/posts\/17896\/revisions"}],"predecessor-version":[{"id":17916,"href":"https:\/\/www.abf.eu\/curno\/wp-json\/wp\/v2\/posts\/17896\/revisions\/17916"}],"wp:featuredmedia":[{"embeddable":true,"href":"https:\/\/www.abf.eu\/curno\/wp-json\/wp\/v2\/media\/17901"}],"wp:attachment":[{"href":"https:\/\/www.abf.eu\/curno\/wp-json\/wp\/v2\/media?parent=17896"}],"wp:term":[{"taxonomy":"category","embeddable":true,"href":"https:\/\/www.abf.eu\/curno\/wp-json\/wp\/v2\/categories?post=17896"},{"taxonomy":"post_tag","embeddable":true,"href":"https:\/\/www.abf.eu\/curno\/wp-json\/wp\/v2\/tags?post=17896"}],"curies":[{"name":"wp","href":"https:\/\/api.w.org\/{rel}","templated":true}]}}