{"id":14596,"date":"2020-12-15T15:33:22","date_gmt":"2020-12-15T14:33:22","guid":{"rendered":"https:\/\/www.abf.eu\/sangiovanni\/?p=14596"},"modified":"2020-12-15T15:47:49","modified_gmt":"2020-12-15T14:47:49","slug":"cerco-badante-giorno-e-notte","status":"publish","type":"post","link":"https:\/\/www.abf.eu\/sangiovanni\/cerco-badante-giorno-e-notte\/","title":{"rendered":"Cerco badante giorno e notte"},"content":{"rendered":"\n<h2 class=\"wp-block-heading\" id=\"block-ef48ad29-2b74-4efc-9c03-9708840d999a\">Lavoro di assistente familiare <\/h2>\n\n\n\n<p id=\"block-6dd1218c-1680-41f3-b34c-555ed39a536e\">Stiamo cercando una<strong> persona disponibile 24 ore su 24<\/strong> per un lavoro di assistenza domiciliare presso una famiglia situata in Ponteranica. La persona assistita \u00e8 affetta da tempo da una grave forma di demenza e necessita di sorveglianza e assistenza continua. Il candidato deve possedere buone competenze di assistenza, igiene e cura della persona e avere gi\u00e0 maturato esperienza nella gestione di una persona anziana, non autosufficiente e affetta da sindrome di Alzheimer.<\/p>\n\n\n\n<h5 class=\"wp-block-heading\">Requisiti richiesti<\/h5>\n\n\n\n<p>La figura ricercata deve possedere gi\u00e0 esperienze di assistenza familiare e deve sapere approcciarsi ad una persona malata di Alzheimer o avere esperienza con persone che abbiano patologie simili. Inoltre, \u00e8 richiesta disponibilit\u00e0 a svolgere assistenza e vigilanza giorno e notte. Attualmente il paziente \u00e8 assistito da due operatori che si alternano tra loro dividendosi i giorni della settimana, ma uno dei due dovr\u00e0 essere sostituito in via definitiva e a lungo termine con la persona che verr\u00e0 selezionata. Pertanto non \u00e8 richiesta una disponibilit\u00e0 di 7 giorni su 7, ma di 3 o 4 giorni alla settimana.<\/p>\n\n\n\n<hr class=\"wp-block-separator\" \/>\n\n\n\n<h5 class=\"wp-block-heading\" id=\"block-cd053590-2829-4caa-976a-bc35abe223fd\">Ulteriori Informazioni<\/h5>\n\n\n\n<p id=\"block-3eb8e758-2827-40d8-b28a-528880988631\">Se sei disoccupato\/a ed hai esperienza come badante manda il tuo Curriculum Vitae o contatta i nostri referenti: <br><strong>Laura Martinelli, Francesca Castelli.<br><\/strong>Tel. 0345 43811 &#8211; 0345 43828<br><em><a rel=\"noreferrer noopener\" href=\"mailto:lavoro.trescore@abf.eu\" target=\"_blank\"><em>lavoro.sangiovannibianco@abf.eu<\/em><\/a><\/em><\/p>\n","protected":false},"excerpt":{"rendered":"<p>Lavoro di assistente familiare Stiamo cercando una persona disponibile 24<\/p>\n","protected":false},"author":32,"featured_media":14599,"comment_status":"open","ping_status":"open","sticky":false,"template":"","format":"standard","meta":{"footnotes":""},"categories":[116],"tags":[124,123],"class_list":["post-14596","post","type-post","status-publish","format-standard","has-post-thumbnail","hentry","category-news-san-giovanni","tag-assistenza-familiare","tag-badante"],"yoast_head":"<!-- This site is optimized with the Yoast SEO plugin v25.8 - https:\/\/yoast.com\/wordpress\/plugins\/seo\/ -->\n<title>Cerco badante giorno e notte - S.Giovanni Bianco<\/title>\n<meta name=\"description\" content=\"ricerca badante notte e giorno\" \/>\n<meta name=\"robots\" content=\"index, follow, max-snippet:-1, max-image-preview:large, max-video-preview:-1\" \/>\n<link rel=\"canonical\" href=\"https:\/\/www.abf.eu\/sangiovanni\/cerco-badante-giorno-e-notte\/\" \/>\n<meta property=\"og:locale\" content=\"it_IT\" \/>\n<meta property=\"og:type\" content=\"article\" \/>\n<meta property=\"og:title\" content=\"Cerco badante giorno e notte - S.Giovanni Bianco\" \/>\n<meta property=\"og:description\" content=\"ricerca badante notte e giorno\" \/>\n<meta property=\"og:url\" content=\"https:\/\/www.abf.eu\/sangiovanni\/cerco-badante-giorno-e-notte\/\" \/>\n<meta property=\"og:site_name\" content=\"S.Giovanni Bianco\" \/>\n<meta property=\"article:published_time\" content=\"2020-12-15T14:33:22+00:00\" \/>\n<meta property=\"article:modified_time\" content=\"2020-12-15T14:47:49+00:00\" \/>\n<meta property=\"og:image\" content=\"https:\/\/www.abf.eu\/sangiovanni\/wp-content\/uploads\/sites\/6\/2020\/12\/shutterstock_1703892490-3.jpg\" \/>\n\t<meta property=\"og:image:width\" content=\"1440\" \/>\n\t<meta property=\"og:image:height\" content=\"960\" \/>\n\t<meta property=\"og:image:type\" content=\"image\/jpeg\" \/>\n<meta name=\"twitter:card\" content=\"summary_large_image\" \/>\n<meta name=\"twitter:label1\" content=\"Scritto da\" \/>\n\t<meta name=\"twitter:data1\" content=\"\" \/>\n\t<meta name=\"twitter:label2\" content=\"Tempo di lettura stimato\" \/>\n\t<meta name=\"twitter:data2\" content=\"1 minuto\" \/>\n<script type=\"application\/ld+json\" class=\"yoast-schema-graph\">{\"@context\":\"https:\/\/schema.org\",\"@graph\":[{\"@type\":\"WebPage\",\"@id\":\"https:\/\/www.abf.eu\/sangiovanni\/cerco-badante-giorno-e-notte\/\",\"url\":\"https:\/\/www.abf.eu\/sangiovanni\/cerco-badante-giorno-e-notte\/\",\"name\":\"Cerco badante giorno e notte - S.Giovanni Bianco\",\"isPartOf\":{\"@id\":\"https:\/\/www.abf.eu\/sangiovanni\/#website\"},\"primaryImageOfPage\":{\"@id\":\"https:\/\/www.abf.eu\/sangiovanni\/cerco-badante-giorno-e-notte\/#primaryimage\"},\"image\":{\"@id\":\"https:\/\/www.abf.eu\/sangiovanni\/cerco-badante-giorno-e-notte\/#primaryimage\"},\"thumbnailUrl\":\"https:\/\/www.abf.eu\/sangiovanni\/wp-content\/uploads\/sites\/6\/2020\/12\/shutterstock_1703892490-3.jpg\",\"datePublished\":\"2020-12-15T14:33:22+00:00\",\"dateModified\":\"2020-12-15T14:47:49+00:00\",\"author\":{\"@id\":\"\"},\"description\":\"ricerca badante notte e giorno\",\"breadcrumb\":{\"@id\":\"https:\/\/www.abf.eu\/sangiovanni\/cerco-badante-giorno-e-notte\/#breadcrumb\"},\"inLanguage\":\"it-IT\",\"potentialAction\":[{\"@type\":\"ReadAction\",\"target\":[\"https:\/\/www.abf.eu\/sangiovanni\/cerco-badante-giorno-e-notte\/\"]}]},{\"@type\":\"ImageObject\",\"inLanguage\":\"it-IT\",\"@id\":\"https:\/\/www.abf.eu\/sangiovanni\/cerco-badante-giorno-e-notte\/#primaryimage\",\"url\":\"https:\/\/www.abf.eu\/sangiovanni\/wp-content\/uploads\/sites\/6\/2020\/12\/shutterstock_1703892490-3.jpg\",\"contentUrl\":\"https:\/\/www.abf.eu\/sangiovanni\/wp-content\/uploads\/sites\/6\/2020\/12\/shutterstock_1703892490-3.jpg\",\"width\":1440,\"height\":960},{\"@type\":\"BreadcrumbList\",\"@id\":\"https:\/\/www.abf.eu\/sangiovanni\/cerco-badante-giorno-e-notte\/#breadcrumb\",\"itemListElement\":[{\"@type\":\"ListItem\",\"position\":1,\"name\":\"Home\",\"item\":\"https:\/\/www.abf.eu\/sangiovanni\/\"},{\"@type\":\"ListItem\",\"position\":2,\"name\":\"Cerco badante giorno e notte\"}]},{\"@type\":\"WebSite\",\"@id\":\"https:\/\/www.abf.eu\/sangiovanni\/#website\",\"url\":\"https:\/\/www.abf.eu\/sangiovanni\/\",\"name\":\"S.Giovanni Bianco\",\"description\":\"Ecco un altro sito Abf siti\",\"potentialAction\":[{\"@type\":\"SearchAction\",\"target\":{\"@type\":\"EntryPoint\",\"urlTemplate\":\"https:\/\/www.abf.eu\/sangiovanni\/?s={search_term_string}\"},\"query-input\":{\"@type\":\"PropertyValueSpecification\",\"valueRequired\":true,\"valueName\":\"search_term_string\"}}],\"inLanguage\":\"it-IT\"},{\"@type\":\"Person\",\"@id\":\"\",\"url\":\"https:\/\/www.abf.eu\/sangiovanni\/author\/\"}]}<\/script>\n<!-- \/ Yoast SEO plugin. -->","yoast_head_json":{"title":"Cerco badante giorno e notte - S.Giovanni Bianco","description":"ricerca badante notte e giorno","robots":{"index":"index","follow":"follow","max-snippet":"max-snippet:-1","max-image-preview":"max-image-preview:large","max-video-preview":"max-video-preview:-1"},"canonical":"https:\/\/www.abf.eu\/sangiovanni\/cerco-badante-giorno-e-notte\/","og_locale":"it_IT","og_type":"article","og_title":"Cerco badante giorno e notte - S.Giovanni Bianco","og_description":"ricerca badante notte e giorno","og_url":"https:\/\/www.abf.eu\/sangiovanni\/cerco-badante-giorno-e-notte\/","og_site_name":"S.Giovanni Bianco","article_published_time":"2020-12-15T14:33:22+00:00","article_modified_time":"2020-12-15T14:47:49+00:00","og_image":[{"width":1440,"height":960,"url":"https:\/\/www.abf.eu\/sangiovanni\/wp-content\/uploads\/sites\/6\/2020\/12\/shutterstock_1703892490-3.jpg","type":"image\/jpeg"}],"twitter_card":"summary_large_image","twitter_misc":{"Scritto da":"","Tempo di lettura stimato":"1 minuto"},"schema":{"@context":"https:\/\/schema.org","@graph":[{"@type":"WebPage","@id":"https:\/\/www.abf.eu\/sangiovanni\/cerco-badante-giorno-e-notte\/","url":"https:\/\/www.abf.eu\/sangiovanni\/cerco-badante-giorno-e-notte\/","name":"Cerco badante giorno e notte - S.Giovanni Bianco","isPartOf":{"@id":"https:\/\/www.abf.eu\/sangiovanni\/#website"},"primaryImageOfPage":{"@id":"https:\/\/www.abf.eu\/sangiovanni\/cerco-badante-giorno-e-notte\/#primaryimage"},"image":{"@id":"https:\/\/www.abf.eu\/sangiovanni\/cerco-badante-giorno-e-notte\/#primaryimage"},"thumbnailUrl":"https:\/\/www.abf.eu\/sangiovanni\/wp-content\/uploads\/sites\/6\/2020\/12\/shutterstock_1703892490-3.jpg","datePublished":"2020-12-15T14:33:22+00:00","dateModified":"2020-12-15T14:47:49+00:00","author":{"@id":""},"description":"ricerca badante notte e giorno","breadcrumb":{"@id":"https:\/\/www.abf.eu\/sangiovanni\/cerco-badante-giorno-e-notte\/#breadcrumb"},"inLanguage":"it-IT","potentialAction":[{"@type":"ReadAction","target":["https:\/\/www.abf.eu\/sangiovanni\/cerco-badante-giorno-e-notte\/"]}]},{"@type":"ImageObject","inLanguage":"it-IT","@id":"https:\/\/www.abf.eu\/sangiovanni\/cerco-badante-giorno-e-notte\/#primaryimage","url":"https:\/\/www.abf.eu\/sangiovanni\/wp-content\/uploads\/sites\/6\/2020\/12\/shutterstock_1703892490-3.jpg","contentUrl":"https:\/\/www.abf.eu\/sangiovanni\/wp-content\/uploads\/sites\/6\/2020\/12\/shutterstock_1703892490-3.jpg","width":1440,"height":960},{"@type":"BreadcrumbList","@id":"https:\/\/www.abf.eu\/sangiovanni\/cerco-badante-giorno-e-notte\/#breadcrumb","itemListElement":[{"@type":"ListItem","position":1,"name":"Home","item":"https:\/\/www.abf.eu\/sangiovanni\/"},{"@type":"ListItem","position":2,"name":"Cerco badante giorno e notte"}]},{"@type":"WebSite","@id":"https:\/\/www.abf.eu\/sangiovanni\/#website","url":"https:\/\/www.abf.eu\/sangiovanni\/","name":"S.Giovanni Bianco","description":"Ecco un altro sito Abf siti","potentialAction":[{"@type":"SearchAction","target":{"@type":"EntryPoint","urlTemplate":"https:\/\/www.abf.eu\/sangiovanni\/?s={search_term_string}"},"query-input":{"@type":"PropertyValueSpecification","valueRequired":true,"valueName":"search_term_string"}}],"inLanguage":"it-IT"},{"@type":"Person","@id":"","url":"https:\/\/www.abf.eu\/sangiovanni\/author\/"}]}},"_links":{"self":[{"href":"https:\/\/www.abf.eu\/sangiovanni\/wp-json\/wp\/v2\/posts\/14596","targetHints":{"allow":["GET"]}}],"collection":[{"href":"https:\/\/www.abf.eu\/sangiovanni\/wp-json\/wp\/v2\/posts"}],"about":[{"href":"https:\/\/www.abf.eu\/sangiovanni\/wp-json\/wp\/v2\/types\/post"}],"author":[{"embeddable":true,"href":"https:\/\/www.abf.eu\/sangiovanni\/wp-json\/wp\/v2\/users\/32"}],"replies":[{"embeddable":true,"href":"https:\/\/www.abf.eu\/sangiovanni\/wp-json\/wp\/v2\/comments?post=14596"}],"version-history":[{"count":2,"href":"https:\/\/www.abf.eu\/sangiovanni\/wp-json\/wp\/v2\/posts\/14596\/revisions"}],"predecessor-version":[{"id":14598,"href":"https:\/\/www.abf.eu\/sangiovanni\/wp-json\/wp\/v2\/posts\/14596\/revisions\/14598"}],"wp:featuredmedia":[{"embeddable":true,"href":"https:\/\/www.abf.eu\/sangiovanni\/wp-json\/wp\/v2\/media\/14599"}],"wp:attachment":[{"href":"https:\/\/www.abf.eu\/sangiovanni\/wp-json\/wp\/v2\/media?parent=14596"}],"wp:term":[{"taxonomy":"category","embeddable":true,"href":"https:\/\/www.abf.eu\/sangiovanni\/wp-json\/wp\/v2\/categories?post=14596"},{"taxonomy":"post_tag","embeddable":true,"href":"https:\/\/www.abf.eu\/sangiovanni\/wp-json\/wp\/v2\/tags?post=14596"}],"curies":[{"name":"wp","href":"https:\/\/api.w.org\/{rel}","templated":true}]}}