{"id":15244,"date":"2022-01-20T16:51:00","date_gmt":"2022-01-20T15:51:00","guid":{"rendered":"https:\/\/www.abf.eu\/sangiovanni\/?p=15244"},"modified":"2022-01-21T10:57:01","modified_gmt":"2022-01-21T09:57:01","slug":"abf-organizza-corsi-normati-abilitanti-e-regolamentati","status":"publish","type":"post","link":"https:\/\/www.abf.eu\/sangiovanni\/abf-organizza-corsi-normati-abilitanti-e-regolamentati\/","title":{"rendered":"ABF organizza corsi normati abilitanti e regolamentati"},"content":{"rendered":"\n<h2 class=\"wp-block-heading\">I corsi normati abilitanti e regolamentati in partenza presso ABF San Giovanni Bianco<\/h2>\n\n\n\n<p>I corsi normati abilitanti e regolamentati sono percorsi di formazione che permettono di accedere a professioni regolamentate da normativa, per le quali \u00e8 obbligatoria una formazione specifica. Ciascun percorso formativo risponde agli standard minimi definiti dalla Direzione Generale Istruzione Formazione Lavoro di Regione Lombardia e si chiude con un esame finale. Il superamento della prova permette l\u2019abilitazione professionale su tutto il territorio nazionale nella maggior parte dei casi. Ci\u00f2 consente di accedere all&#8217;esercizio della specifica attivit\u00e0 professionale, anche attraverso l&#8217;iscrizione ad appositi elenchi\/Albi\/registri.<\/p>\n\n\n\n<h3 class=\"wp-block-heading\"><strong>Perch\u00e9 svolgere i corsi normati abilitanti e regolamentati?<\/strong><\/h3>\n\n\n\n<ul class=\"wp-block-list\"><li><strong>Per coloro che cercano lavoro<\/strong><\/li><\/ul>\n\n\n\n<p>I corsi normati abilitanti e regolamentati permettono di avere un attestato riconosciuto in alcuni casi a livello regionale e in altri a livello nazionale. Di fatto, questi corsi consentono di acquisire competenze lavorative specifiche e il superamento dell\u2019esame al termine della formazione abilita all\u2019esercizio della professione scelta.&nbsp;<\/p>\n\n\n\n<ul class=\"wp-block-list\"><li><strong>Per i datori di lavoro&nbsp;<\/strong><\/li><\/ul>\n\n\n\n<p>Il decreto n. 9190 del 6 luglio 2021, Regione Lombardia ha approvato il bando \u2018\u2019<a href=\"https:\/\/www.regione.lombardia.it\/wps\/portal\/istituzionale\/HP\/DettaglioRedazionale\/servizi-e-informazioni\/Imprese\/Gestione-risorse-umane\/formare-per-assumere\/formare-per-assumere\">Formare per Assumere<\/a>\u2019\u2019. Con questo decreto, i datori di lavoro che assumono persone prive di impiego da almeno 30 giorni e contestualmente attuano, prima o dopo l\u2019assunzione, un percorso di formazione, anche riferito ad alcuni corsi normati abilitanti e regolamentati, possono presentare una domanda di contributo sul sito <a href=\"http:\/\/www.bandi.regione.lombardia.it\">www.bandi.regione.lombardia.it<\/a> . Il bando riconosce un voucher per la formazione di un valore massimo di 3000 euro, a fronte del servizio di cui si fruisce.&nbsp;<\/p>\n\n\n\n<h3 class=\"wp-block-heading\"><strong>I corsi normati <strong>abilitanti e regolamentati<\/strong><\/strong> <strong>in partenza a ABF San Giovanni Bianco<\/strong><\/h3>\n\n\n\n<p>Da tempo ABF nella sede di San Giovanni Bianco organizza dei corsi normati per l\u2019abilitazione alla figura di Ausiliario Socio Assistenziale, Operatore Socio Sanitario (e riqualifica), Assistente Familiare e Manutentore del verde. Per quale motivo organizziamo proprio questi percorsi? Nel nostro territorio, la Valle Brembana,  c&#8217;\u00e8 una grande necessit\u00e0, per ragioni anche di et\u00e0 della popolazione, di figure qualificate nell&#8217;ambito dell&#8217;assistenza alla persona. Inoltre, per quanto riguarda la figura del Manutentore, il corso \u00e8 ormai obbligatorio per poter avviare l&#8217;attivit\u00e0 di giardiniere e gli altri istituti formativi che tengono lo stesso corso sono tutti piuttosto distanti. <\/p>\n\n\n\n<h3 class=\"wp-block-heading\"><strong>Operatore Socio Sanitario (OSS)<\/strong><\/h3>\n\n\n\n<p>Il corso di Operatore Socio Sanitario offre la formazione necessaria per svolgere attivit\u00e0 indirizzate a soddisfare i bisogni primari della persona non pi\u00f9 pienamente autonoma e autosufficiente. Al termine del corso avrai le competenze necessarie per esercitare le attivit\u00e0 di assistenza diretta, aiuto domestico alberghiero, intervento igienico-sanitario, supporto gestionale e formativo. Il corso prevede una durata di 1000 ore, di cui 450 sono dedicate al tirocinio. Svolgerai due tirocini diversi: il primo presso RSA o altre strutture assistenziali, mentre durante il secondo invece potrai apprendere il lavoro di OSS presso strutture sanitarie o ospedaliere del territorio.<\/p>\n\n\n\n<p>Al termine del corso otterrai un attestato di qualifica OSS. Inoltre, ABF rilascia due ulteriori attestati in aggiunta a quello di qualifica: l\u2019attestato HACCP e l\u2019attestato di sicurezza nei luoghi di lavoro (rischio alto).&nbsp;Per maggiori informazioni ed iscrizione all&#8217;edizione attualmente in programma del corso, clicca <a href=\"https:\/\/www.abf.eu\/sangiovanni\/corsi\/operatore-socio-sanitario-oss\/\">qui<\/a>. <\/p>\n\n\n\n<p>Per effettuare il corso si deve essere in possesso del Diploma di scuola secondaria di secondo grado o avere una qualifica professionale. Esiste inoltre un sistema di riconoscimento dei crediti in caso il diploma abbia un indirizzo relativo alle Scienze Umane &#8211; leggi la news: <a href=\"https:\/\/www.abf.eu\/corso-di-operatore-socio-sanitario-con-riconoscimento-dei-crediti-formativi\/\">https:\/\/www.abf.eu\/corso-di-operatore-socio-sanitario-con-riconoscimento-dei-crediti-formativi\/<\/a> <\/p>\n\n\n\n<h3 class=\"wp-block-heading\"><strong>Ausiliario Socio Assistenziale (ASA)<\/strong><\/h3>\n\n\n\n<p>Il corso di Ausiliario Socio Assistenziale \u00e8 un corso regolamentato da Regione Lombardia e valido sul territorio regionale. Permette di acquisire le competenze necessarie al recupero o mantenimento del benessere fisico e psicologico dell\u2019assistito, favorendone il reintegro sociale e l\u2019autonomia. Al termine del corso si avranno le competenze necessarie per prestare assistenza diretta alla persona, supportare la persona nella vita relazionale, curare l\u2019igiene dell\u2019assistito, effettuare prestazioni igienico-sanitarie non specialistiche, preparare i pasti e svolgere pratiche burocratiche.<\/p>\n\n\n\n<p>Il corso prevede una durata di 800 ore, di cui 350 sono dedicate al tirocinio da svolgersi presso RSA, CDD, CSE ed enti che erogano servizi di assistenza domiciliari.&nbsp;Per maggiori informazioni ed iscrizione all&#8217;edizione attualmente in programma del corso, clicca <a href=\"https:\/\/www.abf.eu\/sangiovanni\/corsi\/ausiliario-socio-assistenziale-asa\/\">qui<\/a>. <\/p>\n\n\n\n<p>Al termine del corso otterrai un attestato di competenze ASA, oltre all\u2019attestato HACCP e a quello di sicurezza nei luoghi di lavoro (rischio alto). Per accedere a tale corso \u00e8 sufficiente la licenza media, mentre se il titolo di studio \u00e8 stato conseguito all\u2019estero \u00e8 necessaria la traduzione asseverata unita alla dichiarazione di valore se il titolo \u00e8 stato conseguito fuori dall\u2019Unione Europea.<\/p>\n\n\n\n<h3 class=\"wp-block-heading\"><strong>Assistente familiare<\/strong><\/h3>\n\n\n\n<p>Il corso di assistente familiare permette di acquisire le competenze necessarie per la cura della persona non autosufficiente. L\u2019assistente familiare lavora per lo pi\u00f9 presso il domicilio della persona assistita, anche all\u2019interno di servizi di assistenza domiciliare integrata.<\/p>\n\n\n\n<p>&nbsp;Il corso prevede una durata di 160 ore e, al suo termine, otterrai un attestato di competenza. Per la nostra esperienza, anche se il titolo non \u00e8 abilitante allo svolgimento della professione di colf o badante viene valutato positivamente dai servizi e dalle realt\u00e0 che gestiscono l&#8217;assistenza domiciliare alla persona, soprattutto se non c&#8217;\u00e8 esperienza lavorativa nell&#8217;ambito. <\/p>\n\n\n\n<p>Tale corso pu\u00f2 essere finanziato con <a href=\"https:\/\/www.regione.lombardia.it\/wps\/portal\/istituzionale\/HP\/servizi-e-informazioni\/cittadini\/lavoro-e-formazione-professionale\/dote-unica-lavoro\">Dote Unica Lavoro<\/a>. Inoltre, per tutti coloro che una volta effettuato il corso di assistente familiare volessero svolgere il corso di Ausiliario Socio Assistenziale, possono effettuare questa formazione in un minor tempo e avere delle scontistiche sulla quota d\u2019iscrizione.<\/p>\n\n\n\n<h3 class=\"wp-block-heading\"><strong>Riqualifica di ASA in OSS<\/strong><\/h3>\n\n\n\n<p>La riqualifica permette a coloro che hanno effettuato il corso di Ausiliario Socio Assistenziale (ASA) di poter accedere ai corsi di Operatore Socio Sanitario (OSS) integrando la formazione con conoscenze e competenze di tipo infermieristico e sanitario. Coloro che possiedono come titolo di studio il diploma di scuola secondaria di primo grado (terza media) possono svolgere il corso ASA e successivamente la riqualifica per essere abilitati alla professione di Operatore Socio Sanitario. Ecco la nostra edizione del corso di <a href=\"https:\/\/www.abf.eu\/sangiovanni\/corsi\/riqualifica-da-asa-in-oss\/\">riqualifica di ASA in OSS<\/a>!<\/p>\n\n\n\n<p>Il corso prevede una durata di 400 ore, di cui 180 sono dedicate al tirocinio che si svolger\u00e0 presso strutture sanitarie convenzionate con ABF, come l\u2019Istituto Clinico Quarenghi e ASST Papa Giovanni XXIII di Bergamo o di San Giovanni Bianco. Al termine del corso avrai un attestato HACCP, un attestato di sicurezza nei luoghi di lavoro (rischio alto) e un attestato di competenze OSS.<\/p>\n\n\n\n<h3 class=\"wp-block-heading\"><strong>Manutentore del verde<\/strong><\/h3>\n\n\n\n<p>Il percorso offre le competenze necessarie per l\u2019allestimento, la cura e la sistemazione di parchi, giardini pubblici e privati, aiuole, alberature. Verranno insegnate tecniche di coltivazione, di potatura, di irrigazione, di preparazione del terreno e di messa a dimora di piante di vario tipo.&nbsp; Inoltre, acquisirai conoscenze di botanica, fitosanitaria, agronomia e fisiologia vegetale.<\/p>\n\n\n\n<p>Il corso prevede una durata di 180 ore, di cui 60 sono dedicate alla pratica. In seguito, svolgerai un esame teorico e pratico, al termine del quale conseguirai l\u2019abilitazione professionale di \u2018\u2019Manutentore del Verde\u2019\u2019. Tale abilitazione \u00e8 essenziale per titolari e preposti dipendenti e per tutti coloro che volessero avviare un\u2019attivit\u00e0 nel settore della manutenzione delle aree verdi, per un codice Ateco anche secondario di 81.30.00. Iscriviti alla nostra <a href=\"https:\/\/www.abf.eu\/sangiovanni\/corsi\/manutentore-del-verde\/\">edizione in partenza<\/a>!<\/p>\n\n\n\n<p>Per gli iscritti ad un\u2019 Associazione di Categoria convenzionata con Azienda Bergamasca Formazione si prevede la possibilit\u00e0 di richiedere una scontistica sulla quota di iscrizione. Il nostro percorso ha l\u2019obiettivo di favorire la partecipazione ed il coinvolgimento di persone, aziende e realt\u00e0 sul territorio della nostra Valle. Infatti, diversi sono gli Enti che hanno patrocinato il corso: Unione Artigiani, Confartigianato, Coldiretti, Provincia di Bergamo, Comunit\u00e0 Montana Valle Brembana, Fondazione Lemine, Gal Valle Brembana, Parco delle Orobie Bergamasche, L&#8217;Albero Societ\u00e0 Cooperativa Sociale o.n.l.u.s, Associazione Florovivaisti Bergamo,&nbsp; Associazione Frutticultori Valle Brembana.<\/p>\n\n\n\n<p>Seguici sempre in Facebook ed Instagram per qualsiasi aggiornamento!<\/p>\n\n\n\n<figure class=\"wp-block-embed is-type-video is-provider-youtube wp-block-embed-youtube wp-embed-aspect-16-9 wp-has-aspect-ratio\"><div class=\"wp-block-embed__wrapper\">\n<iframe loading=\"lazy\" title=\"Voglia di fare e imparare \u2026 questo \u00e8 ABF\" width=\"500\" height=\"281\" src=\"https:\/\/www.youtube.com\/embed\/vB1OBsaDk1w?feature=oembed\" frameborder=\"0\" allow=\"accelerometer; autoplay; clipboard-write; encrypted-media; gyroscope; picture-in-picture; web-share\" referrerpolicy=\"strict-origin-when-cross-origin\" allowfullscreen><\/iframe>\n<\/div><\/figure>\n\n\n\n<p><\/p>\n","protected":false},"excerpt":{"rendered":"<p>I corsi normati abilitanti e regolamentati in partenza presso ABF<\/p>\n","protected":false},"author":32,"featured_media":15259,"comment_status":"open","ping_status":"open","sticky":false,"template":"","format":"standard","meta":{"footnotes":""},"categories":[116],"tags":[255,257,269,270,266,256,258,262,261,272,264,265,263,271,268],"class_list":["post-15244","post","type-post","status-publish","format-standard","has-post-thumbnail","hentry","category-news-san-giovanni","tag-abf","tag-abfsangiovannibianco","tag-assistentefamiliare","tag-assistenzaallapersona","tag-ausiliariosocioassistenziale","tag-cfp","tag-cfpsangiovannibianco","tag-corcorsiabilitanti","tag-corsinormati","tag-formareperassumere","tag-manutentoredelverde","tag-operatoresociosanitario","tag-qualificaprofessionale","tag-regionelombardia","tag-riqualificaoss"],"yoast_head":"<!-- This site is optimized with the Yoast SEO plugin v25.8 - https:\/\/yoast.com\/wordpress\/plugins\/seo\/ -->\n<title>ABF organizza corsi normati abilitanti e regolamentati - S.Giovanni Bianco<\/title>\n<meta name=\"description\" content=\"ABF San Giovanni Bianco organizza corsi normati abilitanti e regolamentati nel settore dell&#039;assistenza e del verde in risposta alle richieste del mercato\" \/>\n<meta name=\"robots\" content=\"index, follow, max-snippet:-1, max-image-preview:large, max-video-preview:-1\" \/>\n<link rel=\"canonical\" href=\"https:\/\/www.abf.eu\/sangiovanni\/abf-organizza-corsi-normati-abilitanti-e-regolamentati\/\" \/>\n<meta property=\"og:locale\" content=\"it_IT\" \/>\n<meta property=\"og:type\" content=\"article\" \/>\n<meta property=\"og:title\" content=\"ABF organizza corsi normati abilitanti e regolamentati - S.Giovanni Bianco\" \/>\n<meta property=\"og:description\" content=\"ABF San Giovanni Bianco organizza corsi normati abilitanti e regolamentati nel settore dell&#039;assistenza e del verde in risposta alle richieste del mercato\" \/>\n<meta property=\"og:url\" content=\"https:\/\/www.abf.eu\/sangiovanni\/abf-organizza-corsi-normati-abilitanti-e-regolamentati\/\" \/>\n<meta property=\"og:site_name\" content=\"S.Giovanni Bianco\" \/>\n<meta property=\"article:published_time\" content=\"2022-01-20T15:51:00+00:00\" \/>\n<meta property=\"article:modified_time\" content=\"2022-01-21T09:57:01+00:00\" \/>\n<meta property=\"og:image\" content=\"https:\/\/www.abf.eu\/sangiovanni\/wp-content\/uploads\/sites\/6\/2021\/11\/shutterstock_1361250578.jpg\" \/>\n\t<meta property=\"og:image:width\" content=\"1000\" \/>\n\t<meta property=\"og:image:height\" content=\"667\" \/>\n\t<meta property=\"og:image:type\" content=\"image\/jpeg\" \/>\n<meta name=\"twitter:card\" content=\"summary_large_image\" \/>\n<meta name=\"twitter:label1\" content=\"Scritto da\" \/>\n\t<meta name=\"twitter:data1\" content=\"\" \/>\n\t<meta name=\"twitter:label2\" content=\"Tempo di lettura stimato\" \/>\n\t<meta name=\"twitter:data2\" content=\"7 minuti\" \/>\n<script type=\"application\/ld+json\" class=\"yoast-schema-graph\">{\"@context\":\"https:\/\/schema.org\",\"@graph\":[{\"@type\":\"WebPage\",\"@id\":\"https:\/\/www.abf.eu\/sangiovanni\/abf-organizza-corsi-normati-abilitanti-e-regolamentati\/\",\"url\":\"https:\/\/www.abf.eu\/sangiovanni\/abf-organizza-corsi-normati-abilitanti-e-regolamentati\/\",\"name\":\"ABF organizza corsi normati abilitanti e regolamentati - S.Giovanni Bianco\",\"isPartOf\":{\"@id\":\"https:\/\/www.abf.eu\/sangiovanni\/#website\"},\"primaryImageOfPage\":{\"@id\":\"https:\/\/www.abf.eu\/sangiovanni\/abf-organizza-corsi-normati-abilitanti-e-regolamentati\/#primaryimage\"},\"image\":{\"@id\":\"https:\/\/www.abf.eu\/sangiovanni\/abf-organizza-corsi-normati-abilitanti-e-regolamentati\/#primaryimage\"},\"thumbnailUrl\":\"https:\/\/www.abf.eu\/sangiovanni\/wp-content\/uploads\/sites\/6\/2021\/11\/shutterstock_1361250578.jpg\",\"datePublished\":\"2022-01-20T15:51:00+00:00\",\"dateModified\":\"2022-01-21T09:57:01+00:00\",\"author\":{\"@id\":\"\"},\"description\":\"ABF San Giovanni Bianco organizza corsi normati abilitanti e regolamentati nel settore dell'assistenza e del verde in risposta alle richieste del mercato\",\"breadcrumb\":{\"@id\":\"https:\/\/www.abf.eu\/sangiovanni\/abf-organizza-corsi-normati-abilitanti-e-regolamentati\/#breadcrumb\"},\"inLanguage\":\"it-IT\",\"potentialAction\":[{\"@type\":\"ReadAction\",\"target\":[\"https:\/\/www.abf.eu\/sangiovanni\/abf-organizza-corsi-normati-abilitanti-e-regolamentati\/\"]}]},{\"@type\":\"ImageObject\",\"inLanguage\":\"it-IT\",\"@id\":\"https:\/\/www.abf.eu\/sangiovanni\/abf-organizza-corsi-normati-abilitanti-e-regolamentati\/#primaryimage\",\"url\":\"https:\/\/www.abf.eu\/sangiovanni\/wp-content\/uploads\/sites\/6\/2021\/11\/shutterstock_1361250578.jpg\",\"contentUrl\":\"https:\/\/www.abf.eu\/sangiovanni\/wp-content\/uploads\/sites\/6\/2021\/11\/shutterstock_1361250578.jpg\",\"width\":1000,\"height\":667},{\"@type\":\"BreadcrumbList\",\"@id\":\"https:\/\/www.abf.eu\/sangiovanni\/abf-organizza-corsi-normati-abilitanti-e-regolamentati\/#breadcrumb\",\"itemListElement\":[{\"@type\":\"ListItem\",\"position\":1,\"name\":\"Home\",\"item\":\"https:\/\/www.abf.eu\/sangiovanni\/\"},{\"@type\":\"ListItem\",\"position\":2,\"name\":\"ABF organizza corsi normati abilitanti e regolamentati\"}]},{\"@type\":\"WebSite\",\"@id\":\"https:\/\/www.abf.eu\/sangiovanni\/#website\",\"url\":\"https:\/\/www.abf.eu\/sangiovanni\/\",\"name\":\"S.Giovanni Bianco\",\"description\":\"Ecco un altro sito Abf siti\",\"potentialAction\":[{\"@type\":\"SearchAction\",\"target\":{\"@type\":\"EntryPoint\",\"urlTemplate\":\"https:\/\/www.abf.eu\/sangiovanni\/?s={search_term_string}\"},\"query-input\":{\"@type\":\"PropertyValueSpecification\",\"valueRequired\":true,\"valueName\":\"search_term_string\"}}],\"inLanguage\":\"it-IT\"},{\"@type\":\"Person\",\"@id\":\"\",\"url\":\"https:\/\/www.abf.eu\/sangiovanni\/author\/\"}]}<\/script>\n<!-- \/ Yoast SEO plugin. -->","yoast_head_json":{"title":"ABF organizza corsi normati abilitanti e regolamentati - S.Giovanni Bianco","description":"ABF San Giovanni Bianco organizza corsi normati abilitanti e regolamentati nel settore dell'assistenza e del verde in risposta alle richieste del mercato","robots":{"index":"index","follow":"follow","max-snippet":"max-snippet:-1","max-image-preview":"max-image-preview:large","max-video-preview":"max-video-preview:-1"},"canonical":"https:\/\/www.abf.eu\/sangiovanni\/abf-organizza-corsi-normati-abilitanti-e-regolamentati\/","og_locale":"it_IT","og_type":"article","og_title":"ABF organizza corsi normati abilitanti e regolamentati - S.Giovanni Bianco","og_description":"ABF San Giovanni Bianco organizza corsi normati abilitanti e regolamentati nel settore dell'assistenza e del verde in risposta alle richieste del mercato","og_url":"https:\/\/www.abf.eu\/sangiovanni\/abf-organizza-corsi-normati-abilitanti-e-regolamentati\/","og_site_name":"S.Giovanni Bianco","article_published_time":"2022-01-20T15:51:00+00:00","article_modified_time":"2022-01-21T09:57:01+00:00","og_image":[{"width":1000,"height":667,"url":"https:\/\/www.abf.eu\/sangiovanni\/wp-content\/uploads\/sites\/6\/2021\/11\/shutterstock_1361250578.jpg","type":"image\/jpeg"}],"twitter_card":"summary_large_image","twitter_misc":{"Scritto da":"","Tempo di lettura stimato":"7 minuti"},"schema":{"@context":"https:\/\/schema.org","@graph":[{"@type":"WebPage","@id":"https:\/\/www.abf.eu\/sangiovanni\/abf-organizza-corsi-normati-abilitanti-e-regolamentati\/","url":"https:\/\/www.abf.eu\/sangiovanni\/abf-organizza-corsi-normati-abilitanti-e-regolamentati\/","name":"ABF organizza corsi normati abilitanti e regolamentati - S.Giovanni Bianco","isPartOf":{"@id":"https:\/\/www.abf.eu\/sangiovanni\/#website"},"primaryImageOfPage":{"@id":"https:\/\/www.abf.eu\/sangiovanni\/abf-organizza-corsi-normati-abilitanti-e-regolamentati\/#primaryimage"},"image":{"@id":"https:\/\/www.abf.eu\/sangiovanni\/abf-organizza-corsi-normati-abilitanti-e-regolamentati\/#primaryimage"},"thumbnailUrl":"https:\/\/www.abf.eu\/sangiovanni\/wp-content\/uploads\/sites\/6\/2021\/11\/shutterstock_1361250578.jpg","datePublished":"2022-01-20T15:51:00+00:00","dateModified":"2022-01-21T09:57:01+00:00","author":{"@id":""},"description":"ABF San Giovanni Bianco organizza corsi normati abilitanti e regolamentati nel settore dell'assistenza e del verde in risposta alle richieste del mercato","breadcrumb":{"@id":"https:\/\/www.abf.eu\/sangiovanni\/abf-organizza-corsi-normati-abilitanti-e-regolamentati\/#breadcrumb"},"inLanguage":"it-IT","potentialAction":[{"@type":"ReadAction","target":["https:\/\/www.abf.eu\/sangiovanni\/abf-organizza-corsi-normati-abilitanti-e-regolamentati\/"]}]},{"@type":"ImageObject","inLanguage":"it-IT","@id":"https:\/\/www.abf.eu\/sangiovanni\/abf-organizza-corsi-normati-abilitanti-e-regolamentati\/#primaryimage","url":"https:\/\/www.abf.eu\/sangiovanni\/wp-content\/uploads\/sites\/6\/2021\/11\/shutterstock_1361250578.jpg","contentUrl":"https:\/\/www.abf.eu\/sangiovanni\/wp-content\/uploads\/sites\/6\/2021\/11\/shutterstock_1361250578.jpg","width":1000,"height":667},{"@type":"BreadcrumbList","@id":"https:\/\/www.abf.eu\/sangiovanni\/abf-organizza-corsi-normati-abilitanti-e-regolamentati\/#breadcrumb","itemListElement":[{"@type":"ListItem","position":1,"name":"Home","item":"https:\/\/www.abf.eu\/sangiovanni\/"},{"@type":"ListItem","position":2,"name":"ABF organizza corsi normati abilitanti e regolamentati"}]},{"@type":"WebSite","@id":"https:\/\/www.abf.eu\/sangiovanni\/#website","url":"https:\/\/www.abf.eu\/sangiovanni\/","name":"S.Giovanni Bianco","description":"Ecco un altro sito Abf siti","potentialAction":[{"@type":"SearchAction","target":{"@type":"EntryPoint","urlTemplate":"https:\/\/www.abf.eu\/sangiovanni\/?s={search_term_string}"},"query-input":{"@type":"PropertyValueSpecification","valueRequired":true,"valueName":"search_term_string"}}],"inLanguage":"it-IT"},{"@type":"Person","@id":"","url":"https:\/\/www.abf.eu\/sangiovanni\/author\/"}]}},"_links":{"self":[{"href":"https:\/\/www.abf.eu\/sangiovanni\/wp-json\/wp\/v2\/posts\/15244","targetHints":{"allow":["GET"]}}],"collection":[{"href":"https:\/\/www.abf.eu\/sangiovanni\/wp-json\/wp\/v2\/posts"}],"about":[{"href":"https:\/\/www.abf.eu\/sangiovanni\/wp-json\/wp\/v2\/types\/post"}],"author":[{"embeddable":true,"href":"https:\/\/www.abf.eu\/sangiovanni\/wp-json\/wp\/v2\/users\/32"}],"replies":[{"embeddable":true,"href":"https:\/\/www.abf.eu\/sangiovanni\/wp-json\/wp\/v2\/comments?post=15244"}],"version-history":[{"count":15,"href":"https:\/\/www.abf.eu\/sangiovanni\/wp-json\/wp\/v2\/posts\/15244\/revisions"}],"predecessor-version":[{"id":15323,"href":"https:\/\/www.abf.eu\/sangiovanni\/wp-json\/wp\/v2\/posts\/15244\/revisions\/15323"}],"wp:featuredmedia":[{"embeddable":true,"href":"https:\/\/www.abf.eu\/sangiovanni\/wp-json\/wp\/v2\/media\/15259"}],"wp:attachment":[{"href":"https:\/\/www.abf.eu\/sangiovanni\/wp-json\/wp\/v2\/media?parent=15244"}],"wp:term":[{"taxonomy":"category","embeddable":true,"href":"https:\/\/www.abf.eu\/sangiovanni\/wp-json\/wp\/v2\/categories?post=15244"},{"taxonomy":"post_tag","embeddable":true,"href":"https:\/\/www.abf.eu\/sangiovanni\/wp-json\/wp\/v2\/tags?post=15244"}],"curies":[{"name":"wp","href":"https:\/\/api.w.org\/{rel}","templated":true}]}}