{"id":15592,"date":"2022-09-13T11:49:06","date_gmt":"2022-09-13T09:49:06","guid":{"rendered":"https:\/\/www.abf.eu\/sangiovanni\/?p=15592"},"modified":"2022-09-29T13:17:25","modified_gmt":"2022-09-29T11:17:25","slug":"bottega-dell-inclusivita","status":"publish","type":"post","link":"https:\/\/www.abf.eu\/sangiovanni\/bottega-dell-inclusivita\/","title":{"rendered":"Bottega dell&#8217;inclusivit\u00e0, una promozione firmata Valle Brembana!"},"content":{"rendered":"\n<p>\u2018I LOVE VAL BREMBANA\u2019 \u00e8 un\u2019 Associazione del terzo settore che realizza <strong>progetti di inclusione<\/strong> per ragazzi e adulti disabili con bisogni speciali. Nasce dall\u2019esigenza di un gruppo di amici di trasformare in realt\u00e0 il sogno di \u201cpersone speciali\u201d, poco coinvolte nell\u2019ambiente odierno, che necessitano di <strong>nuovi stimoli<\/strong> per affacciarsi al meglio alla realt\u00e0 attuale.<\/p>\n\n\n\n<p>Il progetto presentato riguarda il <strong>settore della caseificazione<\/strong>, ed ha un nome: <strong>Bottega dell\u2019Inclusivit\u00e0<\/strong>. Non solo un negozio di prodotti alimentari di alta qualit\u00e0, con l\u2019obiettivo di riunire sotto un unico logo le principali attivit\u00e0 del settore, ma anche un <strong>Laboratorio per lo sviluppo cognitivo, affettivo e relazionale<\/strong>.<\/p>\n\n\n\n<p>Gi\u00e0 durante il periodo estivo i ragazzi iscritti ai percorsi personalizzati si sono impegnati in attivit\u00e0 di confezionamento ed etichettatura dei prodotti caseari destinati al negozio, garantendo puntualit\u00e0 al progetto.<\/p>\n\n\n\n<p>Il presidente dell\u2019associazione, Simone Sangalli, e le Professoresse dell\u2019Istituto CFP di San Giovanni Bianco Silvia Balestra e Daniela Gamba, promuovono un\u2019attivit\u00e0 che si concretizza nel reparto di vendita e promozione del prodotto. In questo modo <strong>si supera la passivit\u00e0 del tradizionale modello assistenziale<\/strong> puntando, a conclusione del percorso scolastico, al regolare inserimento lavorativo nel core delle attivit\u00e0.<\/p>\n\n\n\n<p>Oggi sappiamo che il benessere di una persona \u00e8 il risultato delle relazioni che essa instaura nell\u2019ambiente in cui vive, quindi la proposta dell\u2019Associazione riempie a pieno i vuoti che la societ\u00e0 lascia dando a questi ragazzi l\u2019opportunit\u00e0 di essere <strong>protagonisti attivi<\/strong> di questa realt\u00e0.<\/p>\n","protected":false},"excerpt":{"rendered":"<p>\u2018I LOVE VAL BREMBANA\u2019 \u00e8 un\u2019 Associazione del terzo settore<\/p>\n","protected":false},"author":49,"featured_media":15595,"comment_status":"open","ping_status":"open","sticky":false,"template":"","format":"standard","meta":{"footnotes":""},"categories":[1],"tags":[],"class_list":["post-15592","post","type-post","status-publish","format-standard","has-post-thumbnail","hentry","category-senza-categoria"],"yoast_head":"<!-- This site is optimized with the Yoast SEO plugin v25.8 - https:\/\/yoast.com\/wordpress\/plugins\/seo\/ -->\n<title>Bottega dell&#039;inclusivit\u00e0, una promozione firmata Valle Brembana! - S.Giovanni Bianco<\/title>\n<meta name=\"description\" content=\"ABF San Giovanni e &#039;I Love Valle Brembana&#039; si uniscono contro la disabilit\u00e0 per abbattere i limiti del tradizionale metodo assistenziale.\" \/>\n<meta name=\"robots\" content=\"index, follow, max-snippet:-1, max-image-preview:large, max-video-preview:-1\" \/>\n<link rel=\"canonical\" href=\"https:\/\/www.abf.eu\/sangiovanni\/bottega-dell-inclusivita\/\" \/>\n<meta property=\"og:locale\" content=\"it_IT\" \/>\n<meta property=\"og:type\" content=\"article\" \/>\n<meta property=\"og:title\" content=\"Bottega dell&#039;inclusivit\u00e0, una promozione firmata Valle Brembana! - S.Giovanni Bianco\" \/>\n<meta property=\"og:description\" content=\"ABF San Giovanni e &#039;I Love Valle Brembana&#039; si uniscono contro la disabilit\u00e0 per abbattere i limiti del tradizionale metodo assistenziale.\" \/>\n<meta property=\"og:url\" content=\"https:\/\/www.abf.eu\/sangiovanni\/bottega-dell-inclusivita\/\" \/>\n<meta property=\"og:site_name\" content=\"S.Giovanni Bianco\" \/>\n<meta property=\"article:published_time\" content=\"2022-09-13T09:49:06+00:00\" \/>\n<meta property=\"article:modified_time\" content=\"2022-09-29T11:17:25+00:00\" \/>\n<meta property=\"og:image\" content=\"https:\/\/www.abf.eu\/sangiovanni\/wp-content\/uploads\/sites\/6\/2022\/09\/PPD-2.P.png\" \/>\n\t<meta property=\"og:image:width\" content=\"1000\" \/>\n\t<meta property=\"og:image:height\" content=\"667\" \/>\n\t<meta property=\"og:image:type\" content=\"image\/png\" \/>\n<meta name=\"author\" content=\"abfeditorsangiovanni\" \/>\n<meta name=\"twitter:card\" content=\"summary_large_image\" \/>\n<meta name=\"twitter:label1\" content=\"Scritto da\" \/>\n\t<meta name=\"twitter:data1\" content=\"abfeditorsangiovanni\" \/>\n\t<meta name=\"twitter:label2\" content=\"Tempo di lettura stimato\" \/>\n\t<meta name=\"twitter:data2\" content=\"2 minuti\" \/>\n<script type=\"application\/ld+json\" class=\"yoast-schema-graph\">{\"@context\":\"https:\/\/schema.org\",\"@graph\":[{\"@type\":\"WebPage\",\"@id\":\"https:\/\/www.abf.eu\/sangiovanni\/bottega-dell-inclusivita\/\",\"url\":\"https:\/\/www.abf.eu\/sangiovanni\/bottega-dell-inclusivita\/\",\"name\":\"Bottega dell'inclusivit\u00e0, una promozione firmata Valle Brembana! - S.Giovanni Bianco\",\"isPartOf\":{\"@id\":\"https:\/\/www.abf.eu\/sangiovanni\/#website\"},\"primaryImageOfPage\":{\"@id\":\"https:\/\/www.abf.eu\/sangiovanni\/bottega-dell-inclusivita\/#primaryimage\"},\"image\":{\"@id\":\"https:\/\/www.abf.eu\/sangiovanni\/bottega-dell-inclusivita\/#primaryimage\"},\"thumbnailUrl\":\"https:\/\/www.abf.eu\/sangiovanni\/wp-content\/uploads\/sites\/6\/2022\/09\/PPD-2.P.png\",\"datePublished\":\"2022-09-13T09:49:06+00:00\",\"dateModified\":\"2022-09-29T11:17:25+00:00\",\"author\":{\"@id\":\"https:\/\/www.abf.eu\/sangiovanni\/#\/schema\/person\/9dc51cb81e36ca178c59ff54c8e66c30\"},\"description\":\"ABF San Giovanni e 'I Love Valle Brembana' si uniscono contro la disabilit\u00e0 per abbattere i limiti del tradizionale metodo assistenziale.\",\"breadcrumb\":{\"@id\":\"https:\/\/www.abf.eu\/sangiovanni\/bottega-dell-inclusivita\/#breadcrumb\"},\"inLanguage\":\"it-IT\",\"potentialAction\":[{\"@type\":\"ReadAction\",\"target\":[\"https:\/\/www.abf.eu\/sangiovanni\/bottega-dell-inclusivita\/\"]}]},{\"@type\":\"ImageObject\",\"inLanguage\":\"it-IT\",\"@id\":\"https:\/\/www.abf.eu\/sangiovanni\/bottega-dell-inclusivita\/#primaryimage\",\"url\":\"https:\/\/www.abf.eu\/sangiovanni\/wp-content\/uploads\/sites\/6\/2022\/09\/PPD-2.P.png\",\"contentUrl\":\"https:\/\/www.abf.eu\/sangiovanni\/wp-content\/uploads\/sites\/6\/2022\/09\/PPD-2.P.png\",\"width\":1000,\"height\":667},{\"@type\":\"BreadcrumbList\",\"@id\":\"https:\/\/www.abf.eu\/sangiovanni\/bottega-dell-inclusivita\/#breadcrumb\",\"itemListElement\":[{\"@type\":\"ListItem\",\"position\":1,\"name\":\"Home\",\"item\":\"https:\/\/www.abf.eu\/sangiovanni\/\"},{\"@type\":\"ListItem\",\"position\":2,\"name\":\"Bottega dell&#8217;inclusivit\u00e0, una promozione firmata Valle Brembana!\"}]},{\"@type\":\"WebSite\",\"@id\":\"https:\/\/www.abf.eu\/sangiovanni\/#website\",\"url\":\"https:\/\/www.abf.eu\/sangiovanni\/\",\"name\":\"S.Giovanni Bianco\",\"description\":\"Ecco un altro sito Abf siti\",\"potentialAction\":[{\"@type\":\"SearchAction\",\"target\":{\"@type\":\"EntryPoint\",\"urlTemplate\":\"https:\/\/www.abf.eu\/sangiovanni\/?s={search_term_string}\"},\"query-input\":{\"@type\":\"PropertyValueSpecification\",\"valueRequired\":true,\"valueName\":\"search_term_string\"}}],\"inLanguage\":\"it-IT\"},{\"@type\":\"Person\",\"@id\":\"https:\/\/www.abf.eu\/sangiovanni\/#\/schema\/person\/9dc51cb81e36ca178c59ff54c8e66c30\",\"name\":\"abfeditorsangiovanni\",\"image\":{\"@type\":\"ImageObject\",\"inLanguage\":\"it-IT\",\"@id\":\"https:\/\/www.abf.eu\/sangiovanni\/#\/schema\/person\/image\/\",\"url\":\"https:\/\/secure.gravatar.com\/avatar\/6262a54198e44c708b87d35102d0a7e04a6a3e780904eac7aa5c0cd52481c0f4?s=96&d=mm&r=g\",\"contentUrl\":\"https:\/\/secure.gravatar.com\/avatar\/6262a54198e44c708b87d35102d0a7e04a6a3e780904eac7aa5c0cd52481c0f4?s=96&d=mm&r=g\",\"caption\":\"abfeditorsangiovanni\"},\"url\":\"https:\/\/www.abf.eu\/sangiovanni\/author\/abfeditorsangiovanni\/\"}]}<\/script>\n<!-- \/ Yoast SEO plugin. -->","yoast_head_json":{"title":"Bottega dell'inclusivit\u00e0, una promozione firmata Valle Brembana! - S.Giovanni Bianco","description":"ABF San Giovanni e 'I Love Valle Brembana' si uniscono contro la disabilit\u00e0 per abbattere i limiti del tradizionale metodo assistenziale.","robots":{"index":"index","follow":"follow","max-snippet":"max-snippet:-1","max-image-preview":"max-image-preview:large","max-video-preview":"max-video-preview:-1"},"canonical":"https:\/\/www.abf.eu\/sangiovanni\/bottega-dell-inclusivita\/","og_locale":"it_IT","og_type":"article","og_title":"Bottega dell'inclusivit\u00e0, una promozione firmata Valle Brembana! - S.Giovanni Bianco","og_description":"ABF San Giovanni e 'I Love Valle Brembana' si uniscono contro la disabilit\u00e0 per abbattere i limiti del tradizionale metodo assistenziale.","og_url":"https:\/\/www.abf.eu\/sangiovanni\/bottega-dell-inclusivita\/","og_site_name":"S.Giovanni Bianco","article_published_time":"2022-09-13T09:49:06+00:00","article_modified_time":"2022-09-29T11:17:25+00:00","og_image":[{"width":1000,"height":667,"url":"https:\/\/www.abf.eu\/sangiovanni\/wp-content\/uploads\/sites\/6\/2022\/09\/PPD-2.P.png","type":"image\/png"}],"author":"abfeditorsangiovanni","twitter_card":"summary_large_image","twitter_misc":{"Scritto da":"abfeditorsangiovanni","Tempo di lettura stimato":"2 minuti"},"schema":{"@context":"https:\/\/schema.org","@graph":[{"@type":"WebPage","@id":"https:\/\/www.abf.eu\/sangiovanni\/bottega-dell-inclusivita\/","url":"https:\/\/www.abf.eu\/sangiovanni\/bottega-dell-inclusivita\/","name":"Bottega dell'inclusivit\u00e0, una promozione firmata Valle Brembana! - S.Giovanni Bianco","isPartOf":{"@id":"https:\/\/www.abf.eu\/sangiovanni\/#website"},"primaryImageOfPage":{"@id":"https:\/\/www.abf.eu\/sangiovanni\/bottega-dell-inclusivita\/#primaryimage"},"image":{"@id":"https:\/\/www.abf.eu\/sangiovanni\/bottega-dell-inclusivita\/#primaryimage"},"thumbnailUrl":"https:\/\/www.abf.eu\/sangiovanni\/wp-content\/uploads\/sites\/6\/2022\/09\/PPD-2.P.png","datePublished":"2022-09-13T09:49:06+00:00","dateModified":"2022-09-29T11:17:25+00:00","author":{"@id":"https:\/\/www.abf.eu\/sangiovanni\/#\/schema\/person\/9dc51cb81e36ca178c59ff54c8e66c30"},"description":"ABF San Giovanni e 'I Love Valle Brembana' si uniscono contro la disabilit\u00e0 per abbattere i limiti del tradizionale metodo assistenziale.","breadcrumb":{"@id":"https:\/\/www.abf.eu\/sangiovanni\/bottega-dell-inclusivita\/#breadcrumb"},"inLanguage":"it-IT","potentialAction":[{"@type":"ReadAction","target":["https:\/\/www.abf.eu\/sangiovanni\/bottega-dell-inclusivita\/"]}]},{"@type":"ImageObject","inLanguage":"it-IT","@id":"https:\/\/www.abf.eu\/sangiovanni\/bottega-dell-inclusivita\/#primaryimage","url":"https:\/\/www.abf.eu\/sangiovanni\/wp-content\/uploads\/sites\/6\/2022\/09\/PPD-2.P.png","contentUrl":"https:\/\/www.abf.eu\/sangiovanni\/wp-content\/uploads\/sites\/6\/2022\/09\/PPD-2.P.png","width":1000,"height":667},{"@type":"BreadcrumbList","@id":"https:\/\/www.abf.eu\/sangiovanni\/bottega-dell-inclusivita\/#breadcrumb","itemListElement":[{"@type":"ListItem","position":1,"name":"Home","item":"https:\/\/www.abf.eu\/sangiovanni\/"},{"@type":"ListItem","position":2,"name":"Bottega dell&#8217;inclusivit\u00e0, una promozione firmata Valle Brembana!"}]},{"@type":"WebSite","@id":"https:\/\/www.abf.eu\/sangiovanni\/#website","url":"https:\/\/www.abf.eu\/sangiovanni\/","name":"S.Giovanni Bianco","description":"Ecco un altro sito Abf siti","potentialAction":[{"@type":"SearchAction","target":{"@type":"EntryPoint","urlTemplate":"https:\/\/www.abf.eu\/sangiovanni\/?s={search_term_string}"},"query-input":{"@type":"PropertyValueSpecification","valueRequired":true,"valueName":"search_term_string"}}],"inLanguage":"it-IT"},{"@type":"Person","@id":"https:\/\/www.abf.eu\/sangiovanni\/#\/schema\/person\/9dc51cb81e36ca178c59ff54c8e66c30","name":"abfeditorsangiovanni","image":{"@type":"ImageObject","inLanguage":"it-IT","@id":"https:\/\/www.abf.eu\/sangiovanni\/#\/schema\/person\/image\/","url":"https:\/\/secure.gravatar.com\/avatar\/6262a54198e44c708b87d35102d0a7e04a6a3e780904eac7aa5c0cd52481c0f4?s=96&d=mm&r=g","contentUrl":"https:\/\/secure.gravatar.com\/avatar\/6262a54198e44c708b87d35102d0a7e04a6a3e780904eac7aa5c0cd52481c0f4?s=96&d=mm&r=g","caption":"abfeditorsangiovanni"},"url":"https:\/\/www.abf.eu\/sangiovanni\/author\/abfeditorsangiovanni\/"}]}},"_links":{"self":[{"href":"https:\/\/www.abf.eu\/sangiovanni\/wp-json\/wp\/v2\/posts\/15592","targetHints":{"allow":["GET"]}}],"collection":[{"href":"https:\/\/www.abf.eu\/sangiovanni\/wp-json\/wp\/v2\/posts"}],"about":[{"href":"https:\/\/www.abf.eu\/sangiovanni\/wp-json\/wp\/v2\/types\/post"}],"author":[{"embeddable":true,"href":"https:\/\/www.abf.eu\/sangiovanni\/wp-json\/wp\/v2\/users\/49"}],"replies":[{"embeddable":true,"href":"https:\/\/www.abf.eu\/sangiovanni\/wp-json\/wp\/v2\/comments?post=15592"}],"version-history":[{"count":5,"href":"https:\/\/www.abf.eu\/sangiovanni\/wp-json\/wp\/v2\/posts\/15592\/revisions"}],"predecessor-version":[{"id":15614,"href":"https:\/\/www.abf.eu\/sangiovanni\/wp-json\/wp\/v2\/posts\/15592\/revisions\/15614"}],"wp:featuredmedia":[{"embeddable":true,"href":"https:\/\/www.abf.eu\/sangiovanni\/wp-json\/wp\/v2\/media\/15595"}],"wp:attachment":[{"href":"https:\/\/www.abf.eu\/sangiovanni\/wp-json\/wp\/v2\/media?parent=15592"}],"wp:term":[{"taxonomy":"category","embeddable":true,"href":"https:\/\/www.abf.eu\/sangiovanni\/wp-json\/wp\/v2\/categories?post=15592"},{"taxonomy":"post_tag","embeddable":true,"href":"https:\/\/www.abf.eu\/sangiovanni\/wp-json\/wp\/v2\/tags?post=15592"}],"curies":[{"name":"wp","href":"https:\/\/api.w.org\/{rel}","templated":true}]}}