{"id":15890,"date":"2023-05-12T14:37:57","date_gmt":"2023-05-12T12:37:57","guid":{"rendered":"https:\/\/www.abf.eu\/sangiovanni\/?p=15890"},"modified":"2023-05-12T14:37:59","modified_gmt":"2023-05-12T12:37:59","slug":"marco-baruffaldi-una-voce-contro-il-bullismo","status":"publish","type":"post","link":"https:\/\/www.abf.eu\/sangiovanni\/marco-baruffaldi-una-voce-contro-il-bullismo\/","title":{"rendered":"Marco Baruffaldi: una voce contro il bullismo"},"content":{"rendered":"\n<h3 class=\"wp-block-heading\">I ragazzi di ABF San Giovanni incontrano Marco, che con il suo rap rimette al loro posto i bulli.<\/h3>\n\n\n\n<p>Abf San Giovanni ha organizzato un importante progetto contro il bullismo, nel quale sono stati coinvolti i ragazzi del PPD e i ragazzi delle classi prime della scuola.<\/p>\n\n\n\n<p>Questo progetto nasce con l&#8217;intenzione di far collaborare gli studenti e far capire loro l&#8217;importanza del rispetto reciproco.<\/p>\n\n\n\n<p>\u00c8 di primaria importanza far riflettere i nostri studenti sul concetto che nessun tipo di differenza o diversit\u00e0 pu\u00f2 ostacolare n\u00e9 un rapporto n\u00e9 un lavoro di gruppo perch\u00e9 quando ci si mette la voglia di creare qualcosa di bello, tutti possiamo essere una risorsa utile e preziosa.<\/p>\n\n\n\n<p>Dalla collaborazione e dal lavoro basato sul rispetto e l\u2019aiuto reciproco possono nascere poi dei bellissimi eventi.<\/p>\n\n\n\n<p>Come quello avvenuto nella serata di mercoled\u00ec 26 aprile all&#8217;oratorio di San Giovanni Bianco.<\/p>\n\n\n\n<h5 class=\"wp-block-heading\">L\u2019unione fa la forza<\/h5>\n\n\n\n<p>La serata \u00e8 stata un momento speciale che va a riassumere il percorso del progetto sul bullismo organizzato dall&#8217;istituto.<\/p>\n\n\n\n<p>Progetto al quale i nostri ragazzi hanno partecipato con gioia e grande spirito di collaborazione.<\/p>\n\n\n\n<p>Alcuni alunni si sono occupati di creare e distribuire i volantini nei paesi limitrofi.<\/p>\n\n\n\n<p>Altri ragazzi, addetti alla portineria, hanno accolto gli ospiti all&#8217;apertura della serata.<\/p>\n\n\n\n<p>Infine, alcuni di loro si sono improvvisati chef e camerieri per una sera servendo ai tavoli la squisita cena che \u00e8 stata offerta a tutti gli ospiti.<\/p>\n\n\n\n<p>Inoltre ci sono stati diversi momenti di intrattenimento, come il gruppo di danza che ha ballato un pezzo pop ma anche momenti di riflessione con un ospite speciale.<\/p>\n\n\n\n<h5 class=\"wp-block-heading\">Un evento molto speciale a ritmo di musica.<\/h5>\n\n\n\n<p>L&#8217;evento \u00e8 stata l&#8217;occasione per confrontarsi tra ragazzi e adulti per ricordare nuovamente la finalit\u00e0 del progetto: sconfiggere il bullismo insieme.<\/p>\n\n\n\n<p>Per l&#8217;occasione \u00e8 stato presente un ospite speciale <strong>Marco Baruffaldi<\/strong>, cantante rap e ragazzo con la sindrome di Down che ha dato la sua generosa disponibilit\u00e0 a partecipare alla serata per dare una testimonianza di quanto la lotta contro il bullismo sia dura e difficile. Il messaggio \u00e8 quello del combattere insieme per superare queste difficolt\u00e0.<\/p>\n\n\n\n<p>Un bellissimo esempio per i nostri ragazzi ma non solo, perch\u00e9 ognuno di noi pu\u00f2 dare il suo contributo e cantarne quattro ai bulli.<\/p>\n\n\n\n<figure class=\"wp-block-pullquote\"><blockquote><p>La diversit\u00e0 sta negli occhi di chi guarda, tutti siamo diversi ed unici a modo nostro.<\/p><\/blockquote><\/figure>\n\n\n\n<h5 class=\"wp-block-heading\">La storia di Marco Baruffaldi, un esempio di forza<\/h5>\n\n\n\n<p>Marco spiega attraverso i suoi canali social quanto la diversit\u00e0 possa essere un punto di partenza per creare qualcosa di unico e prezioso. Il mezzo che usa per denunciare il bullismo \u00e8 unico e speciale, perch\u00e9 sa che alla violenza non si risponde con altra violenza. Marco risponde ai bulli ma non con la loro stessa moneta , lo fa utilizzando un modo diverso a ritmo di musica come solo lui sa fare.&nbsp;<\/p>\n\n\n\n<p>Lui la lotta contro il bullismo la porta avanti con il sorriso in volto e la musica, sua fedele compagna, che gli batte forte nel cuore.<\/p>\n\n\n\n<p>Inoltre Marco non si \u00e8 fermato solo la sera del 26 aprile ma ha gentilmente dato la sua disponibilit\u00e0 ad incontrare tutti i ragazzi delle prime della nostra scuola il giorno seguente.<\/p>\n\n\n\n<p>Insomma un ragazzo disponibile, solare, sempre pronto e pieno di passione se si tratta di incontrare i ragazzi e dare loro un bell\u2019insegnamento di vita.<\/p>\n\n\n\n<p>Auguriamo a Marco di portare sempre avanti la sua lotta contro il bullismo con la stessa forza e ritmo, sicuri che questo incontro sia stato per i nostri ragazzi un momento prezioso da portare nella mente e nel cuore.<\/p>\n\n\n\n<figure class=\"wp-block-image size-full\"><img loading=\"lazy\" decoding=\"async\" width=\"1000\" height=\"667\" src=\"https:\/\/www.abf.eu\/sangiovanni\/wp-content\/uploads\/sites\/6\/2023\/05\/20230510_100142_0000.png\" alt=\"\" class=\"wp-image-15893\" srcset=\"https:\/\/www.abf.eu\/sangiovanni\/wp-content\/uploads\/sites\/6\/2023\/05\/20230510_100142_0000.png 1000w, https:\/\/www.abf.eu\/sangiovanni\/wp-content\/uploads\/sites\/6\/2023\/05\/20230510_100142_0000-300x200.png 300w, https:\/\/www.abf.eu\/sangiovanni\/wp-content\/uploads\/sites\/6\/2023\/05\/20230510_100142_0000-768x512.png 768w, https:\/\/www.abf.eu\/sangiovanni\/wp-content\/uploads\/sites\/6\/2023\/05\/20230510_100142_0000-600x400.png 600w\" sizes=\"auto, (max-width: 1000px) 100vw, 1000px\" \/><\/figure>\n","protected":false},"excerpt":{"rendered":"<p>I ragazzi di ABF San Giovanni incontrano Marco, che con<\/p>\n","protected":false},"author":49,"featured_media":15892,"comment_status":"open","ping_status":"open","sticky":false,"template":"","format":"standard","meta":{"footnotes":""},"categories":[1],"tags":[],"class_list":["post-15890","post","type-post","status-publish","format-standard","has-post-thumbnail","hentry","category-senza-categoria"],"yoast_head":"<!-- This site is optimized with the Yoast SEO plugin v25.8 - https:\/\/yoast.com\/wordpress\/plugins\/seo\/ -->\n<title>Marco Baruffaldi: una voce contro il bullismo - S.Giovanni Bianco<\/title>\n<meta name=\"description\" content=\"Abf San Giovanni ospita Marco Baruffaldi: una serata per parlare della lotta al bullismo a ritmo di musica\" \/>\n<meta name=\"robots\" content=\"index, follow, max-snippet:-1, max-image-preview:large, max-video-preview:-1\" \/>\n<link rel=\"canonical\" href=\"https:\/\/www.abf.eu\/sangiovanni\/marco-baruffaldi-una-voce-contro-il-bullismo\/\" \/>\n<meta property=\"og:locale\" content=\"it_IT\" \/>\n<meta property=\"og:type\" content=\"article\" \/>\n<meta property=\"og:title\" content=\"Marco Baruffaldi: una voce contro il bullismo - S.Giovanni Bianco\" \/>\n<meta property=\"og:description\" content=\"Abf San Giovanni ospita Marco Baruffaldi: una serata per parlare della lotta al bullismo a ritmo di musica\" \/>\n<meta property=\"og:url\" content=\"https:\/\/www.abf.eu\/sangiovanni\/marco-baruffaldi-una-voce-contro-il-bullismo\/\" \/>\n<meta property=\"og:site_name\" content=\"S.Giovanni Bianco\" \/>\n<meta property=\"article:published_time\" content=\"2023-05-12T12:37:57+00:00\" \/>\n<meta property=\"article:modified_time\" content=\"2023-05-12T12:37:59+00:00\" \/>\n<meta property=\"og:image\" content=\"https:\/\/www.abf.eu\/sangiovanni\/wp-content\/uploads\/sites\/6\/2023\/05\/20230510_095626_0000.png\" \/>\n\t<meta property=\"og:image:width\" content=\"1000\" \/>\n\t<meta property=\"og:image:height\" content=\"667\" \/>\n\t<meta property=\"og:image:type\" content=\"image\/png\" \/>\n<meta name=\"author\" content=\"abfeditorsangiovanni\" \/>\n<meta name=\"twitter:card\" content=\"summary_large_image\" \/>\n<meta name=\"twitter:label1\" content=\"Scritto da\" \/>\n\t<meta name=\"twitter:data1\" content=\"abfeditorsangiovanni\" \/>\n\t<meta name=\"twitter:label2\" content=\"Tempo di lettura stimato\" \/>\n\t<meta name=\"twitter:data2\" content=\"4 minuti\" \/>\n<script type=\"application\/ld+json\" class=\"yoast-schema-graph\">{\"@context\":\"https:\/\/schema.org\",\"@graph\":[{\"@type\":\"WebPage\",\"@id\":\"https:\/\/www.abf.eu\/sangiovanni\/marco-baruffaldi-una-voce-contro-il-bullismo\/\",\"url\":\"https:\/\/www.abf.eu\/sangiovanni\/marco-baruffaldi-una-voce-contro-il-bullismo\/\",\"name\":\"Marco Baruffaldi: una voce contro il bullismo - S.Giovanni Bianco\",\"isPartOf\":{\"@id\":\"https:\/\/www.abf.eu\/sangiovanni\/#website\"},\"primaryImageOfPage\":{\"@id\":\"https:\/\/www.abf.eu\/sangiovanni\/marco-baruffaldi-una-voce-contro-il-bullismo\/#primaryimage\"},\"image\":{\"@id\":\"https:\/\/www.abf.eu\/sangiovanni\/marco-baruffaldi-una-voce-contro-il-bullismo\/#primaryimage\"},\"thumbnailUrl\":\"https:\/\/www.abf.eu\/sangiovanni\/wp-content\/uploads\/sites\/6\/2023\/05\/20230510_095626_0000.png\",\"datePublished\":\"2023-05-12T12:37:57+00:00\",\"dateModified\":\"2023-05-12T12:37:59+00:00\",\"author\":{\"@id\":\"https:\/\/www.abf.eu\/sangiovanni\/#\/schema\/person\/9dc51cb81e36ca178c59ff54c8e66c30\"},\"description\":\"Abf San Giovanni ospita Marco Baruffaldi: una serata per parlare della lotta al bullismo a ritmo di musica\",\"breadcrumb\":{\"@id\":\"https:\/\/www.abf.eu\/sangiovanni\/marco-baruffaldi-una-voce-contro-il-bullismo\/#breadcrumb\"},\"inLanguage\":\"it-IT\",\"potentialAction\":[{\"@type\":\"ReadAction\",\"target\":[\"https:\/\/www.abf.eu\/sangiovanni\/marco-baruffaldi-una-voce-contro-il-bullismo\/\"]}]},{\"@type\":\"ImageObject\",\"inLanguage\":\"it-IT\",\"@id\":\"https:\/\/www.abf.eu\/sangiovanni\/marco-baruffaldi-una-voce-contro-il-bullismo\/#primaryimage\",\"url\":\"https:\/\/www.abf.eu\/sangiovanni\/wp-content\/uploads\/sites\/6\/2023\/05\/20230510_095626_0000.png\",\"contentUrl\":\"https:\/\/www.abf.eu\/sangiovanni\/wp-content\/uploads\/sites\/6\/2023\/05\/20230510_095626_0000.png\",\"width\":1000,\"height\":667},{\"@type\":\"BreadcrumbList\",\"@id\":\"https:\/\/www.abf.eu\/sangiovanni\/marco-baruffaldi-una-voce-contro-il-bullismo\/#breadcrumb\",\"itemListElement\":[{\"@type\":\"ListItem\",\"position\":1,\"name\":\"Home\",\"item\":\"https:\/\/www.abf.eu\/sangiovanni\/\"},{\"@type\":\"ListItem\",\"position\":2,\"name\":\"Marco Baruffaldi: una voce contro il bullismo\"}]},{\"@type\":\"WebSite\",\"@id\":\"https:\/\/www.abf.eu\/sangiovanni\/#website\",\"url\":\"https:\/\/www.abf.eu\/sangiovanni\/\",\"name\":\"S.Giovanni Bianco\",\"description\":\"Ecco un altro sito Abf siti\",\"potentialAction\":[{\"@type\":\"SearchAction\",\"target\":{\"@type\":\"EntryPoint\",\"urlTemplate\":\"https:\/\/www.abf.eu\/sangiovanni\/?s={search_term_string}\"},\"query-input\":{\"@type\":\"PropertyValueSpecification\",\"valueRequired\":true,\"valueName\":\"search_term_string\"}}],\"inLanguage\":\"it-IT\"},{\"@type\":\"Person\",\"@id\":\"https:\/\/www.abf.eu\/sangiovanni\/#\/schema\/person\/9dc51cb81e36ca178c59ff54c8e66c30\",\"name\":\"abfeditorsangiovanni\",\"image\":{\"@type\":\"ImageObject\",\"inLanguage\":\"it-IT\",\"@id\":\"https:\/\/www.abf.eu\/sangiovanni\/#\/schema\/person\/image\/\",\"url\":\"https:\/\/secure.gravatar.com\/avatar\/6262a54198e44c708b87d35102d0a7e04a6a3e780904eac7aa5c0cd52481c0f4?s=96&d=mm&r=g\",\"contentUrl\":\"https:\/\/secure.gravatar.com\/avatar\/6262a54198e44c708b87d35102d0a7e04a6a3e780904eac7aa5c0cd52481c0f4?s=96&d=mm&r=g\",\"caption\":\"abfeditorsangiovanni\"},\"url\":\"https:\/\/www.abf.eu\/sangiovanni\/author\/abfeditorsangiovanni\/\"}]}<\/script>\n<!-- \/ Yoast SEO plugin. -->","yoast_head_json":{"title":"Marco Baruffaldi: una voce contro il bullismo - S.Giovanni Bianco","description":"Abf San Giovanni ospita Marco Baruffaldi: una serata per parlare della lotta al bullismo a ritmo di musica","robots":{"index":"index","follow":"follow","max-snippet":"max-snippet:-1","max-image-preview":"max-image-preview:large","max-video-preview":"max-video-preview:-1"},"canonical":"https:\/\/www.abf.eu\/sangiovanni\/marco-baruffaldi-una-voce-contro-il-bullismo\/","og_locale":"it_IT","og_type":"article","og_title":"Marco Baruffaldi: una voce contro il bullismo - S.Giovanni Bianco","og_description":"Abf San Giovanni ospita Marco Baruffaldi: una serata per parlare della lotta al bullismo a ritmo di musica","og_url":"https:\/\/www.abf.eu\/sangiovanni\/marco-baruffaldi-una-voce-contro-il-bullismo\/","og_site_name":"S.Giovanni Bianco","article_published_time":"2023-05-12T12:37:57+00:00","article_modified_time":"2023-05-12T12:37:59+00:00","og_image":[{"width":1000,"height":667,"url":"https:\/\/www.abf.eu\/sangiovanni\/wp-content\/uploads\/sites\/6\/2023\/05\/20230510_095626_0000.png","type":"image\/png"}],"author":"abfeditorsangiovanni","twitter_card":"summary_large_image","twitter_misc":{"Scritto da":"abfeditorsangiovanni","Tempo di lettura stimato":"4 minuti"},"schema":{"@context":"https:\/\/schema.org","@graph":[{"@type":"WebPage","@id":"https:\/\/www.abf.eu\/sangiovanni\/marco-baruffaldi-una-voce-contro-il-bullismo\/","url":"https:\/\/www.abf.eu\/sangiovanni\/marco-baruffaldi-una-voce-contro-il-bullismo\/","name":"Marco Baruffaldi: una voce contro il bullismo - S.Giovanni Bianco","isPartOf":{"@id":"https:\/\/www.abf.eu\/sangiovanni\/#website"},"primaryImageOfPage":{"@id":"https:\/\/www.abf.eu\/sangiovanni\/marco-baruffaldi-una-voce-contro-il-bullismo\/#primaryimage"},"image":{"@id":"https:\/\/www.abf.eu\/sangiovanni\/marco-baruffaldi-una-voce-contro-il-bullismo\/#primaryimage"},"thumbnailUrl":"https:\/\/www.abf.eu\/sangiovanni\/wp-content\/uploads\/sites\/6\/2023\/05\/20230510_095626_0000.png","datePublished":"2023-05-12T12:37:57+00:00","dateModified":"2023-05-12T12:37:59+00:00","author":{"@id":"https:\/\/www.abf.eu\/sangiovanni\/#\/schema\/person\/9dc51cb81e36ca178c59ff54c8e66c30"},"description":"Abf San Giovanni ospita Marco Baruffaldi: una serata per parlare della lotta al bullismo a ritmo di musica","breadcrumb":{"@id":"https:\/\/www.abf.eu\/sangiovanni\/marco-baruffaldi-una-voce-contro-il-bullismo\/#breadcrumb"},"inLanguage":"it-IT","potentialAction":[{"@type":"ReadAction","target":["https:\/\/www.abf.eu\/sangiovanni\/marco-baruffaldi-una-voce-contro-il-bullismo\/"]}]},{"@type":"ImageObject","inLanguage":"it-IT","@id":"https:\/\/www.abf.eu\/sangiovanni\/marco-baruffaldi-una-voce-contro-il-bullismo\/#primaryimage","url":"https:\/\/www.abf.eu\/sangiovanni\/wp-content\/uploads\/sites\/6\/2023\/05\/20230510_095626_0000.png","contentUrl":"https:\/\/www.abf.eu\/sangiovanni\/wp-content\/uploads\/sites\/6\/2023\/05\/20230510_095626_0000.png","width":1000,"height":667},{"@type":"BreadcrumbList","@id":"https:\/\/www.abf.eu\/sangiovanni\/marco-baruffaldi-una-voce-contro-il-bullismo\/#breadcrumb","itemListElement":[{"@type":"ListItem","position":1,"name":"Home","item":"https:\/\/www.abf.eu\/sangiovanni\/"},{"@type":"ListItem","position":2,"name":"Marco Baruffaldi: una voce contro il bullismo"}]},{"@type":"WebSite","@id":"https:\/\/www.abf.eu\/sangiovanni\/#website","url":"https:\/\/www.abf.eu\/sangiovanni\/","name":"S.Giovanni Bianco","description":"Ecco un altro sito Abf siti","potentialAction":[{"@type":"SearchAction","target":{"@type":"EntryPoint","urlTemplate":"https:\/\/www.abf.eu\/sangiovanni\/?s={search_term_string}"},"query-input":{"@type":"PropertyValueSpecification","valueRequired":true,"valueName":"search_term_string"}}],"inLanguage":"it-IT"},{"@type":"Person","@id":"https:\/\/www.abf.eu\/sangiovanni\/#\/schema\/person\/9dc51cb81e36ca178c59ff54c8e66c30","name":"abfeditorsangiovanni","image":{"@type":"ImageObject","inLanguage":"it-IT","@id":"https:\/\/www.abf.eu\/sangiovanni\/#\/schema\/person\/image\/","url":"https:\/\/secure.gravatar.com\/avatar\/6262a54198e44c708b87d35102d0a7e04a6a3e780904eac7aa5c0cd52481c0f4?s=96&d=mm&r=g","contentUrl":"https:\/\/secure.gravatar.com\/avatar\/6262a54198e44c708b87d35102d0a7e04a6a3e780904eac7aa5c0cd52481c0f4?s=96&d=mm&r=g","caption":"abfeditorsangiovanni"},"url":"https:\/\/www.abf.eu\/sangiovanni\/author\/abfeditorsangiovanni\/"}]}},"_links":{"self":[{"href":"https:\/\/www.abf.eu\/sangiovanni\/wp-json\/wp\/v2\/posts\/15890","targetHints":{"allow":["GET"]}}],"collection":[{"href":"https:\/\/www.abf.eu\/sangiovanni\/wp-json\/wp\/v2\/posts"}],"about":[{"href":"https:\/\/www.abf.eu\/sangiovanni\/wp-json\/wp\/v2\/types\/post"}],"author":[{"embeddable":true,"href":"https:\/\/www.abf.eu\/sangiovanni\/wp-json\/wp\/v2\/users\/49"}],"replies":[{"embeddable":true,"href":"https:\/\/www.abf.eu\/sangiovanni\/wp-json\/wp\/v2\/comments?post=15890"}],"version-history":[{"count":5,"href":"https:\/\/www.abf.eu\/sangiovanni\/wp-json\/wp\/v2\/posts\/15890\/revisions"}],"predecessor-version":[{"id":16067,"href":"https:\/\/www.abf.eu\/sangiovanni\/wp-json\/wp\/v2\/posts\/15890\/revisions\/16067"}],"wp:featuredmedia":[{"embeddable":true,"href":"https:\/\/www.abf.eu\/sangiovanni\/wp-json\/wp\/v2\/media\/15892"}],"wp:attachment":[{"href":"https:\/\/www.abf.eu\/sangiovanni\/wp-json\/wp\/v2\/media?parent=15890"}],"wp:term":[{"taxonomy":"category","embeddable":true,"href":"https:\/\/www.abf.eu\/sangiovanni\/wp-json\/wp\/v2\/categories?post=15890"},{"taxonomy":"post_tag","embeddable":true,"href":"https:\/\/www.abf.eu\/sangiovanni\/wp-json\/wp\/v2\/tags?post=15890"}],"curies":[{"name":"wp","href":"https:\/\/api.w.org\/{rel}","templated":true}]}}