{"id":14702,"date":"2021-01-25T14:51:51","date_gmt":"2021-01-25T13:51:51","guid":{"rendered":"https:\/\/www.abf.eu\/trescore\/?p=14702"},"modified":"2021-01-26T14:08:23","modified_gmt":"2021-01-26T13:08:23","slug":"giornata-della-memoria","status":"publish","type":"post","link":"https:\/\/www.abf.eu\/trescore\/giornata-della-memoria\/","title":{"rendered":"Giornata della memoria"},"content":{"rendered":"\n<p>Il 27 gennaio \u00e8 il giorno della memoria: nel 1945 i soldati sovietici dell\u2019Armata Rossa superarono il cancello del campo di sterminio nazista di Auschwitz.<\/p>\n\n\n\n<p>Quest\u2019anno abbiamo scelto di celebrare la Giornata della Memoria in modo differente, non solamente attraverso la discussione in classe, le parole dei nostri professori e la visione di film che ci aiutino a capire l\u2019argomento. Ma attraverso qualcosa di pi\u00f9 materiale e tangibile: abbiamo deciso di posare una pietra d\u2019inciampo all\u2019ingresso del nostro cortile. Volevamo fare in modo che il ricordo e la riflessione fossero qualcosa di tutti i giorni, in cui inciampare ogni mattina entrando a scuola. Quando poi abbiamo dovuto decidere quale messaggio lasciare a chi \u201cinciampa\u201d, a chi legge dopo averla calpestata, ci \u00e8 venuta in aiuto Liliana Segre e il suo discorso tenuto a Bergamo nel 2018.<\/p>\n\n\n\n<p>Quando racconta della sua infanzia spiega di come sia stato difficile per una ragazzina affrontare le leggi razziali del fascismo e la discriminazione che viveva la sua famiglia. Ma pi\u00f9 di ogni altra cosa ricorda il dolore che gli provoc\u00f2 l\u2019espulsione da scuola, il non poter pi\u00f9 andare in classe a fare lezione con le sue compagne. Quello che ricorda come terribile, fu l\u2019indifferenza delle persone che aveva intorno, il silenzio dei vicini e della maestra, il silenzio che in pochi giusti infransero. Liliana Segre ci mette in guardia contro l\u2019indifferenza, la considera peggiore della violenza. Perch\u00e9 si pu\u00f2 sempre reagire ad un colpo, ad uno schiaffo. Mentre \u00e8 quasi impossibile reagire quando nessuno ti guarda, quando tutti voltano la testa e si tappano le orecchie. Allora sei solo. Noi non vogliamo essere come chi rimase in silenzio, non vogliamo essere complici. Per questo sulla pietra d\u2019inciampo della nostra scuola sar\u00e0 scritto: Indifferenza=complicit\u00e0.<\/p>\n\n\n\n<p>Perch\u00e8:<\/p>\n\n\n\n<p>\u201cL\u2019indifferenza \u00e8 la chiave per comprendere le ragioni del male, \u00e8 il terreno fertile nel quale, poco a poco, si radicano e crescono gli orrori. Di ieri come di oggi. Lo insegno sempre ai ragazzi che mi ascoltano: abbiate molto pi\u00f9 timore dell\u2019indifferenza che della violenza. Perch\u00e9 dalla violenza uno in qualche modo pu\u00f2 difendersi, ma non dall\u2019indifferenza. Come fai a rimproverare uno che, per esempio, invece di soccorrere chi ha avuto un incidente sull\u2019autostrada, prosegue e se ne va, perch\u00e9 il ferito sporca la tappezzeria, perch\u00e9 poi devi fare da testimone, non hai tempo, devi lavorare\u2026E quando questa indifferenza si centuplica, le coscienze si anestetizzano. Ed \u00e8 facile allora credere che la cosa non ti riguardi, voltare lo sguardo, ignorare la richiesta di aiuto di un fratello, abituarsi all\u2019orrore.\u201d Liliana Segre.<\/p>\n\n\n\n<p>Mercoled\u00ec 27 Gennaio 2021 alle ore 9 si terr\u00e0 presso il cortile della scuola la cerimonia della posa di una pietra d&#8217;inciampo che riporta la frase proposta dai ragazzi . L&#8217;evento sar\u00e0 trasmesso in diretta tramite i nostri canali social <a href=\"https:\/\/www.facebook.com\/cfptrescore\">Facebook<\/a> e <a href=\"https:\/\/www.instagram.com\/abf.trescore\/\">Instagram<\/a>.<\/p>\n\n\n\n<p>Gioved\u00ec 28 Gennaio 2021 dalle ore 9 alle ore 10.30, a conclusione delle attivit\u00e0, tutti gli studenti sono invitati a partecipare tramite piattaforma GoogleMeet ad un incontro a cura dell&#8217;associazione ANED Bergamo (Associazione Nazionale Ex Deportati) incentrato sulla figura di un deportato politico nato a Trescore Balneario.<\/p>\n\n\n\n<p>L\u2019augurio \u00e8 che le proposte fatte, i documenti presentati, le discussioni condotte <strong>creino nei nostri ragazzi la consapevolezza del dovere della Memoria<\/strong>. Una memoria responsabile, critica ed empatica verso le vicende \u201cumane\u201d riguardanti questo capitolo della nostra storia.<\/p>\n\n\n\n<p><\/p>\n","protected":false},"excerpt":{"rendered":"<p>Il 27 gennaio \u00e8 il giorno della memoria: nel 1945<\/p>\n","protected":false},"author":26,"featured_media":14703,"comment_status":"open","ping_status":"open","sticky":false,"template":"","format":"standard","meta":{"footnotes":""},"categories":[1],"tags":[],"class_list":["post-14702","post","type-post","status-publish","format-standard","has-post-thumbnail","hentry","category-senza-categoria"],"yoast_head":"<!-- This site is optimized with the Yoast SEO plugin v25.8 - https:\/\/yoast.com\/wordpress\/plugins\/seo\/ -->\n<title>Giornata della memoria - Trescore Balneario<\/title>\n<meta name=\"robots\" content=\"index, follow, max-snippet:-1, max-image-preview:large, max-video-preview:-1\" \/>\n<link rel=\"canonical\" href=\"https:\/\/www.abf.eu\/trescore\/giornata-della-memoria\/\" \/>\n<meta property=\"og:locale\" content=\"it_IT\" \/>\n<meta property=\"og:type\" content=\"article\" \/>\n<meta property=\"og:title\" content=\"Giornata della memoria - Trescore Balneario\" \/>\n<meta property=\"og:description\" content=\"Il 27 gennaio \u00e8 il giorno della memoria: nel 1945\" \/>\n<meta property=\"og:url\" content=\"https:\/\/www.abf.eu\/trescore\/giornata-della-memoria\/\" \/>\n<meta property=\"og:site_name\" content=\"Trescore Balneario\" \/>\n<meta property=\"article:published_time\" content=\"2021-01-25T13:51:51+00:00\" \/>\n<meta property=\"article:modified_time\" content=\"2021-01-26T13:08:23+00:00\" \/>\n<meta property=\"og:image\" content=\"https:\/\/www.abf.eu\/trescore\/wp-content\/uploads\/sites\/7\/2021\/01\/pexels-pixabay-53442-1.jpg\" \/>\n\t<meta property=\"og:image:width\" content=\"1440\" \/>\n\t<meta property=\"og:image:height\" content=\"960\" \/>\n\t<meta property=\"og:image:type\" content=\"image\/jpeg\" \/>\n<meta name=\"twitter:card\" content=\"summary_large_image\" \/>\n<meta name=\"twitter:label1\" content=\"Scritto da\" \/>\n\t<meta name=\"twitter:data1\" content=\"\" \/>\n\t<meta name=\"twitter:label2\" content=\"Tempo di lettura stimato\" \/>\n\t<meta name=\"twitter:data2\" content=\"3 minuti\" \/>\n<script type=\"application\/ld+json\" class=\"yoast-schema-graph\">{\"@context\":\"https:\/\/schema.org\",\"@graph\":[{\"@type\":\"WebPage\",\"@id\":\"https:\/\/www.abf.eu\/trescore\/giornata-della-memoria\/\",\"url\":\"https:\/\/www.abf.eu\/trescore\/giornata-della-memoria\/\",\"name\":\"Giornata della memoria - Trescore Balneario\",\"isPartOf\":{\"@id\":\"https:\/\/www.abf.eu\/trescore\/#website\"},\"primaryImageOfPage\":{\"@id\":\"https:\/\/www.abf.eu\/trescore\/giornata-della-memoria\/#primaryimage\"},\"image\":{\"@id\":\"https:\/\/www.abf.eu\/trescore\/giornata-della-memoria\/#primaryimage\"},\"thumbnailUrl\":\"https:\/\/www.abf.eu\/trescore\/wp-content\/uploads\/sites\/7\/2021\/01\/pexels-pixabay-53442-1.jpg\",\"datePublished\":\"2021-01-25T13:51:51+00:00\",\"dateModified\":\"2021-01-26T13:08:23+00:00\",\"author\":{\"@id\":\"\"},\"breadcrumb\":{\"@id\":\"https:\/\/www.abf.eu\/trescore\/giornata-della-memoria\/#breadcrumb\"},\"inLanguage\":\"it-IT\",\"potentialAction\":[{\"@type\":\"ReadAction\",\"target\":[\"https:\/\/www.abf.eu\/trescore\/giornata-della-memoria\/\"]}]},{\"@type\":\"ImageObject\",\"inLanguage\":\"it-IT\",\"@id\":\"https:\/\/www.abf.eu\/trescore\/giornata-della-memoria\/#primaryimage\",\"url\":\"https:\/\/www.abf.eu\/trescore\/wp-content\/uploads\/sites\/7\/2021\/01\/pexels-pixabay-53442-1.jpg\",\"contentUrl\":\"https:\/\/www.abf.eu\/trescore\/wp-content\/uploads\/sites\/7\/2021\/01\/pexels-pixabay-53442-1.jpg\",\"width\":1440,\"height\":960,\"caption\":\"immagine giornata della memoria\"},{\"@type\":\"BreadcrumbList\",\"@id\":\"https:\/\/www.abf.eu\/trescore\/giornata-della-memoria\/#breadcrumb\",\"itemListElement\":[{\"@type\":\"ListItem\",\"position\":1,\"name\":\"Home\",\"item\":\"https:\/\/www.abf.eu\/trescore\/\"},{\"@type\":\"ListItem\",\"position\":2,\"name\":\"Giornata della memoria\"}]},{\"@type\":\"WebSite\",\"@id\":\"https:\/\/www.abf.eu\/trescore\/#website\",\"url\":\"https:\/\/www.abf.eu\/trescore\/\",\"name\":\"Trescore Balneario\",\"description\":\"Ecco un altro sito Abf siti\",\"potentialAction\":[{\"@type\":\"SearchAction\",\"target\":{\"@type\":\"EntryPoint\",\"urlTemplate\":\"https:\/\/www.abf.eu\/trescore\/?s={search_term_string}\"},\"query-input\":{\"@type\":\"PropertyValueSpecification\",\"valueRequired\":true,\"valueName\":\"search_term_string\"}}],\"inLanguage\":\"it-IT\"},{\"@type\":\"Person\",\"@id\":\"\",\"url\":\"https:\/\/www.abf.eu\/trescore\/author\/\"}]}<\/script>\n<!-- \/ Yoast SEO plugin. -->","yoast_head_json":{"title":"Giornata della memoria - Trescore Balneario","robots":{"index":"index","follow":"follow","max-snippet":"max-snippet:-1","max-image-preview":"max-image-preview:large","max-video-preview":"max-video-preview:-1"},"canonical":"https:\/\/www.abf.eu\/trescore\/giornata-della-memoria\/","og_locale":"it_IT","og_type":"article","og_title":"Giornata della memoria - Trescore Balneario","og_description":"Il 27 gennaio \u00e8 il giorno della memoria: nel 1945","og_url":"https:\/\/www.abf.eu\/trescore\/giornata-della-memoria\/","og_site_name":"Trescore Balneario","article_published_time":"2021-01-25T13:51:51+00:00","article_modified_time":"2021-01-26T13:08:23+00:00","og_image":[{"width":1440,"height":960,"url":"https:\/\/www.abf.eu\/trescore\/wp-content\/uploads\/sites\/7\/2021\/01\/pexels-pixabay-53442-1.jpg","type":"image\/jpeg"}],"twitter_card":"summary_large_image","twitter_misc":{"Scritto da":"","Tempo di lettura stimato":"3 minuti"},"schema":{"@context":"https:\/\/schema.org","@graph":[{"@type":"WebPage","@id":"https:\/\/www.abf.eu\/trescore\/giornata-della-memoria\/","url":"https:\/\/www.abf.eu\/trescore\/giornata-della-memoria\/","name":"Giornata della memoria - Trescore Balneario","isPartOf":{"@id":"https:\/\/www.abf.eu\/trescore\/#website"},"primaryImageOfPage":{"@id":"https:\/\/www.abf.eu\/trescore\/giornata-della-memoria\/#primaryimage"},"image":{"@id":"https:\/\/www.abf.eu\/trescore\/giornata-della-memoria\/#primaryimage"},"thumbnailUrl":"https:\/\/www.abf.eu\/trescore\/wp-content\/uploads\/sites\/7\/2021\/01\/pexels-pixabay-53442-1.jpg","datePublished":"2021-01-25T13:51:51+00:00","dateModified":"2021-01-26T13:08:23+00:00","author":{"@id":""},"breadcrumb":{"@id":"https:\/\/www.abf.eu\/trescore\/giornata-della-memoria\/#breadcrumb"},"inLanguage":"it-IT","potentialAction":[{"@type":"ReadAction","target":["https:\/\/www.abf.eu\/trescore\/giornata-della-memoria\/"]}]},{"@type":"ImageObject","inLanguage":"it-IT","@id":"https:\/\/www.abf.eu\/trescore\/giornata-della-memoria\/#primaryimage","url":"https:\/\/www.abf.eu\/trescore\/wp-content\/uploads\/sites\/7\/2021\/01\/pexels-pixabay-53442-1.jpg","contentUrl":"https:\/\/www.abf.eu\/trescore\/wp-content\/uploads\/sites\/7\/2021\/01\/pexels-pixabay-53442-1.jpg","width":1440,"height":960,"caption":"immagine giornata della memoria"},{"@type":"BreadcrumbList","@id":"https:\/\/www.abf.eu\/trescore\/giornata-della-memoria\/#breadcrumb","itemListElement":[{"@type":"ListItem","position":1,"name":"Home","item":"https:\/\/www.abf.eu\/trescore\/"},{"@type":"ListItem","position":2,"name":"Giornata della memoria"}]},{"@type":"WebSite","@id":"https:\/\/www.abf.eu\/trescore\/#website","url":"https:\/\/www.abf.eu\/trescore\/","name":"Trescore Balneario","description":"Ecco un altro sito Abf siti","potentialAction":[{"@type":"SearchAction","target":{"@type":"EntryPoint","urlTemplate":"https:\/\/www.abf.eu\/trescore\/?s={search_term_string}"},"query-input":{"@type":"PropertyValueSpecification","valueRequired":true,"valueName":"search_term_string"}}],"inLanguage":"it-IT"},{"@type":"Person","@id":"","url":"https:\/\/www.abf.eu\/trescore\/author\/"}]}},"_links":{"self":[{"href":"https:\/\/www.abf.eu\/trescore\/wp-json\/wp\/v2\/posts\/14702","targetHints":{"allow":["GET"]}}],"collection":[{"href":"https:\/\/www.abf.eu\/trescore\/wp-json\/wp\/v2\/posts"}],"about":[{"href":"https:\/\/www.abf.eu\/trescore\/wp-json\/wp\/v2\/types\/post"}],"author":[{"embeddable":true,"href":"https:\/\/www.abf.eu\/trescore\/wp-json\/wp\/v2\/users\/26"}],"replies":[{"embeddable":true,"href":"https:\/\/www.abf.eu\/trescore\/wp-json\/wp\/v2\/comments?post=14702"}],"version-history":[{"count":2,"href":"https:\/\/www.abf.eu\/trescore\/wp-json\/wp\/v2\/posts\/14702\/revisions"}],"predecessor-version":[{"id":14706,"href":"https:\/\/www.abf.eu\/trescore\/wp-json\/wp\/v2\/posts\/14702\/revisions\/14706"}],"wp:featuredmedia":[{"embeddable":true,"href":"https:\/\/www.abf.eu\/trescore\/wp-json\/wp\/v2\/media\/14703"}],"wp:attachment":[{"href":"https:\/\/www.abf.eu\/trescore\/wp-json\/wp\/v2\/media?parent=14702"}],"wp:term":[{"taxonomy":"category","embeddable":true,"href":"https:\/\/www.abf.eu\/trescore\/wp-json\/wp\/v2\/categories?post=14702"},{"taxonomy":"post_tag","embeddable":true,"href":"https:\/\/www.abf.eu\/trescore\/wp-json\/wp\/v2\/tags?post=14702"}],"curies":[{"name":"wp","href":"https:\/\/api.w.org\/{rel}","templated":true}]}}