{"id":14831,"date":"2021-05-27T10:56:05","date_gmt":"2021-05-27T08:56:05","guid":{"rendered":"https:\/\/www.abf.eu\/trescore\/?p=14831"},"modified":"2022-04-19T12:06:04","modified_gmt":"2022-04-19T10:06:04","slug":"la-capsula-del-tempo-in-memoria-al-periodo-coronavirus","status":"publish","type":"post","link":"https:\/\/www.abf.eu\/trescore\/la-capsula-del-tempo-in-memoria-al-periodo-coronavirus\/","title":{"rendered":"CORONAVIRUS: La capsula del tempo"},"content":{"rendered":"\n<p>L\u2019emergenza del Coronavirus sta cambiando profondamente le nostre vite, mettendoci in una condizione che ci servir\u00e0 da lezione per il<strong> futuro<\/strong>. E\u2019 quindi&nbsp; importante trarre dalla vicenda che stiamo vivendo qualche momento di <strong>riflessione<\/strong>. <\/p>\n\n\n\n<p>Per questo motivo, Marted\u00ec 25 Maggio 2021, <strong>i ragazzi del <\/strong><a href=\"https:\/\/www.abf.eu\/trescore\/\"><strong>CFP di Trescore Balneario<\/strong> <\/a>hanno trascritto i loro pensieri in lettere personali. Queste considerazioni sono state inserite all\u2019interno di una capsula in acciaio inossidabile.  Lo scopo di questa iniziativa \u00e8 quello di lasciare un messaggio e ricordare ai posteri l\u2019anno e mezzo di pandemia che abbiamo vissuto e stiamo ancora vivendo. <\/p>\n\n\n\n<p>L\u2019epidemia di Covid-19 \u00e8 l\u2019evento pi\u00f9 grave che si sia verificato dal dopoguerra a oggi e ha avuto un profondo impatto sulle nostre vite. Questo gesto fatto dai ragazzi \u00e8 un simbolo di speranza e un invito a non restare indifferenti davanti alle situazioni difficili. Come diceva <a href=\"https:\/\/www.libriantichionline.com\/divagazioni\/antonio_gramsci_odio_gli_indifferenti\">Antonio Gramsci<\/a>: \u201c l\u2019indifferenza \u00e8 il peso morto della storia; \u00e8 la materia bruta che strozza l\u2019intelligenza\u201d. Un altro obiettivo della <strong>\u201cCapsula del tempo\u201d<\/strong> \u00e8 stato quello di promuovere  l\u2019istruzione, in quanto fattore fondamentale valido oggi, come ieri e soprattutto domani.  <\/p>\n\n\n\n<p>Infine, uno dei temi che ha pi\u00f9 toccato i cuori dei ragazzi \u00e8 stata l\u2019importanza della <strong>famiglia<\/strong>, della vita stessa. Tutto ci\u00f2 ha portato non solo gli studenti, ma anche tutti noi, a una riflessione su molti valori che, prima del Coronavirus, venivano ignorati.&nbsp;Questa triste situazione rester\u00e0 nella <strong>memoria<\/strong> di tutti noi e ci far\u00e0 apprezzare di pi\u00f9 ogni piccolo momento senza dare pi\u00f9 nulla per scontato. <\/p>\n","protected":false},"excerpt":{"rendered":"<p>L\u2019emergenza del Coronavirus sta cambiando profondamente le nostre vite, mettendoci<\/p>\n","protected":false},"author":26,"featured_media":14833,"comment_status":"open","ping_status":"open","sticky":false,"template":"","format":"standard","meta":{"footnotes":""},"categories":[1],"tags":[],"class_list":["post-14831","post","type-post","status-publish","format-standard","has-post-thumbnail","hentry","category-senza-categoria"],"yoast_head":"<!-- This site is optimized with the Yoast SEO plugin v25.8 - https:\/\/yoast.com\/wordpress\/plugins\/seo\/ -->\n<title>CORONAVIRUS: LA CAPSULA DEL TEMPO IN MEMORIA AL COVID-19<\/title>\n<meta name=\"description\" content=\"I ragazzi del CFP di Trescore hanno scritto delle lettere per la capsula del tempo, lasciando un messaggio in merito al periodo Coronavirus.\" \/>\n<meta name=\"robots\" content=\"index, follow, max-snippet:-1, max-image-preview:large, max-video-preview:-1\" \/>\n<link rel=\"canonical\" href=\"https:\/\/www.abf.eu\/trescore\/la-capsula-del-tempo-in-memoria-al-periodo-coronavirus\/\" \/>\n<meta property=\"og:locale\" content=\"it_IT\" \/>\n<meta property=\"og:type\" content=\"article\" \/>\n<meta property=\"og:title\" content=\"CORONAVIRUS: LA CAPSULA DEL TEMPO IN MEMORIA AL COVID-19\" \/>\n<meta property=\"og:description\" content=\"I ragazzi del CFP di Trescore hanno scritto delle lettere per la capsula del tempo, lasciando un messaggio in merito al periodo Coronavirus.\" \/>\n<meta property=\"og:url\" content=\"https:\/\/www.abf.eu\/trescore\/la-capsula-del-tempo-in-memoria-al-periodo-coronavirus\/\" \/>\n<meta property=\"og:site_name\" content=\"Trescore Balneario\" \/>\n<meta property=\"article:published_time\" content=\"2021-05-27T08:56:05+00:00\" \/>\n<meta property=\"article:modified_time\" content=\"2022-04-19T10:06:04+00:00\" \/>\n<meta property=\"og:image\" content=\"https:\/\/www.abf.eu\/trescore\/wp-content\/uploads\/sites\/7\/2021\/05\/74A92583-1728-48B1-87E2-C4DA87A02828_1_201_a-1.jpg\" \/>\n\t<meta property=\"og:image:width\" content=\"1000\" \/>\n\t<meta property=\"og:image:height\" content=\"667\" \/>\n\t<meta property=\"og:image:type\" content=\"image\/jpeg\" \/>\n<meta name=\"twitter:card\" content=\"summary_large_image\" \/>\n<meta name=\"twitter:label1\" content=\"Scritto da\" \/>\n\t<meta name=\"twitter:data1\" content=\"\" \/>\n\t<meta name=\"twitter:label2\" content=\"Tempo di lettura stimato\" \/>\n\t<meta name=\"twitter:data2\" content=\"2 minuti\" \/>\n<script type=\"application\/ld+json\" class=\"yoast-schema-graph\">{\"@context\":\"https:\/\/schema.org\",\"@graph\":[{\"@type\":\"WebPage\",\"@id\":\"https:\/\/www.abf.eu\/trescore\/la-capsula-del-tempo-in-memoria-al-periodo-coronavirus\/\",\"url\":\"https:\/\/www.abf.eu\/trescore\/la-capsula-del-tempo-in-memoria-al-periodo-coronavirus\/\",\"name\":\"CORONAVIRUS: LA CAPSULA DEL TEMPO IN MEMORIA AL COVID-19\",\"isPartOf\":{\"@id\":\"https:\/\/www.abf.eu\/trescore\/#website\"},\"primaryImageOfPage\":{\"@id\":\"https:\/\/www.abf.eu\/trescore\/la-capsula-del-tempo-in-memoria-al-periodo-coronavirus\/#primaryimage\"},\"image\":{\"@id\":\"https:\/\/www.abf.eu\/trescore\/la-capsula-del-tempo-in-memoria-al-periodo-coronavirus\/#primaryimage\"},\"thumbnailUrl\":\"https:\/\/www.abf.eu\/trescore\/wp-content\/uploads\/sites\/7\/2021\/05\/74A92583-1728-48B1-87E2-C4DA87A02828_1_201_a-1.jpg\",\"datePublished\":\"2021-05-27T08:56:05+00:00\",\"dateModified\":\"2022-04-19T10:06:04+00:00\",\"author\":{\"@id\":\"\"},\"description\":\"I ragazzi del CFP di Trescore hanno scritto delle lettere per la capsula del tempo, lasciando un messaggio in merito al periodo Coronavirus.\",\"breadcrumb\":{\"@id\":\"https:\/\/www.abf.eu\/trescore\/la-capsula-del-tempo-in-memoria-al-periodo-coronavirus\/#breadcrumb\"},\"inLanguage\":\"it-IT\",\"potentialAction\":[{\"@type\":\"ReadAction\",\"target\":[\"https:\/\/www.abf.eu\/trescore\/la-capsula-del-tempo-in-memoria-al-periodo-coronavirus\/\"]}]},{\"@type\":\"ImageObject\",\"inLanguage\":\"it-IT\",\"@id\":\"https:\/\/www.abf.eu\/trescore\/la-capsula-del-tempo-in-memoria-al-periodo-coronavirus\/#primaryimage\",\"url\":\"https:\/\/www.abf.eu\/trescore\/wp-content\/uploads\/sites\/7\/2021\/05\/74A92583-1728-48B1-87E2-C4DA87A02828_1_201_a-1.jpg\",\"contentUrl\":\"https:\/\/www.abf.eu\/trescore\/wp-content\/uploads\/sites\/7\/2021\/05\/74A92583-1728-48B1-87E2-C4DA87A02828_1_201_a-1.jpg\",\"width\":1000,\"height\":667},{\"@type\":\"BreadcrumbList\",\"@id\":\"https:\/\/www.abf.eu\/trescore\/la-capsula-del-tempo-in-memoria-al-periodo-coronavirus\/#breadcrumb\",\"itemListElement\":[{\"@type\":\"ListItem\",\"position\":1,\"name\":\"Home\",\"item\":\"https:\/\/www.abf.eu\/trescore\/\"},{\"@type\":\"ListItem\",\"position\":2,\"name\":\"CORONAVIRUS: La capsula del tempo\"}]},{\"@type\":\"WebSite\",\"@id\":\"https:\/\/www.abf.eu\/trescore\/#website\",\"url\":\"https:\/\/www.abf.eu\/trescore\/\",\"name\":\"Trescore Balneario\",\"description\":\"Ecco un altro sito Abf siti\",\"potentialAction\":[{\"@type\":\"SearchAction\",\"target\":{\"@type\":\"EntryPoint\",\"urlTemplate\":\"https:\/\/www.abf.eu\/trescore\/?s={search_term_string}\"},\"query-input\":{\"@type\":\"PropertyValueSpecification\",\"valueRequired\":true,\"valueName\":\"search_term_string\"}}],\"inLanguage\":\"it-IT\"},{\"@type\":\"Person\",\"@id\":\"\",\"url\":\"https:\/\/www.abf.eu\/trescore\/author\/\"}]}<\/script>\n<!-- \/ Yoast SEO plugin. -->","yoast_head_json":{"title":"CORONAVIRUS: LA CAPSULA DEL TEMPO IN MEMORIA AL COVID-19","description":"I ragazzi del CFP di Trescore hanno scritto delle lettere per la capsula del tempo, lasciando un messaggio in merito al periodo Coronavirus.","robots":{"index":"index","follow":"follow","max-snippet":"max-snippet:-1","max-image-preview":"max-image-preview:large","max-video-preview":"max-video-preview:-1"},"canonical":"https:\/\/www.abf.eu\/trescore\/la-capsula-del-tempo-in-memoria-al-periodo-coronavirus\/","og_locale":"it_IT","og_type":"article","og_title":"CORONAVIRUS: LA CAPSULA DEL TEMPO IN MEMORIA AL COVID-19","og_description":"I ragazzi del CFP di Trescore hanno scritto delle lettere per la capsula del tempo, lasciando un messaggio in merito al periodo Coronavirus.","og_url":"https:\/\/www.abf.eu\/trescore\/la-capsula-del-tempo-in-memoria-al-periodo-coronavirus\/","og_site_name":"Trescore Balneario","article_published_time":"2021-05-27T08:56:05+00:00","article_modified_time":"2022-04-19T10:06:04+00:00","og_image":[{"width":1000,"height":667,"url":"https:\/\/www.abf.eu\/trescore\/wp-content\/uploads\/sites\/7\/2021\/05\/74A92583-1728-48B1-87E2-C4DA87A02828_1_201_a-1.jpg","type":"image\/jpeg"}],"twitter_card":"summary_large_image","twitter_misc":{"Scritto da":"","Tempo di lettura stimato":"2 minuti"},"schema":{"@context":"https:\/\/schema.org","@graph":[{"@type":"WebPage","@id":"https:\/\/www.abf.eu\/trescore\/la-capsula-del-tempo-in-memoria-al-periodo-coronavirus\/","url":"https:\/\/www.abf.eu\/trescore\/la-capsula-del-tempo-in-memoria-al-periodo-coronavirus\/","name":"CORONAVIRUS: LA CAPSULA DEL TEMPO IN MEMORIA AL COVID-19","isPartOf":{"@id":"https:\/\/www.abf.eu\/trescore\/#website"},"primaryImageOfPage":{"@id":"https:\/\/www.abf.eu\/trescore\/la-capsula-del-tempo-in-memoria-al-periodo-coronavirus\/#primaryimage"},"image":{"@id":"https:\/\/www.abf.eu\/trescore\/la-capsula-del-tempo-in-memoria-al-periodo-coronavirus\/#primaryimage"},"thumbnailUrl":"https:\/\/www.abf.eu\/trescore\/wp-content\/uploads\/sites\/7\/2021\/05\/74A92583-1728-48B1-87E2-C4DA87A02828_1_201_a-1.jpg","datePublished":"2021-05-27T08:56:05+00:00","dateModified":"2022-04-19T10:06:04+00:00","author":{"@id":""},"description":"I ragazzi del CFP di Trescore hanno scritto delle lettere per la capsula del tempo, lasciando un messaggio in merito al periodo Coronavirus.","breadcrumb":{"@id":"https:\/\/www.abf.eu\/trescore\/la-capsula-del-tempo-in-memoria-al-periodo-coronavirus\/#breadcrumb"},"inLanguage":"it-IT","potentialAction":[{"@type":"ReadAction","target":["https:\/\/www.abf.eu\/trescore\/la-capsula-del-tempo-in-memoria-al-periodo-coronavirus\/"]}]},{"@type":"ImageObject","inLanguage":"it-IT","@id":"https:\/\/www.abf.eu\/trescore\/la-capsula-del-tempo-in-memoria-al-periodo-coronavirus\/#primaryimage","url":"https:\/\/www.abf.eu\/trescore\/wp-content\/uploads\/sites\/7\/2021\/05\/74A92583-1728-48B1-87E2-C4DA87A02828_1_201_a-1.jpg","contentUrl":"https:\/\/www.abf.eu\/trescore\/wp-content\/uploads\/sites\/7\/2021\/05\/74A92583-1728-48B1-87E2-C4DA87A02828_1_201_a-1.jpg","width":1000,"height":667},{"@type":"BreadcrumbList","@id":"https:\/\/www.abf.eu\/trescore\/la-capsula-del-tempo-in-memoria-al-periodo-coronavirus\/#breadcrumb","itemListElement":[{"@type":"ListItem","position":1,"name":"Home","item":"https:\/\/www.abf.eu\/trescore\/"},{"@type":"ListItem","position":2,"name":"CORONAVIRUS: La capsula del tempo"}]},{"@type":"WebSite","@id":"https:\/\/www.abf.eu\/trescore\/#website","url":"https:\/\/www.abf.eu\/trescore\/","name":"Trescore Balneario","description":"Ecco un altro sito Abf siti","potentialAction":[{"@type":"SearchAction","target":{"@type":"EntryPoint","urlTemplate":"https:\/\/www.abf.eu\/trescore\/?s={search_term_string}"},"query-input":{"@type":"PropertyValueSpecification","valueRequired":true,"valueName":"search_term_string"}}],"inLanguage":"it-IT"},{"@type":"Person","@id":"","url":"https:\/\/www.abf.eu\/trescore\/author\/"}]}},"_links":{"self":[{"href":"https:\/\/www.abf.eu\/trescore\/wp-json\/wp\/v2\/posts\/14831","targetHints":{"allow":["GET"]}}],"collection":[{"href":"https:\/\/www.abf.eu\/trescore\/wp-json\/wp\/v2\/posts"}],"about":[{"href":"https:\/\/www.abf.eu\/trescore\/wp-json\/wp\/v2\/types\/post"}],"author":[{"embeddable":true,"href":"https:\/\/www.abf.eu\/trescore\/wp-json\/wp\/v2\/users\/26"}],"replies":[{"embeddable":true,"href":"https:\/\/www.abf.eu\/trescore\/wp-json\/wp\/v2\/comments?post=14831"}],"version-history":[{"count":21,"href":"https:\/\/www.abf.eu\/trescore\/wp-json\/wp\/v2\/posts\/14831\/revisions"}],"predecessor-version":[{"id":15261,"href":"https:\/\/www.abf.eu\/trescore\/wp-json\/wp\/v2\/posts\/14831\/revisions\/15261"}],"wp:featuredmedia":[{"embeddable":true,"href":"https:\/\/www.abf.eu\/trescore\/wp-json\/wp\/v2\/media\/14833"}],"wp:attachment":[{"href":"https:\/\/www.abf.eu\/trescore\/wp-json\/wp\/v2\/media?parent=14831"}],"wp:term":[{"taxonomy":"category","embeddable":true,"href":"https:\/\/www.abf.eu\/trescore\/wp-json\/wp\/v2\/categories?post=14831"},{"taxonomy":"post_tag","embeddable":true,"href":"https:\/\/www.abf.eu\/trescore\/wp-json\/wp\/v2\/tags?post=14831"}],"curies":[{"name":"wp","href":"https:\/\/api.w.org\/{rel}","templated":true}]}}