{"id":15647,"date":"2023-02-13T10:41:32","date_gmt":"2023-02-13T09:41:32","guid":{"rendered":"https:\/\/www.abf.eu\/trescore\/?p=15647"},"modified":"2023-02-13T10:41:32","modified_gmt":"2023-02-13T09:41:32","slug":"abf-contro-il-bullismo","status":"publish","type":"post","link":"https:\/\/www.abf.eu\/trescore\/abf-contro-il-bullismo\/","title":{"rendered":"ABF contro il bullismo"},"content":{"rendered":"\n<h3 class=\"wp-block-heading\">Contro il bullismo e il cyberbullismo: ABF Trescore in prima linea<\/h3>\n\n\n\n<h5 class=\"wp-block-heading\">7 febbraio: giornata mondiale contro il bullismo e il cyberbullismo<\/h5>\n\n\n\n<p>Il bullismo e il cyberbullismo sono fenomeni sempre pi\u00f9 diffusi e preoccupanti che colpiscono i giovani di tutto il mondo. Secondo i dati dell&#8217;Organizzazione Mondiale della Sanit\u00e0, il 20-25% dei giovani in tutto il mondo subisce bullismo e il 7% \u00e8 vittima di cyberbullismo. Inoltre, l&#8217;impatto psicologico del bullismo pu\u00f2 durare per anni e influire negativamente sulla salute mentale e sulla vita sociale dei giovani.<\/p>\n\n\n\n<p>Ogni anno, il 7 febbraio, si celebra la Giornata Mondiale contro il Bullismo e il Cyberbullismo, un&#8217;occasione importante per sensibilizzare l&#8217;opinione pubblica su questi fenomeni e per incoraggiare la lotta contro il bullismo. ABF (Azienda Bergamasca Formazione) \u00e8 molto attenta a questi temi e organizza incontri e approfondimenti con i ragazzi iscritti ai percorsi di formazione professionale, per tenere sempre alta l&#8217;attenzione su questi importanti temi.<\/p>\n\n\n\n<p>In quest&#8217;ottica, ABF ha proposto un incontro con Vincenzo Vetere di ACBS (Associazione Contro il Bullismo Scolastico), impegnandosi anche per future iniziative per continuare a sensibilizzare i giovani e la comunit\u00e0 su questi temi cruciali. Concluderemo con una breve analisi dell&#8217;importanza di non sotto<\/p>\n\n\n\n<p>L&#8217;obiettivo dei docenti e di tutta ABF \u00e8 quello di riuscire a lavorare insieme per creare un futuro sicuro e inclusivo per tutti i giovani.<\/p>\n\n\n\n<figure class=\"wp-block-image size-full\"><img loading=\"lazy\" decoding=\"async\" width=\"1000\" height=\"666\" src=\"https:\/\/www.abf.eu\/trescore\/wp-content\/uploads\/sites\/7\/2023\/02\/bullismo-e-cyberbullismo-2.jpg\" alt=\"\" class=\"wp-image-15651\" srcset=\"https:\/\/www.abf.eu\/trescore\/wp-content\/uploads\/sites\/7\/2023\/02\/bullismo-e-cyberbullismo-2.jpg 1000w, https:\/\/www.abf.eu\/trescore\/wp-content\/uploads\/sites\/7\/2023\/02\/bullismo-e-cyberbullismo-2-300x200.jpg 300w, https:\/\/www.abf.eu\/trescore\/wp-content\/uploads\/sites\/7\/2023\/02\/bullismo-e-cyberbullismo-2-768x511.jpg 768w, https:\/\/www.abf.eu\/trescore\/wp-content\/uploads\/sites\/7\/2023\/02\/bullismo-e-cyberbullismo-2-600x400.jpg 600w\" sizes=\"auto, (max-width: 1000px) 100vw, 1000px\" \/><\/figure>\n\n\n\n<h5 class=\"wp-block-heading\">L&#8217;Impegno di ABF e l&#8217;Incontro con Vincenzo Vetere<\/h5>\n\n\n\n<p>ABF, attenta alle tematiche del bullismo e del cyber bullismo, ha organizzato un incontro con Vincenzo Vetere, fondatore di ACBS (Associazione Contro il Bullismo Scolastico), in occasione della Giornata Mondiale contro il Bullismo, celebrata ogni 7 febbraio. ABF ha dimostrato la propria attenzione e sensibilit\u00e0 verso questo tema importante, coinvolgendo i ragazzi iscritti ai percorsi di formazione professionale in incontri e approfondimenti sul tema.<\/p>\n\n\n\n<p>L&#8217;incontro con Vincenzo Vetere ha riscosso molto successo, grazie alla sua presenza coinvolgente e alla sua testimonianza personale come vittima di bullismo. Vincenzo ha saputo trasmettere la sua esperienza con un messaggio forte e motivante, invitando i presenti a partecipare attivamente al dialogo. Tutti i partecipanti hanno potuto raccontare la propria visione e le proprie esperienze, creando un ambiente di confronto e crescita.<\/p>\n\n\n\n<p>Come uno degli studenti ha commentato: <\/p>\n\n\n\n<blockquote class=\"wp-block-quote is-layout-flow wp-block-quote-is-layout-flow\"><p>&#8220;\u00c8 stato pi\u00f9 interessante di quanto mi aspettassi perch\u00e9 \u00e8 stato un incontro diverso dal solito. Prima di Vincenzo, altri avevano parlato del bullismo, ma nessuno mi ha colpito come lui e la sua storia&#8221;.<\/p><\/blockquote>\n\n\n\n<p>L&#8217;incontro con Vincenzo Vetere \u00e8 stato un momento significativo per ABF e per i ragazzi che vi hanno partecipato, un&#8217;occasione per sensibilizzare e prevenire il fenomeno del bullismo e del cyber bullismo. Questo tipo di iniziative \u00e8 di grande importanza per aiutare le vittime e prevenire futuri episodi di prevaricazione in ambito scolastico adolescenziale.<\/p>\n\n\n\n<h5 class=\"wp-block-heading\">L&#8217;impegno non si ferma<\/h5>\n\n\n\n<p>ABF Trescore continuer\u00e0 a essere al fianco dei propri studenti nella lotta contro il bullismo e il cyberbullismo. L&#8217;istituto organizzer\u00e0 altri incontri e iniziative per sensibilizzare e informare i giovani sulle problematiche legate a questi temi.<\/p>\n\n\n\n<p>Il bullismo e il cyberbullismo sono fenomeni purtroppo sempre pi\u00f9 diffusi nella societ\u00e0 e nella scuola. Non sottovalutare questi temi \u00e8 di estrema importanza per prevenire e contrastare gli atti di prevaricazione e violenza nei confronti dei giovani. La scuola ABF Trescore si conferma al fianco dei propri studenti, promuovendo la cultura della solidariet\u00e0 e del rispetto verso tutti.<\/p>\n","protected":false},"excerpt":{"rendered":"<p>Contro il bullismo e il cyberbullismo: ABF Trescore in prima<\/p>\n","protected":false},"author":31,"featured_media":15650,"comment_status":"open","ping_status":"open","sticky":false,"template":"","format":"standard","meta":{"footnotes":""},"categories":[1],"tags":[],"class_list":["post-15647","post","type-post","status-publish","format-standard","has-post-thumbnail","hentry","category-senza-categoria"],"yoast_head":"<!-- This site is optimized with the Yoast SEO plugin v25.8 - https:\/\/yoast.com\/wordpress\/plugins\/seo\/ -->\n<title>ABF contro il bullismo - Trescore Balneario<\/title>\n<meta name=\"description\" content=\"Contro il bullismo e il cyberbullismo ABF propone un incontro con Vincenzo Vetere, fondatore della Associazione Contro il Bullismo Scolastico\" \/>\n<meta name=\"robots\" content=\"index, follow, max-snippet:-1, max-image-preview:large, max-video-preview:-1\" \/>\n<link rel=\"canonical\" href=\"https:\/\/www.abf.eu\/trescore\/abf-contro-il-bullismo\/\" \/>\n<meta property=\"og:locale\" content=\"it_IT\" \/>\n<meta property=\"og:type\" content=\"article\" \/>\n<meta property=\"og:title\" content=\"ABF contro il bullismo - Trescore Balneario\" \/>\n<meta property=\"og:description\" content=\"Contro il bullismo e il cyberbullismo ABF propone un incontro con Vincenzo Vetere, fondatore della Associazione Contro il Bullismo Scolastico\" \/>\n<meta property=\"og:url\" content=\"https:\/\/www.abf.eu\/trescore\/abf-contro-il-bullismo\/\" \/>\n<meta property=\"og:site_name\" content=\"Trescore Balneario\" \/>\n<meta property=\"article:published_time\" content=\"2023-02-13T09:41:32+00:00\" \/>\n<meta property=\"og:image\" content=\"https:\/\/www.abf.eu\/trescore\/wp-content\/uploads\/sites\/7\/2023\/02\/bullismo-e-cyberbullismo.jpg\" \/>\n\t<meta property=\"og:image:width\" content=\"1000\" \/>\n\t<meta property=\"og:image:height\" content=\"666\" \/>\n\t<meta property=\"og:image:type\" content=\"image\/jpeg\" \/>\n<meta name=\"author\" content=\"danilocaccia\" \/>\n<meta name=\"twitter:card\" content=\"summary_large_image\" \/>\n<meta name=\"twitter:label1\" content=\"Scritto da\" \/>\n\t<meta name=\"twitter:data1\" content=\"danilocaccia\" \/>\n\t<meta name=\"twitter:label2\" content=\"Tempo di lettura stimato\" \/>\n\t<meta name=\"twitter:data2\" content=\"4 minuti\" \/>\n<script type=\"application\/ld+json\" class=\"yoast-schema-graph\">{\"@context\":\"https:\/\/schema.org\",\"@graph\":[{\"@type\":\"WebPage\",\"@id\":\"https:\/\/www.abf.eu\/trescore\/abf-contro-il-bullismo\/\",\"url\":\"https:\/\/www.abf.eu\/trescore\/abf-contro-il-bullismo\/\",\"name\":\"ABF contro il bullismo - Trescore Balneario\",\"isPartOf\":{\"@id\":\"https:\/\/www.abf.eu\/trescore\/#website\"},\"primaryImageOfPage\":{\"@id\":\"https:\/\/www.abf.eu\/trescore\/abf-contro-il-bullismo\/#primaryimage\"},\"image\":{\"@id\":\"https:\/\/www.abf.eu\/trescore\/abf-contro-il-bullismo\/#primaryimage\"},\"thumbnailUrl\":\"https:\/\/www.abf.eu\/trescore\/wp-content\/uploads\/sites\/7\/2023\/02\/bullismo-e-cyberbullismo.jpg\",\"datePublished\":\"2023-02-13T09:41:32+00:00\",\"author\":{\"@id\":\"https:\/\/www.abf.eu\/trescore\/#\/schema\/person\/8a78d772811de95e251d66b4d5491f76\"},\"description\":\"Contro il bullismo e il cyberbullismo ABF propone un incontro con Vincenzo Vetere, fondatore della Associazione Contro il Bullismo Scolastico\",\"breadcrumb\":{\"@id\":\"https:\/\/www.abf.eu\/trescore\/abf-contro-il-bullismo\/#breadcrumb\"},\"inLanguage\":\"it-IT\",\"potentialAction\":[{\"@type\":\"ReadAction\",\"target\":[\"https:\/\/www.abf.eu\/trescore\/abf-contro-il-bullismo\/\"]}]},{\"@type\":\"ImageObject\",\"inLanguage\":\"it-IT\",\"@id\":\"https:\/\/www.abf.eu\/trescore\/abf-contro-il-bullismo\/#primaryimage\",\"url\":\"https:\/\/www.abf.eu\/trescore\/wp-content\/uploads\/sites\/7\/2023\/02\/bullismo-e-cyberbullismo.jpg\",\"contentUrl\":\"https:\/\/www.abf.eu\/trescore\/wp-content\/uploads\/sites\/7\/2023\/02\/bullismo-e-cyberbullismo.jpg\",\"width\":1000,\"height\":666,\"caption\":\"Contro il bullismo e cyberbullismo\"},{\"@type\":\"BreadcrumbList\",\"@id\":\"https:\/\/www.abf.eu\/trescore\/abf-contro-il-bullismo\/#breadcrumb\",\"itemListElement\":[{\"@type\":\"ListItem\",\"position\":1,\"name\":\"Home\",\"item\":\"https:\/\/www.abf.eu\/trescore\/\"},{\"@type\":\"ListItem\",\"position\":2,\"name\":\"ABF contro il bullismo\"}]},{\"@type\":\"WebSite\",\"@id\":\"https:\/\/www.abf.eu\/trescore\/#website\",\"url\":\"https:\/\/www.abf.eu\/trescore\/\",\"name\":\"Trescore Balneario\",\"description\":\"Ecco un altro sito Abf siti\",\"potentialAction\":[{\"@type\":\"SearchAction\",\"target\":{\"@type\":\"EntryPoint\",\"urlTemplate\":\"https:\/\/www.abf.eu\/trescore\/?s={search_term_string}\"},\"query-input\":{\"@type\":\"PropertyValueSpecification\",\"valueRequired\":true,\"valueName\":\"search_term_string\"}}],\"inLanguage\":\"it-IT\"},{\"@type\":\"Person\",\"@id\":\"https:\/\/www.abf.eu\/trescore\/#\/schema\/person\/8a78d772811de95e251d66b4d5491f76\",\"name\":\"danilocaccia\",\"image\":{\"@type\":\"ImageObject\",\"inLanguage\":\"it-IT\",\"@id\":\"https:\/\/www.abf.eu\/trescore\/#\/schema\/person\/image\/\",\"url\":\"https:\/\/secure.gravatar.com\/avatar\/d87f496e2092d70f0bc729633c0c70a56c54c4f8ce3eefdacc36b91c04c2e1c0?s=96&d=mm&r=g\",\"contentUrl\":\"https:\/\/secure.gravatar.com\/avatar\/d87f496e2092d70f0bc729633c0c70a56c54c4f8ce3eefdacc36b91c04c2e1c0?s=96&d=mm&r=g\",\"caption\":\"danilocaccia\"},\"sameAs\":[\"https:\/\/www.linkedin.com\/in\/danilocaccia\/\"],\"url\":\"https:\/\/www.abf.eu\/trescore\/author\/danilocaccia\/\"}]}<\/script>\n<!-- \/ Yoast SEO plugin. -->","yoast_head_json":{"title":"ABF contro il bullismo - Trescore Balneario","description":"Contro il bullismo e il cyberbullismo ABF propone un incontro con Vincenzo Vetere, fondatore della Associazione Contro il Bullismo Scolastico","robots":{"index":"index","follow":"follow","max-snippet":"max-snippet:-1","max-image-preview":"max-image-preview:large","max-video-preview":"max-video-preview:-1"},"canonical":"https:\/\/www.abf.eu\/trescore\/abf-contro-il-bullismo\/","og_locale":"it_IT","og_type":"article","og_title":"ABF contro il bullismo - Trescore Balneario","og_description":"Contro il bullismo e il cyberbullismo ABF propone un incontro con Vincenzo Vetere, fondatore della Associazione Contro il Bullismo Scolastico","og_url":"https:\/\/www.abf.eu\/trescore\/abf-contro-il-bullismo\/","og_site_name":"Trescore Balneario","article_published_time":"2023-02-13T09:41:32+00:00","og_image":[{"width":1000,"height":666,"url":"https:\/\/www.abf.eu\/trescore\/wp-content\/uploads\/sites\/7\/2023\/02\/bullismo-e-cyberbullismo.jpg","type":"image\/jpeg"}],"author":"danilocaccia","twitter_card":"summary_large_image","twitter_misc":{"Scritto da":"danilocaccia","Tempo di lettura stimato":"4 minuti"},"schema":{"@context":"https:\/\/schema.org","@graph":[{"@type":"WebPage","@id":"https:\/\/www.abf.eu\/trescore\/abf-contro-il-bullismo\/","url":"https:\/\/www.abf.eu\/trescore\/abf-contro-il-bullismo\/","name":"ABF contro il bullismo - Trescore Balneario","isPartOf":{"@id":"https:\/\/www.abf.eu\/trescore\/#website"},"primaryImageOfPage":{"@id":"https:\/\/www.abf.eu\/trescore\/abf-contro-il-bullismo\/#primaryimage"},"image":{"@id":"https:\/\/www.abf.eu\/trescore\/abf-contro-il-bullismo\/#primaryimage"},"thumbnailUrl":"https:\/\/www.abf.eu\/trescore\/wp-content\/uploads\/sites\/7\/2023\/02\/bullismo-e-cyberbullismo.jpg","datePublished":"2023-02-13T09:41:32+00:00","author":{"@id":"https:\/\/www.abf.eu\/trescore\/#\/schema\/person\/8a78d772811de95e251d66b4d5491f76"},"description":"Contro il bullismo e il cyberbullismo ABF propone un incontro con Vincenzo Vetere, fondatore della Associazione Contro il Bullismo Scolastico","breadcrumb":{"@id":"https:\/\/www.abf.eu\/trescore\/abf-contro-il-bullismo\/#breadcrumb"},"inLanguage":"it-IT","potentialAction":[{"@type":"ReadAction","target":["https:\/\/www.abf.eu\/trescore\/abf-contro-il-bullismo\/"]}]},{"@type":"ImageObject","inLanguage":"it-IT","@id":"https:\/\/www.abf.eu\/trescore\/abf-contro-il-bullismo\/#primaryimage","url":"https:\/\/www.abf.eu\/trescore\/wp-content\/uploads\/sites\/7\/2023\/02\/bullismo-e-cyberbullismo.jpg","contentUrl":"https:\/\/www.abf.eu\/trescore\/wp-content\/uploads\/sites\/7\/2023\/02\/bullismo-e-cyberbullismo.jpg","width":1000,"height":666,"caption":"Contro il bullismo e cyberbullismo"},{"@type":"BreadcrumbList","@id":"https:\/\/www.abf.eu\/trescore\/abf-contro-il-bullismo\/#breadcrumb","itemListElement":[{"@type":"ListItem","position":1,"name":"Home","item":"https:\/\/www.abf.eu\/trescore\/"},{"@type":"ListItem","position":2,"name":"ABF contro il bullismo"}]},{"@type":"WebSite","@id":"https:\/\/www.abf.eu\/trescore\/#website","url":"https:\/\/www.abf.eu\/trescore\/","name":"Trescore Balneario","description":"Ecco un altro sito Abf siti","potentialAction":[{"@type":"SearchAction","target":{"@type":"EntryPoint","urlTemplate":"https:\/\/www.abf.eu\/trescore\/?s={search_term_string}"},"query-input":{"@type":"PropertyValueSpecification","valueRequired":true,"valueName":"search_term_string"}}],"inLanguage":"it-IT"},{"@type":"Person","@id":"https:\/\/www.abf.eu\/trescore\/#\/schema\/person\/8a78d772811de95e251d66b4d5491f76","name":"danilocaccia","image":{"@type":"ImageObject","inLanguage":"it-IT","@id":"https:\/\/www.abf.eu\/trescore\/#\/schema\/person\/image\/","url":"https:\/\/secure.gravatar.com\/avatar\/d87f496e2092d70f0bc729633c0c70a56c54c4f8ce3eefdacc36b91c04c2e1c0?s=96&d=mm&r=g","contentUrl":"https:\/\/secure.gravatar.com\/avatar\/d87f496e2092d70f0bc729633c0c70a56c54c4f8ce3eefdacc36b91c04c2e1c0?s=96&d=mm&r=g","caption":"danilocaccia"},"sameAs":["https:\/\/www.linkedin.com\/in\/danilocaccia\/"],"url":"https:\/\/www.abf.eu\/trescore\/author\/danilocaccia\/"}]}},"_links":{"self":[{"href":"https:\/\/www.abf.eu\/trescore\/wp-json\/wp\/v2\/posts\/15647","targetHints":{"allow":["GET"]}}],"collection":[{"href":"https:\/\/www.abf.eu\/trescore\/wp-json\/wp\/v2\/posts"}],"about":[{"href":"https:\/\/www.abf.eu\/trescore\/wp-json\/wp\/v2\/types\/post"}],"author":[{"embeddable":true,"href":"https:\/\/www.abf.eu\/trescore\/wp-json\/wp\/v2\/users\/31"}],"replies":[{"embeddable":true,"href":"https:\/\/www.abf.eu\/trescore\/wp-json\/wp\/v2\/comments?post=15647"}],"version-history":[{"count":3,"href":"https:\/\/www.abf.eu\/trescore\/wp-json\/wp\/v2\/posts\/15647\/revisions"}],"predecessor-version":[{"id":15652,"href":"https:\/\/www.abf.eu\/trescore\/wp-json\/wp\/v2\/posts\/15647\/revisions\/15652"}],"wp:featuredmedia":[{"embeddable":true,"href":"https:\/\/www.abf.eu\/trescore\/wp-json\/wp\/v2\/media\/15650"}],"wp:attachment":[{"href":"https:\/\/www.abf.eu\/trescore\/wp-json\/wp\/v2\/media?parent=15647"}],"wp:term":[{"taxonomy":"category","embeddable":true,"href":"https:\/\/www.abf.eu\/trescore\/wp-json\/wp\/v2\/categories?post=15647"},{"taxonomy":"post_tag","embeddable":true,"href":"https:\/\/www.abf.eu\/trescore\/wp-json\/wp\/v2\/tags?post=15647"}],"curies":[{"name":"wp","href":"https:\/\/api.w.org\/{rel}","templated":true}]}}