{"id":15689,"date":"2023-04-23T08:10:20","date_gmt":"2023-04-23T06:10:20","guid":{"rendered":"https:\/\/www.abf.eu\/trescore\/?p=15689"},"modified":"2023-04-23T08:10:21","modified_gmt":"2023-04-23T06:10:21","slug":"laboratorio-di-informatica-mose-testa","status":"publish","type":"post","link":"https:\/\/www.abf.eu\/trescore\/laboratorio-di-informatica-mose-testa\/","title":{"rendered":"Un nuovo laboratorio di informatica alla memoria di Mos\u00e8 Testa"},"content":{"rendered":"\n<figure class=\"wp-block-image size-large\"><img loading=\"lazy\" decoding=\"async\" width=\"1024\" height=\"322\" src=\"https:\/\/www.abf.eu\/trescore\/wp-content\/uploads\/sites\/7\/2023\/04\/IMG_0621-1024x322.jpg\" alt=\"\" class=\"wp-image-15693\"\/><\/figure>\n\n\n\n<h3 class=\"wp-block-heading\">L&#8217;inaugurazione \u00e8 la chiusura di un percorso formativo dedicato all&#8217;alpino volontario Mos\u00e8 Testa<\/h3>\n\n\n\n<p><\/p>\n\n\n\n<p>Sabato 22 aprile si \u00e8 tenuta, presso la sede di Trescore di ABF, l\u2019inaugurazione di un laboratorio di informatica intitolato alla memoria di Mos\u00e8 Testa.<\/p>\n\n\n\n<figure class=\"wp-block-image size-full is-resized\"><img loading=\"lazy\" decoding=\"async\" src=\"https:\/\/www.abf.eu\/trescore\/wp-content\/uploads\/sites\/7\/2023\/04\/image_6483441.jpg\" alt=\"\" class=\"wp-image-15690\" width=\"666\" height=\"1000\"\/><\/figure>\n\n\n\n<h5 class=\"wp-block-heading\">Chi era Mos\u00e8 Testa<\/h5>\n\n\n\n<p>Mos\u00e8 Testa era un uomo del fare, che non si tirava mai indietro. Conosciuto nel territorio della Valcavallina per essere sempre stato a servizio della comunit\u00e0 e dei pi\u00f9 bisognosi, con un\u2019attenzione costante ai piccoli e ai giovani. Testa \u00e8 stato capogruppo del gruppo alpini di Trescore, ma anche promotore di attivit\u00e0 culturali, sostenitore attivo della realizzazione di nuovi reparti ospedalieri e della sede della LILT (Lega Italiana Lotta ai Tumori) e della casa degli alpini di Endine, che accoglie persone disabili. Il suo sorriso e la sua disponibilit\u00e0 sono nei ricordi di molti trescoresi: scuola materna e oratorio sono altri due luoghi in cui Testa ha lasciato indelebile traccia.<\/p>\n\n\n\n<h5 class=\"wp-block-heading\">Il progetto formativo che ha accompagnato gli allievi di ABF<\/h5>\n\n\n\n<p>Questo evento \u00e8 stato l\u2019occasione per un progetto che sta coinvolgendo alcune classi del settore meccanico, che hanno affrontato il tema del volontariato collegato non solo al concetto di solidariet\u00e0, ma anche e soprattutto come esempio di cittadinanza attiva.&nbsp;<\/p>\n\n\n\n<p>Per gli insegnanti il Progetto diventa un ulteriore strumento didattico che sfrutta l\u2019interdisciplinariet\u00e0, il dialogo con il territorio e gli spunti di attualit\u00e0, per affiancare e arricchire il programma di studio dei ragazzi. Per gli studenti \u00e8 un\u2019occasione per conoscere se stessi e le proprie potenzialit\u00e0 e competenze, ma anche per avvicinarsi ai temi sociali. Per le organizzazioni di volontariato \u00e8 un\u2019opportunit\u00e0 di incontrare i giovani, trasmettendo loro un\u2019idea di solidariet\u00e0 intesa come forza viva, in grado di trasformare e migliorare la societ\u00e0 attraverso il contributo di tutti.<\/p>\n\n\n\n<figure class=\"wp-block-image size-large\"><img loading=\"lazy\" decoding=\"async\" width=\"1024\" height=\"683\" src=\"https:\/\/www.abf.eu\/trescore\/wp-content\/uploads\/sites\/7\/2023\/04\/DSC_0222-1024x683.jpg\" alt=\"\" class=\"wp-image-15706\"\/><\/figure>\n\n\n\n<h5 class=\"wp-block-heading\">L&#8217;evento inaugurale<\/h5>\n\n\n\n<p>Questo percorso formativo di etica ed educazione alla cittadinanza si \u00e8 concluso con l&#8217;inaugurazione di un laboratorio di informatica dedicato alla memoria di Mos\u00e8 Testa.<\/p>\n\n\n\n<p>Numerose le autorit\u00e0 presenti, visto il valore dell&#8217;evento: sindaci, rappresentanti dell&#8217;arma dei Carabinieri, della Protezione Civile e, ovviamente, degli Alpini, la cui banda ha poi allietato i presenti con inni e fanfare.<\/p>\n\n\n\n<p> <\/p>\n","protected":false},"excerpt":{"rendered":"<p>L&#8217;inaugurazione \u00e8 la chiusura di un percorso formativo dedicato all&#8217;alpino<\/p>\n","protected":false},"author":31,"featured_media":15726,"comment_status":"open","ping_status":"open","sticky":false,"template":"","format":"standard","meta":{"footnotes":""},"categories":[1],"tags":[],"class_list":["post-15689","post","type-post","status-publish","format-standard","has-post-thumbnail","hentry","category-senza-categoria"],"yoast_head":"<!-- This site is optimized with the Yoast SEO plugin v25.8 - https:\/\/yoast.com\/wordpress\/plugins\/seo\/ -->\n<title>Un nuovo laboratorio di informatica alla memoria di Mos\u00e8 Testa - Trescore Balneario<\/title>\n<meta name=\"description\" content=\"A Trescore \u00e8 stato inaugurato un nuovo laboratorio di informatica dedicato alla memoria dell&#039;alpino volontario Mos\u00e8 Testa\" \/>\n<meta name=\"robots\" content=\"index, follow, max-snippet:-1, max-image-preview:large, max-video-preview:-1\" \/>\n<link rel=\"canonical\" href=\"https:\/\/www.abf.eu\/trescore\/laboratorio-di-informatica-mose-testa\/\" \/>\n<meta property=\"og:locale\" content=\"it_IT\" \/>\n<meta property=\"og:type\" content=\"article\" \/>\n<meta property=\"og:title\" content=\"Un nuovo laboratorio di informatica alla memoria di Mos\u00e8 Testa - Trescore Balneario\" \/>\n<meta property=\"og:description\" content=\"A Trescore \u00e8 stato inaugurato un nuovo laboratorio di informatica dedicato alla memoria dell&#039;alpino volontario Mos\u00e8 Testa\" \/>\n<meta property=\"og:url\" content=\"https:\/\/www.abf.eu\/trescore\/laboratorio-di-informatica-mose-testa\/\" \/>\n<meta property=\"og:site_name\" content=\"Trescore Balneario\" \/>\n<meta property=\"article:published_time\" content=\"2023-04-23T06:10:20+00:00\" \/>\n<meta property=\"article:modified_time\" content=\"2023-04-23T06:10:21+00:00\" \/>\n<meta property=\"og:image\" content=\"https:\/\/www.abf.eu\/trescore\/wp-content\/uploads\/sites\/7\/2023\/04\/P1038182-scaled-e1682229823465.jpg\" \/>\n\t<meta property=\"og:image:width\" content=\"1000\" \/>\n\t<meta property=\"og:image:height\" content=\"667\" \/>\n\t<meta property=\"og:image:type\" content=\"image\/jpeg\" \/>\n<meta name=\"author\" content=\"danilocaccia\" \/>\n<meta name=\"twitter:card\" content=\"summary_large_image\" \/>\n<meta name=\"twitter:label1\" content=\"Scritto da\" \/>\n\t<meta name=\"twitter:data1\" content=\"danilocaccia\" \/>\n\t<meta name=\"twitter:label2\" content=\"Tempo di lettura stimato\" \/>\n\t<meta name=\"twitter:data2\" content=\"3 minuti\" \/>\n<script type=\"application\/ld+json\" class=\"yoast-schema-graph\">{\"@context\":\"https:\/\/schema.org\",\"@graph\":[{\"@type\":\"WebPage\",\"@id\":\"https:\/\/www.abf.eu\/trescore\/laboratorio-di-informatica-mose-testa\/\",\"url\":\"https:\/\/www.abf.eu\/trescore\/laboratorio-di-informatica-mose-testa\/\",\"name\":\"Un nuovo laboratorio di informatica alla memoria di Mos\u00e8 Testa - Trescore Balneario\",\"isPartOf\":{\"@id\":\"https:\/\/www.abf.eu\/trescore\/#website\"},\"primaryImageOfPage\":{\"@id\":\"https:\/\/www.abf.eu\/trescore\/laboratorio-di-informatica-mose-testa\/#primaryimage\"},\"image\":{\"@id\":\"https:\/\/www.abf.eu\/trescore\/laboratorio-di-informatica-mose-testa\/#primaryimage\"},\"thumbnailUrl\":\"https:\/\/www.abf.eu\/trescore\/wp-content\/uploads\/sites\/7\/2023\/04\/P1038182-scaled-e1682229823465.jpg\",\"datePublished\":\"2023-04-23T06:10:20+00:00\",\"dateModified\":\"2023-04-23T06:10:21+00:00\",\"author\":{\"@id\":\"https:\/\/www.abf.eu\/trescore\/#\/schema\/person\/8a78d772811de95e251d66b4d5491f76\"},\"description\":\"A Trescore \u00e8 stato inaugurato un nuovo laboratorio di informatica dedicato alla memoria dell'alpino volontario Mos\u00e8 Testa\",\"breadcrumb\":{\"@id\":\"https:\/\/www.abf.eu\/trescore\/laboratorio-di-informatica-mose-testa\/#breadcrumb\"},\"inLanguage\":\"it-IT\",\"potentialAction\":[{\"@type\":\"ReadAction\",\"target\":[\"https:\/\/www.abf.eu\/trescore\/laboratorio-di-informatica-mose-testa\/\"]}]},{\"@type\":\"ImageObject\",\"inLanguage\":\"it-IT\",\"@id\":\"https:\/\/www.abf.eu\/trescore\/laboratorio-di-informatica-mose-testa\/#primaryimage\",\"url\":\"https:\/\/www.abf.eu\/trescore\/wp-content\/uploads\/sites\/7\/2023\/04\/P1038182-scaled-e1682229823465.jpg\",\"contentUrl\":\"https:\/\/www.abf.eu\/trescore\/wp-content\/uploads\/sites\/7\/2023\/04\/P1038182-scaled-e1682229823465.jpg\",\"width\":1000,\"height\":667,\"caption\":\"iNAUGURAZIONE laboratorio informatica dedicato a mos\u00e8 testa\"},{\"@type\":\"BreadcrumbList\",\"@id\":\"https:\/\/www.abf.eu\/trescore\/laboratorio-di-informatica-mose-testa\/#breadcrumb\",\"itemListElement\":[{\"@type\":\"ListItem\",\"position\":1,\"name\":\"Home\",\"item\":\"https:\/\/www.abf.eu\/trescore\/\"},{\"@type\":\"ListItem\",\"position\":2,\"name\":\"Un nuovo laboratorio di informatica alla memoria di Mos\u00e8 Testa\"}]},{\"@type\":\"WebSite\",\"@id\":\"https:\/\/www.abf.eu\/trescore\/#website\",\"url\":\"https:\/\/www.abf.eu\/trescore\/\",\"name\":\"Trescore Balneario\",\"description\":\"Ecco un altro sito Abf siti\",\"potentialAction\":[{\"@type\":\"SearchAction\",\"target\":{\"@type\":\"EntryPoint\",\"urlTemplate\":\"https:\/\/www.abf.eu\/trescore\/?s={search_term_string}\"},\"query-input\":{\"@type\":\"PropertyValueSpecification\",\"valueRequired\":true,\"valueName\":\"search_term_string\"}}],\"inLanguage\":\"it-IT\"},{\"@type\":\"Person\",\"@id\":\"https:\/\/www.abf.eu\/trescore\/#\/schema\/person\/8a78d772811de95e251d66b4d5491f76\",\"name\":\"danilocaccia\",\"image\":{\"@type\":\"ImageObject\",\"inLanguage\":\"it-IT\",\"@id\":\"https:\/\/www.abf.eu\/trescore\/#\/schema\/person\/image\/\",\"url\":\"https:\/\/secure.gravatar.com\/avatar\/d87f496e2092d70f0bc729633c0c70a56c54c4f8ce3eefdacc36b91c04c2e1c0?s=96&d=mm&r=g\",\"contentUrl\":\"https:\/\/secure.gravatar.com\/avatar\/d87f496e2092d70f0bc729633c0c70a56c54c4f8ce3eefdacc36b91c04c2e1c0?s=96&d=mm&r=g\",\"caption\":\"danilocaccia\"},\"sameAs\":[\"https:\/\/www.linkedin.com\/in\/danilocaccia\/\"],\"url\":\"https:\/\/www.abf.eu\/trescore\/author\/danilocaccia\/\"}]}<\/script>\n<!-- \/ Yoast SEO plugin. -->","yoast_head_json":{"title":"Un nuovo laboratorio di informatica alla memoria di Mos\u00e8 Testa - Trescore Balneario","description":"A Trescore \u00e8 stato inaugurato un nuovo laboratorio di informatica dedicato alla memoria dell'alpino volontario Mos\u00e8 Testa","robots":{"index":"index","follow":"follow","max-snippet":"max-snippet:-1","max-image-preview":"max-image-preview:large","max-video-preview":"max-video-preview:-1"},"canonical":"https:\/\/www.abf.eu\/trescore\/laboratorio-di-informatica-mose-testa\/","og_locale":"it_IT","og_type":"article","og_title":"Un nuovo laboratorio di informatica alla memoria di Mos\u00e8 Testa - Trescore Balneario","og_description":"A Trescore \u00e8 stato inaugurato un nuovo laboratorio di informatica dedicato alla memoria dell'alpino volontario Mos\u00e8 Testa","og_url":"https:\/\/www.abf.eu\/trescore\/laboratorio-di-informatica-mose-testa\/","og_site_name":"Trescore Balneario","article_published_time":"2023-04-23T06:10:20+00:00","article_modified_time":"2023-04-23T06:10:21+00:00","og_image":[{"width":1000,"height":667,"url":"https:\/\/www.abf.eu\/trescore\/wp-content\/uploads\/sites\/7\/2023\/04\/P1038182-scaled-e1682229823465.jpg","type":"image\/jpeg"}],"author":"danilocaccia","twitter_card":"summary_large_image","twitter_misc":{"Scritto da":"danilocaccia","Tempo di lettura stimato":"3 minuti"},"schema":{"@context":"https:\/\/schema.org","@graph":[{"@type":"WebPage","@id":"https:\/\/www.abf.eu\/trescore\/laboratorio-di-informatica-mose-testa\/","url":"https:\/\/www.abf.eu\/trescore\/laboratorio-di-informatica-mose-testa\/","name":"Un nuovo laboratorio di informatica alla memoria di Mos\u00e8 Testa - Trescore Balneario","isPartOf":{"@id":"https:\/\/www.abf.eu\/trescore\/#website"},"primaryImageOfPage":{"@id":"https:\/\/www.abf.eu\/trescore\/laboratorio-di-informatica-mose-testa\/#primaryimage"},"image":{"@id":"https:\/\/www.abf.eu\/trescore\/laboratorio-di-informatica-mose-testa\/#primaryimage"},"thumbnailUrl":"https:\/\/www.abf.eu\/trescore\/wp-content\/uploads\/sites\/7\/2023\/04\/P1038182-scaled-e1682229823465.jpg","datePublished":"2023-04-23T06:10:20+00:00","dateModified":"2023-04-23T06:10:21+00:00","author":{"@id":"https:\/\/www.abf.eu\/trescore\/#\/schema\/person\/8a78d772811de95e251d66b4d5491f76"},"description":"A Trescore \u00e8 stato inaugurato un nuovo laboratorio di informatica dedicato alla memoria dell'alpino volontario Mos\u00e8 Testa","breadcrumb":{"@id":"https:\/\/www.abf.eu\/trescore\/laboratorio-di-informatica-mose-testa\/#breadcrumb"},"inLanguage":"it-IT","potentialAction":[{"@type":"ReadAction","target":["https:\/\/www.abf.eu\/trescore\/laboratorio-di-informatica-mose-testa\/"]}]},{"@type":"ImageObject","inLanguage":"it-IT","@id":"https:\/\/www.abf.eu\/trescore\/laboratorio-di-informatica-mose-testa\/#primaryimage","url":"https:\/\/www.abf.eu\/trescore\/wp-content\/uploads\/sites\/7\/2023\/04\/P1038182-scaled-e1682229823465.jpg","contentUrl":"https:\/\/www.abf.eu\/trescore\/wp-content\/uploads\/sites\/7\/2023\/04\/P1038182-scaled-e1682229823465.jpg","width":1000,"height":667,"caption":"iNAUGURAZIONE laboratorio informatica dedicato a mos\u00e8 testa"},{"@type":"BreadcrumbList","@id":"https:\/\/www.abf.eu\/trescore\/laboratorio-di-informatica-mose-testa\/#breadcrumb","itemListElement":[{"@type":"ListItem","position":1,"name":"Home","item":"https:\/\/www.abf.eu\/trescore\/"},{"@type":"ListItem","position":2,"name":"Un nuovo laboratorio di informatica alla memoria di Mos\u00e8 Testa"}]},{"@type":"WebSite","@id":"https:\/\/www.abf.eu\/trescore\/#website","url":"https:\/\/www.abf.eu\/trescore\/","name":"Trescore Balneario","description":"Ecco un altro sito Abf siti","potentialAction":[{"@type":"SearchAction","target":{"@type":"EntryPoint","urlTemplate":"https:\/\/www.abf.eu\/trescore\/?s={search_term_string}"},"query-input":{"@type":"PropertyValueSpecification","valueRequired":true,"valueName":"search_term_string"}}],"inLanguage":"it-IT"},{"@type":"Person","@id":"https:\/\/www.abf.eu\/trescore\/#\/schema\/person\/8a78d772811de95e251d66b4d5491f76","name":"danilocaccia","image":{"@type":"ImageObject","inLanguage":"it-IT","@id":"https:\/\/www.abf.eu\/trescore\/#\/schema\/person\/image\/","url":"https:\/\/secure.gravatar.com\/avatar\/d87f496e2092d70f0bc729633c0c70a56c54c4f8ce3eefdacc36b91c04c2e1c0?s=96&d=mm&r=g","contentUrl":"https:\/\/secure.gravatar.com\/avatar\/d87f496e2092d70f0bc729633c0c70a56c54c4f8ce3eefdacc36b91c04c2e1c0?s=96&d=mm&r=g","caption":"danilocaccia"},"sameAs":["https:\/\/www.linkedin.com\/in\/danilocaccia\/"],"url":"https:\/\/www.abf.eu\/trescore\/author\/danilocaccia\/"}]}},"_links":{"self":[{"href":"https:\/\/www.abf.eu\/trescore\/wp-json\/wp\/v2\/posts\/15689","targetHints":{"allow":["GET"]}}],"collection":[{"href":"https:\/\/www.abf.eu\/trescore\/wp-json\/wp\/v2\/posts"}],"about":[{"href":"https:\/\/www.abf.eu\/trescore\/wp-json\/wp\/v2\/types\/post"}],"author":[{"embeddable":true,"href":"https:\/\/www.abf.eu\/trescore\/wp-json\/wp\/v2\/users\/31"}],"replies":[{"embeddable":true,"href":"https:\/\/www.abf.eu\/trescore\/wp-json\/wp\/v2\/comments?post=15689"}],"version-history":[{"count":8,"href":"https:\/\/www.abf.eu\/trescore\/wp-json\/wp\/v2\/posts\/15689\/revisions"}],"predecessor-version":[{"id":15736,"href":"https:\/\/www.abf.eu\/trescore\/wp-json\/wp\/v2\/posts\/15689\/revisions\/15736"}],"wp:featuredmedia":[{"embeddable":true,"href":"https:\/\/www.abf.eu\/trescore\/wp-json\/wp\/v2\/media\/15726"}],"wp:attachment":[{"href":"https:\/\/www.abf.eu\/trescore\/wp-json\/wp\/v2\/media?parent=15689"}],"wp:term":[{"taxonomy":"category","embeddable":true,"href":"https:\/\/www.abf.eu\/trescore\/wp-json\/wp\/v2\/categories?post=15689"},{"taxonomy":"post_tag","embeddable":true,"href":"https:\/\/www.abf.eu\/trescore\/wp-json\/wp\/v2\/tags?post=15689"}],"curies":[{"name":"wp","href":"https:\/\/api.w.org\/{rel}","templated":true}]}}