{"id":16281,"date":"2024-04-05T09:56:09","date_gmt":"2024-04-05T07:56:09","guid":{"rendered":"https:\/\/www.abf.eu\/trescore\/?p=16281"},"modified":"2024-04-12T10:42:48","modified_gmt":"2024-04-12T08:42:48","slug":"evento-conclusivo-incontra-il-professionista","status":"publish","type":"post","link":"https:\/\/www.abf.eu\/trescore\/evento-conclusivo-incontra-il-professionista\/","title":{"rendered":"Ultimo appuntamento di &#8220;Incontra il professionista&#8221;"},"content":{"rendered":"\n<h3 class=\"wp-block-heading\">ABF Trescore invita tutti i professionisti per un incontro finale<\/h3>\n\n\n\n<h5 class=\"wp-block-heading\">Un progetto cominciato a inizio anno<\/h5>\n\n\n\n<p>Durante la mattinata di mercoled\u00ec 27 marzo, la nostra sede ha avuto il piacere di ospitare tutte le aziende che si sono rese disponibili per il progetto &#8220;<strong><em>Incontra il professionista<\/em><\/strong>&#8221; iniziato nel mese di ottobre, che ha accompagnato gli allievi di classe quarta alla scoperta di <strong>diverse realt\u00e0 imprenditoriali<\/strong> attive nella provincia di Bergamo. <\/p>\n\n\n\n<p>Il progetto era gi\u00e0 stato presentato in questo <a href=\"https:\/\/www.abf.eu\/trescore\/incontra-il-professionista\/\">articolo<\/a>, dove si sottolineava l&#8217;importanza di una missione sempre pi\u00f9 difficile da intraprendere: trovare <strong>un ponte<\/strong> in grado di connettere i giovani con il mondo del lavoro, percepito come estraneo e distante. ABF Trescore si \u00e8 proposta in prima linea per questo incarico ed ha fornito ai suoi allievi degli strumenti concreti per alleviare la nebbia che incombe sulle loro prospettive lavorative future.<\/p>\n\n\n\n<figure class=\"wp-block-image size-large\"><img loading=\"lazy\" decoding=\"async\" width=\"1000\" height=\"666\" src=\"https:\/\/www.abf.eu\/trescore\/wp-content\/uploads\/sites\/7\/2024\/04\/Progetto-senza-titolo-2-copia.png\" alt=\"\" class=\"wp-image-16311\" srcset=\"https:\/\/www.abf.eu\/trescore\/wp-content\/uploads\/sites\/7\/2024\/04\/Progetto-senza-titolo-2-copia.png 1000w, https:\/\/www.abf.eu\/trescore\/wp-content\/uploads\/sites\/7\/2024\/04\/Progetto-senza-titolo-2-copia-300x200.png 300w, https:\/\/www.abf.eu\/trescore\/wp-content\/uploads\/sites\/7\/2024\/04\/Progetto-senza-titolo-2-copia-768x511.png 768w, https:\/\/www.abf.eu\/trescore\/wp-content\/uploads\/sites\/7\/2024\/04\/Progetto-senza-titolo-2-copia-600x400.png 600w\" sizes=\"auto, (max-width: 1000px) 100vw, 1000px\" \/><\/figure>\n\n\n\n<h5 class=\"wp-block-heading\"><strong>Programma dell&#8217;incontro<\/strong><\/h5>\n\n\n\n<ul class=\"wp-block-list\">\n<li>Ore 9:00: accoglienza degli ospiti e organizzazione della mattinata;<\/li>\n\n\n\n<li>Ore 9:15: visita guidata dai ragazzi all&#8217;interno dei laboratori di ABF con illustrazione dei macchinari;<\/li>\n\n\n\n<li>Ore 9:30: ritrovo in aula, esposizione delle presentazioni sulle aziende preparate dai ragazzi, video saluto da parte di alcuni professionisti a distanza, brainstorming con attivit\u00e0 allegata, ringraziamenti e discorso conclusivo;<\/li>\n\n\n\n<li>Ore 10:45: coffee break e saluti finali. <\/li>\n<\/ul>\n\n\n\n<h5 class=\"wp-block-heading\">Gli ospiti da tutta la provincia<\/h5>\n\n\n\n<p>Grazie all&#8217;impegno del professore Roberto Previtali, della Consulente servizi alle Imprese Agata Cavazzuti e alla disponibilit\u00e0 della direttrice della sede Chiara Morotti, Abf \u00e8 riuscita a mettersi in contatto con numerose realt\u00e0 imprenditoriali del territorio. Oltre agli ospiti gi\u00e0 menzionati nel precedente articolo come Mirella Seiti, titolare dell\u2019officina di <strong>minuteria meccanica Gozzini<\/strong>; Simone Locatelli, titolare di <strong>Pizza Express<\/strong> e Veronica Trapletti, responsabile marketing di <strong>Autotrasporti Cambianica<\/strong>, hanno partecipato all&#8217;incontro molti altri, quali l&#8217;azienda <strong>2R Pubblicit\u00e0<\/strong> di Mario Rota; <strong>Acerbis<\/strong>; <strong>Bks Automation<\/strong> nel settore dell&#8217;automazione industriale; l&#8217;azienda agricola <strong>Cascina<\/strong> <strong>Boschetti<\/strong>; l&#8217;impresa <strong>Fast and Fest<\/strong> del nostro professore d&#8217;informatica <strong>Michele Zambaiti<\/strong>; l&#8217;azienda di autonoleggio <strong>Autoservizi<\/strong> <strong>Flaccadori<\/strong>; <strong>Ideal Ufficio<\/strong>; l&#8217;agente di commercio <strong>Carlo Menegazzo<\/strong> e il <strong>Gruppo Selini<\/strong>.<\/p>\n\n\n\n<p>Coloro che non hanno potuto presenziare all&#8217;incontro hanno rilasciato un breve videomessaggio ai ragazzi, incoraggiandoli a intraprendere il percorso che ritengono pi\u00f9 affine alle loro inclinazioni e passioni, ma senza dimenticarsi del sacrificio e della dedizione che richiedono tutte le professioni.<\/p>\n\n\n\n<figure class=\"wp-block-gallery has-nested-images columns-default is-cropped wp-block-gallery-1 is-layout-flex wp-block-gallery-is-layout-flex\">\n<figure class=\"wp-block-image size-full\"><img loading=\"lazy\" decoding=\"async\" width=\"1000\" height=\"666\" data-id=\"16318\" src=\"https:\/\/www.abf.eu\/trescore\/wp-content\/uploads\/sites\/7\/2024\/04\/Progetto-senza-titolo-2-copia-5-1.png\" alt=\"\" class=\"wp-image-16318\" srcset=\"https:\/\/www.abf.eu\/trescore\/wp-content\/uploads\/sites\/7\/2024\/04\/Progetto-senza-titolo-2-copia-5-1.png 1000w, https:\/\/www.abf.eu\/trescore\/wp-content\/uploads\/sites\/7\/2024\/04\/Progetto-senza-titolo-2-copia-5-1-300x200.png 300w, https:\/\/www.abf.eu\/trescore\/wp-content\/uploads\/sites\/7\/2024\/04\/Progetto-senza-titolo-2-copia-5-1-768x511.png 768w, https:\/\/www.abf.eu\/trescore\/wp-content\/uploads\/sites\/7\/2024\/04\/Progetto-senza-titolo-2-copia-5-1-600x400.png 600w\" sizes=\"auto, (max-width: 1000px) 100vw, 1000px\" \/><\/figure>\n\n\n\n<figure class=\"wp-block-image size-full\"><img loading=\"lazy\" decoding=\"async\" width=\"1000\" height=\"666\" data-id=\"16319\" src=\"https:\/\/www.abf.eu\/trescore\/wp-content\/uploads\/sites\/7\/2024\/04\/Progetto-senza-titolo-2-copia-3-1.png\" alt=\"\" class=\"wp-image-16319\" srcset=\"https:\/\/www.abf.eu\/trescore\/wp-content\/uploads\/sites\/7\/2024\/04\/Progetto-senza-titolo-2-copia-3-1.png 1000w, https:\/\/www.abf.eu\/trescore\/wp-content\/uploads\/sites\/7\/2024\/04\/Progetto-senza-titolo-2-copia-3-1-300x200.png 300w, https:\/\/www.abf.eu\/trescore\/wp-content\/uploads\/sites\/7\/2024\/04\/Progetto-senza-titolo-2-copia-3-1-768x511.png 768w, https:\/\/www.abf.eu\/trescore\/wp-content\/uploads\/sites\/7\/2024\/04\/Progetto-senza-titolo-2-copia-3-1-600x400.png 600w\" sizes=\"auto, (max-width: 1000px) 100vw, 1000px\" \/><\/figure>\n\n\n\n<figure class=\"wp-block-image size-full\"><img loading=\"lazy\" decoding=\"async\" width=\"1000\" height=\"666\" data-id=\"16320\" src=\"https:\/\/www.abf.eu\/trescore\/wp-content\/uploads\/sites\/7\/2024\/04\/Progetto-senza-titolo-2-copia-4-1.png\" alt=\"\" class=\"wp-image-16320\" srcset=\"https:\/\/www.abf.eu\/trescore\/wp-content\/uploads\/sites\/7\/2024\/04\/Progetto-senza-titolo-2-copia-4-1.png 1000w, https:\/\/www.abf.eu\/trescore\/wp-content\/uploads\/sites\/7\/2024\/04\/Progetto-senza-titolo-2-copia-4-1-300x200.png 300w, https:\/\/www.abf.eu\/trescore\/wp-content\/uploads\/sites\/7\/2024\/04\/Progetto-senza-titolo-2-copia-4-1-768x511.png 768w, https:\/\/www.abf.eu\/trescore\/wp-content\/uploads\/sites\/7\/2024\/04\/Progetto-senza-titolo-2-copia-4-1-600x400.png 600w\" sizes=\"auto, (max-width: 1000px) 100vw, 1000px\" \/><\/figure>\n\n\n\n<figure class=\"wp-block-image size-large\"><img loading=\"lazy\" decoding=\"async\" width=\"1000\" height=\"666\" data-id=\"16321\" src=\"https:\/\/www.abf.eu\/trescore\/wp-content\/uploads\/sites\/7\/2024\/04\/Progetto-senza-titolo-2-copia-6.png\" alt=\"\" class=\"wp-image-16321\" srcset=\"https:\/\/www.abf.eu\/trescore\/wp-content\/uploads\/sites\/7\/2024\/04\/Progetto-senza-titolo-2-copia-6.png 1000w, https:\/\/www.abf.eu\/trescore\/wp-content\/uploads\/sites\/7\/2024\/04\/Progetto-senza-titolo-2-copia-6-300x200.png 300w, https:\/\/www.abf.eu\/trescore\/wp-content\/uploads\/sites\/7\/2024\/04\/Progetto-senza-titolo-2-copia-6-768x511.png 768w, https:\/\/www.abf.eu\/trescore\/wp-content\/uploads\/sites\/7\/2024\/04\/Progetto-senza-titolo-2-copia-6-600x400.png 600w\" sizes=\"auto, (max-width: 1000px) 100vw, 1000px\" \/><\/figure>\n\n\n\n<figure class=\"wp-block-image size-large\"><img loading=\"lazy\" decoding=\"async\" width=\"1000\" height=\"666\" data-id=\"16322\" src=\"https:\/\/www.abf.eu\/trescore\/wp-content\/uploads\/sites\/7\/2024\/04\/Progetto-senza-titolo-2-copia-7.png\" alt=\"\" class=\"wp-image-16322\" srcset=\"https:\/\/www.abf.eu\/trescore\/wp-content\/uploads\/sites\/7\/2024\/04\/Progetto-senza-titolo-2-copia-7.png 1000w, https:\/\/www.abf.eu\/trescore\/wp-content\/uploads\/sites\/7\/2024\/04\/Progetto-senza-titolo-2-copia-7-300x200.png 300w, https:\/\/www.abf.eu\/trescore\/wp-content\/uploads\/sites\/7\/2024\/04\/Progetto-senza-titolo-2-copia-7-768x511.png 768w, https:\/\/www.abf.eu\/trescore\/wp-content\/uploads\/sites\/7\/2024\/04\/Progetto-senza-titolo-2-copia-7-600x400.png 600w\" sizes=\"auto, (max-width: 1000px) 100vw, 1000px\" \/><\/figure>\n<\/figure>\n\n\n\n<h5 class=\"wp-block-heading\">&#8220;Essere un professionista significa?&#8221;<\/h5>\n\n\n\n<p>Durante l&#8217;esposizione dei lavori preparati dai ragazzi per ciascuna azienda, ad ogni ospite \u00e8 stato chiesto di trovare una parola che identificasse al meglio le qualit\u00e0, le competenze e le abilit\u00e0 necessarie per definirsi un professionista. Molti si sono trovati d&#8217;accordo nella scelta dei termini <strong>impegno<\/strong>,<strong> passione<\/strong>,<strong> responsabilit\u00e0<\/strong> e <strong>collaborazione<\/strong>; ma nel momento in cui le associazioni pi\u00f9 semplici si sono esaurite, sono stati individuati i concetti pi\u00f9 interessanti come <strong>ottimizzazione<\/strong>, <strong>energia<\/strong>, l&#8217;essere un &#8220;<strong>sognatore<\/strong>&#8220;, la creazione di <strong>valori<\/strong> e i doni dell&#8217;<strong>ascolto<\/strong> e della <strong>curiosit\u00e0<\/strong>. L&#8217;accenno all&#8217;espressione di origine bergamasca <strong>#molamia<\/strong>, che significa &#8220;non mollare&#8221;, ha stimolato qualche risata ma anche sorrisi di consenso tra tutti i partecipanti, consci della forza di volont\u00e0 applicata al lavoro che spesso viene attribuita al popolo bergamasco.<\/p>\n\n\n\n<p>Al termine delle presentazioni \u00e8 stato chiesto ai presenti di scegliere due parole tra tutte quelle nominate e di selezionarle tramite un quiz creato sulla <strong>piattaforma interattiva Mentimeter<\/strong>: responsabilit\u00e0, impegno, passione e #molamia sono apparse in primo piano sulla lavagna. Dalle risposte ottenute si pu\u00f2 evincere che l&#8217;incontro ha reso i ragazzi un p\u00f2 pi\u00f9 consapevoli di ci\u00f2 che implica diventare <strong>una persona di successo<\/strong> nell&#8217;ambito del lavoro.<\/p>\n\n\n\n<figure class=\"wp-block-image size-full\"><img loading=\"lazy\" decoding=\"async\" width=\"1000\" height=\"666\" src=\"https:\/\/www.abf.eu\/trescore\/wp-content\/uploads\/sites\/7\/2024\/04\/Progetto-senza-titolo-2-copia-2.png\" alt=\"\" class=\"wp-image-16314\" srcset=\"https:\/\/www.abf.eu\/trescore\/wp-content\/uploads\/sites\/7\/2024\/04\/Progetto-senza-titolo-2-copia-2.png 1000w, https:\/\/www.abf.eu\/trescore\/wp-content\/uploads\/sites\/7\/2024\/04\/Progetto-senza-titolo-2-copia-2-300x200.png 300w, https:\/\/www.abf.eu\/trescore\/wp-content\/uploads\/sites\/7\/2024\/04\/Progetto-senza-titolo-2-copia-2-768x511.png 768w, https:\/\/www.abf.eu\/trescore\/wp-content\/uploads\/sites\/7\/2024\/04\/Progetto-senza-titolo-2-copia-2-600x400.png 600w\" sizes=\"auto, (max-width: 1000px) 100vw, 1000px\" \/><\/figure>\n\n\n\n<h5 class=\"wp-block-heading\">Un successo inaspettato<\/h5>\n\n\n\n<p>A conclusione dell&#8217;incontro la direttrice di Abf ha voluto sottolineare la soddisfazione ottenuta dalla riuscita di un&#8217;iniziativa che inizialmente sembrava di difficile realizzazione. La difficolt\u00e0 principale risiedeva nel riuscire a coinvolgere gli allievi, ma l&#8217;entusiasmo e l&#8217;apprezzamento mostrati hanno superato le aspettative. Oltre ad aver avuto la possibilit\u00e0 di contatto diretto con figure professionali, i ragazzi potranno trarre spunto da questa esperienza per la <strong>redazione delle tesine finali.<\/strong><\/p>\n","protected":false},"excerpt":{"rendered":"<p>ABF Trescore invita tutti i professionisti per un incontro finale<\/p>\n","protected":false},"author":48,"featured_media":16329,"comment_status":"open","ping_status":"open","sticky":false,"template":"","format":"standard","meta":{"footnotes":""},"categories":[116],"tags":[227,229,228,230],"class_list":["post-16281","post","type-post","status-publish","format-standard","has-post-thumbnail","hentry","category-news-trescore-balneario","tag-abf","tag-abf-trescore","tag-azienda-bergamasca-formazione","tag-incontra-il-professionista"],"yoast_head":"<!-- This site is optimized with the Yoast SEO plugin v25.8 - https:\/\/yoast.com\/wordpress\/plugins\/seo\/ -->\n<title>Ultimo appuntamento di &quot;Incontra il professionista&quot; - Trescore Balneario<\/title>\n<meta name=\"description\" content=\"Incontro conclusivo di un progetto di collaborazione tra gli allievi di Abf e alcune aziende nella provincia di Bergamo.\" \/>\n<meta name=\"robots\" content=\"index, follow, max-snippet:-1, max-image-preview:large, max-video-preview:-1\" \/>\n<link rel=\"canonical\" href=\"https:\/\/www.abf.eu\/trescore\/evento-conclusivo-incontra-il-professionista\/\" \/>\n<meta property=\"og:locale\" content=\"it_IT\" \/>\n<meta property=\"og:type\" content=\"article\" \/>\n<meta property=\"og:title\" content=\"Ultimo appuntamento di &quot;Incontra il professionista&quot; - Trescore Balneario\" \/>\n<meta property=\"og:description\" content=\"Incontro conclusivo di un progetto di collaborazione tra gli allievi di Abf e alcune aziende nella provincia di Bergamo.\" \/>\n<meta property=\"og:url\" content=\"https:\/\/www.abf.eu\/trescore\/evento-conclusivo-incontra-il-professionista\/\" \/>\n<meta property=\"og:site_name\" content=\"Trescore Balneario\" \/>\n<meta property=\"article:published_time\" content=\"2024-04-05T07:56:09+00:00\" \/>\n<meta property=\"article:modified_time\" content=\"2024-04-12T08:42:48+00:00\" \/>\n<meta property=\"og:image\" content=\"https:\/\/www.abf.eu\/trescore\/wp-content\/uploads\/sites\/7\/2024\/04\/Progetto-senza-titolo-2.png\" \/>\n\t<meta property=\"og:image:width\" content=\"1000\" \/>\n\t<meta property=\"og:image:height\" content=\"666\" \/>\n\t<meta property=\"og:image:type\" content=\"image\/png\" \/>\n<meta name=\"author\" content=\"abfeditortrescore\" \/>\n<meta name=\"twitter:card\" content=\"summary_large_image\" \/>\n<meta name=\"twitter:label1\" content=\"Scritto da\" \/>\n\t<meta name=\"twitter:data1\" content=\"abfeditortrescore\" \/>\n\t<meta name=\"twitter:label2\" content=\"Tempo di lettura stimato\" \/>\n\t<meta name=\"twitter:data2\" content=\"5 minuti\" \/>\n<script type=\"application\/ld+json\" class=\"yoast-schema-graph\">{\"@context\":\"https:\/\/schema.org\",\"@graph\":[{\"@type\":\"WebPage\",\"@id\":\"https:\/\/www.abf.eu\/trescore\/evento-conclusivo-incontra-il-professionista\/\",\"url\":\"https:\/\/www.abf.eu\/trescore\/evento-conclusivo-incontra-il-professionista\/\",\"name\":\"Ultimo appuntamento di \\\"Incontra il professionista\\\" - Trescore Balneario\",\"isPartOf\":{\"@id\":\"https:\/\/www.abf.eu\/trescore\/#website\"},\"primaryImageOfPage\":{\"@id\":\"https:\/\/www.abf.eu\/trescore\/evento-conclusivo-incontra-il-professionista\/#primaryimage\"},\"image\":{\"@id\":\"https:\/\/www.abf.eu\/trescore\/evento-conclusivo-incontra-il-professionista\/#primaryimage\"},\"thumbnailUrl\":\"https:\/\/www.abf.eu\/trescore\/wp-content\/uploads\/sites\/7\/2024\/04\/Progetto-senza-titolo-2.png\",\"datePublished\":\"2024-04-05T07:56:09+00:00\",\"dateModified\":\"2024-04-12T08:42:48+00:00\",\"author\":{\"@id\":\"https:\/\/www.abf.eu\/trescore\/#\/schema\/person\/c7ddf2f91f795768eadbde5563ee77d7\"},\"description\":\"Incontro conclusivo di un progetto di collaborazione tra gli allievi di Abf e alcune aziende nella provincia di Bergamo.\",\"breadcrumb\":{\"@id\":\"https:\/\/www.abf.eu\/trescore\/evento-conclusivo-incontra-il-professionista\/#breadcrumb\"},\"inLanguage\":\"it-IT\",\"potentialAction\":[{\"@type\":\"ReadAction\",\"target\":[\"https:\/\/www.abf.eu\/trescore\/evento-conclusivo-incontra-il-professionista\/\"]}]},{\"@type\":\"ImageObject\",\"inLanguage\":\"it-IT\",\"@id\":\"https:\/\/www.abf.eu\/trescore\/evento-conclusivo-incontra-il-professionista\/#primaryimage\",\"url\":\"https:\/\/www.abf.eu\/trescore\/wp-content\/uploads\/sites\/7\/2024\/04\/Progetto-senza-titolo-2.png\",\"contentUrl\":\"https:\/\/www.abf.eu\/trescore\/wp-content\/uploads\/sites\/7\/2024\/04\/Progetto-senza-titolo-2.png\",\"width\":1000,\"height\":666},{\"@type\":\"BreadcrumbList\",\"@id\":\"https:\/\/www.abf.eu\/trescore\/evento-conclusivo-incontra-il-professionista\/#breadcrumb\",\"itemListElement\":[{\"@type\":\"ListItem\",\"position\":1,\"name\":\"Home\",\"item\":\"https:\/\/www.abf.eu\/trescore\/\"},{\"@type\":\"ListItem\",\"position\":2,\"name\":\"Ultimo appuntamento di &#8220;Incontra il professionista&#8221;\"}]},{\"@type\":\"WebSite\",\"@id\":\"https:\/\/www.abf.eu\/trescore\/#website\",\"url\":\"https:\/\/www.abf.eu\/trescore\/\",\"name\":\"Trescore Balneario\",\"description\":\"Ecco un altro sito Abf siti\",\"potentialAction\":[{\"@type\":\"SearchAction\",\"target\":{\"@type\":\"EntryPoint\",\"urlTemplate\":\"https:\/\/www.abf.eu\/trescore\/?s={search_term_string}\"},\"query-input\":{\"@type\":\"PropertyValueSpecification\",\"valueRequired\":true,\"valueName\":\"search_term_string\"}}],\"inLanguage\":\"it-IT\"},{\"@type\":\"Person\",\"@id\":\"https:\/\/www.abf.eu\/trescore\/#\/schema\/person\/c7ddf2f91f795768eadbde5563ee77d7\",\"name\":\"abfeditortrescore\",\"image\":{\"@type\":\"ImageObject\",\"inLanguage\":\"it-IT\",\"@id\":\"https:\/\/www.abf.eu\/trescore\/#\/schema\/person\/image\/\",\"url\":\"https:\/\/secure.gravatar.com\/avatar\/1cd22c916d2c7840aa0cb0a9612fcd32679ae7cb4f7a78d234efd243a694d289?s=96&d=mm&r=g\",\"contentUrl\":\"https:\/\/secure.gravatar.com\/avatar\/1cd22c916d2c7840aa0cb0a9612fcd32679ae7cb4f7a78d234efd243a694d289?s=96&d=mm&r=g\",\"caption\":\"abfeditortrescore\"},\"url\":\"https:\/\/www.abf.eu\/trescore\/author\/abfeditortrescore\/\"}]}<\/script>\n<!-- \/ Yoast SEO plugin. -->","yoast_head_json":{"title":"Ultimo appuntamento di \"Incontra il professionista\" - Trescore Balneario","description":"Incontro conclusivo di un progetto di collaborazione tra gli allievi di Abf e alcune aziende nella provincia di Bergamo.","robots":{"index":"index","follow":"follow","max-snippet":"max-snippet:-1","max-image-preview":"max-image-preview:large","max-video-preview":"max-video-preview:-1"},"canonical":"https:\/\/www.abf.eu\/trescore\/evento-conclusivo-incontra-il-professionista\/","og_locale":"it_IT","og_type":"article","og_title":"Ultimo appuntamento di \"Incontra il professionista\" - Trescore Balneario","og_description":"Incontro conclusivo di un progetto di collaborazione tra gli allievi di Abf e alcune aziende nella provincia di Bergamo.","og_url":"https:\/\/www.abf.eu\/trescore\/evento-conclusivo-incontra-il-professionista\/","og_site_name":"Trescore Balneario","article_published_time":"2024-04-05T07:56:09+00:00","article_modified_time":"2024-04-12T08:42:48+00:00","og_image":[{"width":1000,"height":666,"url":"https:\/\/www.abf.eu\/trescore\/wp-content\/uploads\/sites\/7\/2024\/04\/Progetto-senza-titolo-2.png","type":"image\/png"}],"author":"abfeditortrescore","twitter_card":"summary_large_image","twitter_misc":{"Scritto da":"abfeditortrescore","Tempo di lettura stimato":"5 minuti"},"schema":{"@context":"https:\/\/schema.org","@graph":[{"@type":"WebPage","@id":"https:\/\/www.abf.eu\/trescore\/evento-conclusivo-incontra-il-professionista\/","url":"https:\/\/www.abf.eu\/trescore\/evento-conclusivo-incontra-il-professionista\/","name":"Ultimo appuntamento di \"Incontra il professionista\" - Trescore Balneario","isPartOf":{"@id":"https:\/\/www.abf.eu\/trescore\/#website"},"primaryImageOfPage":{"@id":"https:\/\/www.abf.eu\/trescore\/evento-conclusivo-incontra-il-professionista\/#primaryimage"},"image":{"@id":"https:\/\/www.abf.eu\/trescore\/evento-conclusivo-incontra-il-professionista\/#primaryimage"},"thumbnailUrl":"https:\/\/www.abf.eu\/trescore\/wp-content\/uploads\/sites\/7\/2024\/04\/Progetto-senza-titolo-2.png","datePublished":"2024-04-05T07:56:09+00:00","dateModified":"2024-04-12T08:42:48+00:00","author":{"@id":"https:\/\/www.abf.eu\/trescore\/#\/schema\/person\/c7ddf2f91f795768eadbde5563ee77d7"},"description":"Incontro conclusivo di un progetto di collaborazione tra gli allievi di Abf e alcune aziende nella provincia di Bergamo.","breadcrumb":{"@id":"https:\/\/www.abf.eu\/trescore\/evento-conclusivo-incontra-il-professionista\/#breadcrumb"},"inLanguage":"it-IT","potentialAction":[{"@type":"ReadAction","target":["https:\/\/www.abf.eu\/trescore\/evento-conclusivo-incontra-il-professionista\/"]}]},{"@type":"ImageObject","inLanguage":"it-IT","@id":"https:\/\/www.abf.eu\/trescore\/evento-conclusivo-incontra-il-professionista\/#primaryimage","url":"https:\/\/www.abf.eu\/trescore\/wp-content\/uploads\/sites\/7\/2024\/04\/Progetto-senza-titolo-2.png","contentUrl":"https:\/\/www.abf.eu\/trescore\/wp-content\/uploads\/sites\/7\/2024\/04\/Progetto-senza-titolo-2.png","width":1000,"height":666},{"@type":"BreadcrumbList","@id":"https:\/\/www.abf.eu\/trescore\/evento-conclusivo-incontra-il-professionista\/#breadcrumb","itemListElement":[{"@type":"ListItem","position":1,"name":"Home","item":"https:\/\/www.abf.eu\/trescore\/"},{"@type":"ListItem","position":2,"name":"Ultimo appuntamento di &#8220;Incontra il professionista&#8221;"}]},{"@type":"WebSite","@id":"https:\/\/www.abf.eu\/trescore\/#website","url":"https:\/\/www.abf.eu\/trescore\/","name":"Trescore Balneario","description":"Ecco un altro sito Abf siti","potentialAction":[{"@type":"SearchAction","target":{"@type":"EntryPoint","urlTemplate":"https:\/\/www.abf.eu\/trescore\/?s={search_term_string}"},"query-input":{"@type":"PropertyValueSpecification","valueRequired":true,"valueName":"search_term_string"}}],"inLanguage":"it-IT"},{"@type":"Person","@id":"https:\/\/www.abf.eu\/trescore\/#\/schema\/person\/c7ddf2f91f795768eadbde5563ee77d7","name":"abfeditortrescore","image":{"@type":"ImageObject","inLanguage":"it-IT","@id":"https:\/\/www.abf.eu\/trescore\/#\/schema\/person\/image\/","url":"https:\/\/secure.gravatar.com\/avatar\/1cd22c916d2c7840aa0cb0a9612fcd32679ae7cb4f7a78d234efd243a694d289?s=96&d=mm&r=g","contentUrl":"https:\/\/secure.gravatar.com\/avatar\/1cd22c916d2c7840aa0cb0a9612fcd32679ae7cb4f7a78d234efd243a694d289?s=96&d=mm&r=g","caption":"abfeditortrescore"},"url":"https:\/\/www.abf.eu\/trescore\/author\/abfeditortrescore\/"}]}},"_links":{"self":[{"href":"https:\/\/www.abf.eu\/trescore\/wp-json\/wp\/v2\/posts\/16281","targetHints":{"allow":["GET"]}}],"collection":[{"href":"https:\/\/www.abf.eu\/trescore\/wp-json\/wp\/v2\/posts"}],"about":[{"href":"https:\/\/www.abf.eu\/trescore\/wp-json\/wp\/v2\/types\/post"}],"author":[{"embeddable":true,"href":"https:\/\/www.abf.eu\/trescore\/wp-json\/wp\/v2\/users\/48"}],"replies":[{"embeddable":true,"href":"https:\/\/www.abf.eu\/trescore\/wp-json\/wp\/v2\/comments?post=16281"}],"version-history":[{"count":15,"href":"https:\/\/www.abf.eu\/trescore\/wp-json\/wp\/v2\/posts\/16281\/revisions"}],"predecessor-version":[{"id":16348,"href":"https:\/\/www.abf.eu\/trescore\/wp-json\/wp\/v2\/posts\/16281\/revisions\/16348"}],"wp:featuredmedia":[{"embeddable":true,"href":"https:\/\/www.abf.eu\/trescore\/wp-json\/wp\/v2\/media\/16329"}],"wp:attachment":[{"href":"https:\/\/www.abf.eu\/trescore\/wp-json\/wp\/v2\/media?parent=16281"}],"wp:term":[{"taxonomy":"category","embeddable":true,"href":"https:\/\/www.abf.eu\/trescore\/wp-json\/wp\/v2\/categories?post=16281"},{"taxonomy":"post_tag","embeddable":true,"href":"https:\/\/www.abf.eu\/trescore\/wp-json\/wp\/v2\/tags?post=16281"}],"curies":[{"name":"wp","href":"https:\/\/api.w.org\/{rel}","templated":true}]}}