{"id":14725,"date":"2020-11-18T21:20:24","date_gmt":"2020-11-18T20:20:24","guid":{"rendered":"https:\/\/www.abf.eu\/treviglio\/?p=14725"},"modified":"2022-04-20T09:18:02","modified_gmt":"2022-04-20T07:18:02","slug":"da-grande-voglio-fare-la-barista-il-pasticcere-lo-chef","status":"publish","type":"post","link":"https:\/\/www.abf.eu\/treviglio\/da-grande-voglio-fare-la-barista-il-pasticcere-lo-chef\/","title":{"rendered":"Da grande voglio fare: la barista, il pasticcere, lo chef \u2026"},"content":{"rendered":"\n<p><strong>Alzi la mano<\/strong> <strong>chi di noi non si \u00e8 posto la domanda: <em>cosa far\u00f2 da grande dopo la terza media<\/em> ?<br><\/strong>Dopo i set per le riprese ecco i video di tre corsi dopo la terza media realizzati in ABF Treviglio. Docenti e ragazzi attori per un giorno. Tutti bravissimi.<br>Lasciati guidare ed emozionare in questo breve tour nel quale conoscerai alcuni docenti che ti illustreranno i corsi. Visiterai i laboratori e quello che i ragazzi imparano nel loro percorso scolastico.<br><br><em>&#8220;Solo chi sogna pu\u00f2 volare&#8221;<\/em> diceva Peter Pan. Rispondere ai desideri di futuro dei ragazzi \u00e8 la mission di ABF.<br>Con 13 corsi professionali, 7 sedi sul territorio bergamasco e laboratori d&#8217;avanguardia, ABF \u00e8 una realt\u00e0 educativa che pu\u00f2 offrire <strong>opportunit\u00e0 concrete per il futuro lavorativo dei nostri ragazzi<\/strong>.<strong><br><\/strong>In questa video-gallery raccontiamo alcune <strong>&#8220;belle professioni&#8221;<\/strong> che possono far volare.<\/p>\n\n\n\n<div style=\"height:30px\" aria-hidden=\"true\" class=\"wp-block-spacer\"><\/div>\n\n\n\n<h4 class=\"wp-block-heading\">Voglio fare la barista<\/h4>\n\n\n\n<p><strong>Operatore della ristorazione \u2013 Allestimento sala e somministrazione piatti e bevande<\/strong><\/p>\n\n\n\n<figure class=\"wp-block-embed is-type-video is-provider-youtube wp-block-embed-youtube wp-embed-aspect-16-9 wp-has-aspect-ratio\"><div class=\"wp-block-embed__wrapper\">\n<iframe loading=\"lazy\" title=\"OPERATORE DELLA RISTORAZIONE - SALA BAR - ABF Treviglio\" width=\"500\" height=\"281\" src=\"https:\/\/www.youtube.com\/embed\/PoiBPQe9MYw?feature=oembed\" frameborder=\"0\" allow=\"accelerometer; autoplay; clipboard-write; encrypted-media; gyroscope; picture-in-picture; web-share\" referrerpolicy=\"strict-origin-when-cross-origin\" allowfullscreen><\/iframe>\n<\/div><\/figure>\n\n\n\n<div style=\"height:30px\" aria-hidden=\"true\" class=\"wp-block-spacer\"><\/div>\n\n\n\n<h4 class=\"wp-block-heading\">Voglio fare il pasticcere<\/h4>\n\n\n\n<p><strong>Operatore delle produzioni alimentari \u2013 Lavorazione e produzione di pasticceria, pasta e prodotti da forno<\/strong><\/p>\n\n\n\n<figure class=\"wp-block-embed is-type-video is-provider-youtube wp-block-embed-youtube wp-embed-aspect-16-9 wp-has-aspect-ratio\"><div class=\"wp-block-embed__wrapper\">\n<iframe loading=\"lazy\" title=\"OPERATORE PASTICCERIA E PANIFICAZIONE - ABF Treviglio\" width=\"500\" height=\"281\" src=\"https:\/\/www.youtube.com\/embed\/E7zHmDToRts?feature=oembed\" frameborder=\"0\" allow=\"accelerometer; autoplay; clipboard-write; encrypted-media; gyroscope; picture-in-picture; web-share\" referrerpolicy=\"strict-origin-when-cross-origin\" allowfullscreen><\/iframe>\n<\/div><\/figure>\n\n\n\n<div style=\"height:30px\" aria-hidden=\"true\" class=\"wp-block-spacer\"><\/div>\n\n\n\n<h4 class=\"wp-block-heading\">Voglio fare lo chef<\/h4>\n\n\n\n<p><strong>Operatore della ristorazione \u2013 preparazione degli alimenti e allestimento piatti<\/strong><\/p>\n\n\n\n<figure class=\"wp-block-embed is-type-video is-provider-youtube wp-block-embed-youtube wp-embed-aspect-16-9 wp-has-aspect-ratio\"><div class=\"wp-block-embed__wrapper\">\n<iframe loading=\"lazy\" title=\"OPERATORE DELLA RISTORAZIONE - CUCINA - ABF Treviglio\" width=\"500\" height=\"281\" src=\"https:\/\/www.youtube.com\/embed\/cazg0ohwrSQ?feature=oembed\" frameborder=\"0\" allow=\"accelerometer; autoplay; clipboard-write; encrypted-media; gyroscope; picture-in-picture; web-share\" referrerpolicy=\"strict-origin-when-cross-origin\" allowfullscreen><\/iframe>\n<\/div><\/figure>\n","protected":false},"excerpt":{"rendered":"<p>Alzi la mano chi di noi non si \u00e8 posto<\/p>\n","protected":false},"author":24,"featured_media":16990,"comment_status":"open","ping_status":"open","sticky":false,"template":"","format":"standard","meta":{"footnotes":""},"categories":[116],"tags":[],"class_list":["post-14725","post","type-post","status-publish","format-standard","has-post-thumbnail","hentry","category-news-treviglio"],"yoast_head":"<!-- This site is optimized with the Yoast SEO plugin v25.8 - https:\/\/yoast.com\/wordpress\/plugins\/seo\/ -->\n<title>Da grande voglio fare: la barista, il pasticcere, lo chef \u2026 - Treviglio<\/title>\n<meta name=\"robots\" content=\"index, follow, max-snippet:-1, max-image-preview:large, max-video-preview:-1\" \/>\n<link rel=\"canonical\" href=\"https:\/\/www.abf.eu\/treviglio\/da-grande-voglio-fare-la-barista-il-pasticcere-lo-chef\/\" \/>\n<meta property=\"og:locale\" content=\"it_IT\" \/>\n<meta property=\"og:type\" content=\"article\" \/>\n<meta property=\"og:title\" content=\"Da grande voglio fare: la barista, il pasticcere, lo chef \u2026 - Treviglio\" \/>\n<meta property=\"og:description\" content=\"Alzi la mano chi di noi non si \u00e8 posto\" \/>\n<meta property=\"og:url\" content=\"https:\/\/www.abf.eu\/treviglio\/da-grande-voglio-fare-la-barista-il-pasticcere-lo-chef\/\" \/>\n<meta property=\"og:site_name\" content=\"Treviglio\" \/>\n<meta property=\"article:published_time\" content=\"2020-11-18T20:20:24+00:00\" \/>\n<meta property=\"article:modified_time\" content=\"2022-04-20T07:18:02+00:00\" \/>\n<meta property=\"og:image\" content=\"https:\/\/www.abf.eu\/treviglio\/wp-content\/uploads\/sites\/8\/2020\/11\/abf-treviglio-video.jpg\" \/>\n\t<meta property=\"og:image:width\" content=\"1000\" \/>\n\t<meta property=\"og:image:height\" content=\"667\" \/>\n\t<meta property=\"og:image:type\" content=\"image\/jpeg\" \/>\n<meta name=\"author\" content=\"genuine\" \/>\n<meta name=\"twitter:card\" content=\"summary_large_image\" \/>\n<meta name=\"twitter:label1\" content=\"Scritto da\" \/>\n\t<meta name=\"twitter:data1\" content=\"genuine\" \/>\n\t<meta name=\"twitter:label2\" content=\"Tempo di lettura stimato\" \/>\n\t<meta name=\"twitter:data2\" content=\"1 minuto\" \/>\n<script type=\"application\/ld+json\" class=\"yoast-schema-graph\">{\"@context\":\"https:\/\/schema.org\",\"@graph\":[{\"@type\":\"WebPage\",\"@id\":\"https:\/\/www.abf.eu\/treviglio\/da-grande-voglio-fare-la-barista-il-pasticcere-lo-chef\/\",\"url\":\"https:\/\/www.abf.eu\/treviglio\/da-grande-voglio-fare-la-barista-il-pasticcere-lo-chef\/\",\"name\":\"Da grande voglio fare: la barista, il pasticcere, lo chef \u2026 - Treviglio\",\"isPartOf\":{\"@id\":\"https:\/\/www.abf.eu\/treviglio\/#website\"},\"primaryImageOfPage\":{\"@id\":\"https:\/\/www.abf.eu\/treviglio\/da-grande-voglio-fare-la-barista-il-pasticcere-lo-chef\/#primaryimage\"},\"image\":{\"@id\":\"https:\/\/www.abf.eu\/treviglio\/da-grande-voglio-fare-la-barista-il-pasticcere-lo-chef\/#primaryimage\"},\"thumbnailUrl\":\"https:\/\/www.abf.eu\/treviglio\/wp-content\/uploads\/sites\/8\/2020\/11\/abf-treviglio-video.jpg\",\"datePublished\":\"2020-11-18T20:20:24+00:00\",\"dateModified\":\"2022-04-20T07:18:02+00:00\",\"author\":{\"@id\":\"https:\/\/www.abf.eu\/treviglio\/#\/schema\/person\/6dd727723dfad06fafe9852a52a085b6\"},\"breadcrumb\":{\"@id\":\"https:\/\/www.abf.eu\/treviglio\/da-grande-voglio-fare-la-barista-il-pasticcere-lo-chef\/#breadcrumb\"},\"inLanguage\":\"it-IT\",\"potentialAction\":[{\"@type\":\"ReadAction\",\"target\":[\"https:\/\/www.abf.eu\/treviglio\/da-grande-voglio-fare-la-barista-il-pasticcere-lo-chef\/\"]}]},{\"@type\":\"ImageObject\",\"inLanguage\":\"it-IT\",\"@id\":\"https:\/\/www.abf.eu\/treviglio\/da-grande-voglio-fare-la-barista-il-pasticcere-lo-chef\/#primaryimage\",\"url\":\"https:\/\/www.abf.eu\/treviglio\/wp-content\/uploads\/sites\/8\/2020\/11\/abf-treviglio-video.jpg\",\"contentUrl\":\"https:\/\/www.abf.eu\/treviglio\/wp-content\/uploads\/sites\/8\/2020\/11\/abf-treviglio-video.jpg\",\"width\":1000,\"height\":667,\"caption\":\"abf treviglio video\"},{\"@type\":\"BreadcrumbList\",\"@id\":\"https:\/\/www.abf.eu\/treviglio\/da-grande-voglio-fare-la-barista-il-pasticcere-lo-chef\/#breadcrumb\",\"itemListElement\":[{\"@type\":\"ListItem\",\"position\":1,\"name\":\"Home\",\"item\":\"https:\/\/www.abf.eu\/treviglio\/\"},{\"@type\":\"ListItem\",\"position\":2,\"name\":\"Da grande voglio fare: la barista, il pasticcere, lo chef \u2026\"}]},{\"@type\":\"WebSite\",\"@id\":\"https:\/\/www.abf.eu\/treviglio\/#website\",\"url\":\"https:\/\/www.abf.eu\/treviglio\/\",\"name\":\"Treviglio\",\"description\":\"Ecco un altro sito Abf siti\",\"potentialAction\":[{\"@type\":\"SearchAction\",\"target\":{\"@type\":\"EntryPoint\",\"urlTemplate\":\"https:\/\/www.abf.eu\/treviglio\/?s={search_term_string}\"},\"query-input\":{\"@type\":\"PropertyValueSpecification\",\"valueRequired\":true,\"valueName\":\"search_term_string\"}}],\"inLanguage\":\"it-IT\"},{\"@type\":\"Person\",\"@id\":\"https:\/\/www.abf.eu\/treviglio\/#\/schema\/person\/6dd727723dfad06fafe9852a52a085b6\",\"name\":\"genuine\",\"image\":{\"@type\":\"ImageObject\",\"inLanguage\":\"it-IT\",\"@id\":\"https:\/\/www.abf.eu\/treviglio\/#\/schema\/person\/image\/\",\"url\":\"https:\/\/secure.gravatar.com\/avatar\/fbe6a0200421623c1c4dea5cab09529e813c5b080209743dc2703b231fa524f6?s=96&d=mm&r=g\",\"contentUrl\":\"https:\/\/secure.gravatar.com\/avatar\/fbe6a0200421623c1c4dea5cab09529e813c5b080209743dc2703b231fa524f6?s=96&d=mm&r=g\",\"caption\":\"genuine\"},\"url\":\"https:\/\/www.abf.eu\/treviglio\/author\/genuine\/\"}]}<\/script>\n<!-- \/ Yoast SEO plugin. -->","yoast_head_json":{"title":"Da grande voglio fare: la barista, il pasticcere, lo chef \u2026 - Treviglio","robots":{"index":"index","follow":"follow","max-snippet":"max-snippet:-1","max-image-preview":"max-image-preview:large","max-video-preview":"max-video-preview:-1"},"canonical":"https:\/\/www.abf.eu\/treviglio\/da-grande-voglio-fare-la-barista-il-pasticcere-lo-chef\/","og_locale":"it_IT","og_type":"article","og_title":"Da grande voglio fare: la barista, il pasticcere, lo chef \u2026 - Treviglio","og_description":"Alzi la mano chi di noi non si \u00e8 posto","og_url":"https:\/\/www.abf.eu\/treviglio\/da-grande-voglio-fare-la-barista-il-pasticcere-lo-chef\/","og_site_name":"Treviglio","article_published_time":"2020-11-18T20:20:24+00:00","article_modified_time":"2022-04-20T07:18:02+00:00","og_image":[{"width":1000,"height":667,"url":"https:\/\/www.abf.eu\/treviglio\/wp-content\/uploads\/sites\/8\/2020\/11\/abf-treviglio-video.jpg","type":"image\/jpeg"}],"author":"genuine","twitter_card":"summary_large_image","twitter_misc":{"Scritto da":"genuine","Tempo di lettura stimato":"1 minuto"},"schema":{"@context":"https:\/\/schema.org","@graph":[{"@type":"WebPage","@id":"https:\/\/www.abf.eu\/treviglio\/da-grande-voglio-fare-la-barista-il-pasticcere-lo-chef\/","url":"https:\/\/www.abf.eu\/treviglio\/da-grande-voglio-fare-la-barista-il-pasticcere-lo-chef\/","name":"Da grande voglio fare: la barista, il pasticcere, lo chef \u2026 - Treviglio","isPartOf":{"@id":"https:\/\/www.abf.eu\/treviglio\/#website"},"primaryImageOfPage":{"@id":"https:\/\/www.abf.eu\/treviglio\/da-grande-voglio-fare-la-barista-il-pasticcere-lo-chef\/#primaryimage"},"image":{"@id":"https:\/\/www.abf.eu\/treviglio\/da-grande-voglio-fare-la-barista-il-pasticcere-lo-chef\/#primaryimage"},"thumbnailUrl":"https:\/\/www.abf.eu\/treviglio\/wp-content\/uploads\/sites\/8\/2020\/11\/abf-treviglio-video.jpg","datePublished":"2020-11-18T20:20:24+00:00","dateModified":"2022-04-20T07:18:02+00:00","author":{"@id":"https:\/\/www.abf.eu\/treviglio\/#\/schema\/person\/6dd727723dfad06fafe9852a52a085b6"},"breadcrumb":{"@id":"https:\/\/www.abf.eu\/treviglio\/da-grande-voglio-fare-la-barista-il-pasticcere-lo-chef\/#breadcrumb"},"inLanguage":"it-IT","potentialAction":[{"@type":"ReadAction","target":["https:\/\/www.abf.eu\/treviglio\/da-grande-voglio-fare-la-barista-il-pasticcere-lo-chef\/"]}]},{"@type":"ImageObject","inLanguage":"it-IT","@id":"https:\/\/www.abf.eu\/treviglio\/da-grande-voglio-fare-la-barista-il-pasticcere-lo-chef\/#primaryimage","url":"https:\/\/www.abf.eu\/treviglio\/wp-content\/uploads\/sites\/8\/2020\/11\/abf-treviglio-video.jpg","contentUrl":"https:\/\/www.abf.eu\/treviglio\/wp-content\/uploads\/sites\/8\/2020\/11\/abf-treviglio-video.jpg","width":1000,"height":667,"caption":"abf treviglio video"},{"@type":"BreadcrumbList","@id":"https:\/\/www.abf.eu\/treviglio\/da-grande-voglio-fare-la-barista-il-pasticcere-lo-chef\/#breadcrumb","itemListElement":[{"@type":"ListItem","position":1,"name":"Home","item":"https:\/\/www.abf.eu\/treviglio\/"},{"@type":"ListItem","position":2,"name":"Da grande voglio fare: la barista, il pasticcere, lo chef \u2026"}]},{"@type":"WebSite","@id":"https:\/\/www.abf.eu\/treviglio\/#website","url":"https:\/\/www.abf.eu\/treviglio\/","name":"Treviglio","description":"Ecco un altro sito Abf siti","potentialAction":[{"@type":"SearchAction","target":{"@type":"EntryPoint","urlTemplate":"https:\/\/www.abf.eu\/treviglio\/?s={search_term_string}"},"query-input":{"@type":"PropertyValueSpecification","valueRequired":true,"valueName":"search_term_string"}}],"inLanguage":"it-IT"},{"@type":"Person","@id":"https:\/\/www.abf.eu\/treviglio\/#\/schema\/person\/6dd727723dfad06fafe9852a52a085b6","name":"genuine","image":{"@type":"ImageObject","inLanguage":"it-IT","@id":"https:\/\/www.abf.eu\/treviglio\/#\/schema\/person\/image\/","url":"https:\/\/secure.gravatar.com\/avatar\/fbe6a0200421623c1c4dea5cab09529e813c5b080209743dc2703b231fa524f6?s=96&d=mm&r=g","contentUrl":"https:\/\/secure.gravatar.com\/avatar\/fbe6a0200421623c1c4dea5cab09529e813c5b080209743dc2703b231fa524f6?s=96&d=mm&r=g","caption":"genuine"},"url":"https:\/\/www.abf.eu\/treviglio\/author\/genuine\/"}]}},"_links":{"self":[{"href":"https:\/\/www.abf.eu\/treviglio\/wp-json\/wp\/v2\/posts\/14725","targetHints":{"allow":["GET"]}}],"collection":[{"href":"https:\/\/www.abf.eu\/treviglio\/wp-json\/wp\/v2\/posts"}],"about":[{"href":"https:\/\/www.abf.eu\/treviglio\/wp-json\/wp\/v2\/types\/post"}],"author":[{"embeddable":true,"href":"https:\/\/www.abf.eu\/treviglio\/wp-json\/wp\/v2\/users\/24"}],"replies":[{"embeddable":true,"href":"https:\/\/www.abf.eu\/treviglio\/wp-json\/wp\/v2\/comments?post=14725"}],"version-history":[{"count":4,"href":"https:\/\/www.abf.eu\/treviglio\/wp-json\/wp\/v2\/posts\/14725\/revisions"}],"predecessor-version":[{"id":16991,"href":"https:\/\/www.abf.eu\/treviglio\/wp-json\/wp\/v2\/posts\/14725\/revisions\/16991"}],"wp:featuredmedia":[{"embeddable":true,"href":"https:\/\/www.abf.eu\/treviglio\/wp-json\/wp\/v2\/media\/16990"}],"wp:attachment":[{"href":"https:\/\/www.abf.eu\/treviglio\/wp-json\/wp\/v2\/media?parent=14725"}],"wp:term":[{"taxonomy":"category","embeddable":true,"href":"https:\/\/www.abf.eu\/treviglio\/wp-json\/wp\/v2\/categories?post=14725"},{"taxonomy":"post_tag","embeddable":true,"href":"https:\/\/www.abf.eu\/treviglio\/wp-json\/wp\/v2\/tags?post=14725"}],"curies":[{"name":"wp","href":"https:\/\/api.w.org\/{rel}","templated":true}]}}