{"id":15019,"date":"2021-01-28T10:26:21","date_gmt":"2021-01-28T09:26:21","guid":{"rendered":"https:\/\/www.abf.eu\/treviglio\/?p=15019"},"modified":"2021-01-28T10:26:21","modified_gmt":"2021-01-28T09:26:21","slug":"sorteggio-pubblico-settore-cucina","status":"publish","type":"post","link":"https:\/\/www.abf.eu\/treviglio\/sorteggio-pubblico-settore-cucina\/","title":{"rendered":"Sorteggio pubblico settore cucina"},"content":{"rendered":"\n<p>Si comunica che<strong> sabato 6 febbraio 2021 alle ore 14.30<\/strong> presso la sede ABF Treviglio di via Caravaggio 50 si terr\u00e0 il sorteggio per la creazione della classe 1 del corso Operatore della ristorazione &#8211; preparazione degli alimenti e allestimento piatti per l&#8217;anno scolastico 2021\/22.<\/p>\n\n\n\n<p>Le richieste di iscrizioni, infatti, sono state superiori ai posti disponibili e si proceder\u00e0 pertanto alla selezione degli allievi con il sistema del\u00a0<strong>sorteggio pubblico<\/strong>, come precedentemente comunicato. Tale procedura, gi\u00e0 adottata in passato, garantisce il rispetto dei criteri di oggettivit\u00e0, equit\u00e0 e trasparenza richieste dalle direttive ministeriali e regionali.<\/p>\n\n\n\n<p>Agli studenti esclusi sar\u00e0 data la possibilit\u00e0 di frequentare altri corsi dello stesso CFP o di altri CFP di ABF.<\/p>\n\n\n\n<p>\u00c8 possibile assistere alle procedure di sorteggio: per garantire la massima sicurezza ed evitare assembramenti <strong>solo una persona per famiglia potr\u00e0 accedere <\/strong>alla sede, a partire da 5 minuti prima dell&#8217;orario previsto.<\/p>\n\n\n\n<p>Per informazioni potete contattare la segreteria didattica allo 0363.1925677.<\/p>\n","protected":false},"excerpt":{"rendered":"<p>Si comunica che sabato 6 febbraio 2021 alle ore 14.30<\/p>\n","protected":false},"author":25,"featured_media":15020,"comment_status":"open","ping_status":"open","sticky":false,"template":"","format":"standard","meta":{"footnotes":""},"categories":[1],"tags":[],"class_list":["post-15019","post","type-post","status-publish","format-standard","has-post-thumbnail","hentry","category-senza-categoria"],"yoast_head":"<!-- This site is optimized with the Yoast SEO plugin v25.8 - https:\/\/yoast.com\/wordpress\/plugins\/seo\/ -->\n<title>Sorteggio pubblico settore cucina - Treviglio<\/title>\n<meta name=\"robots\" content=\"index, follow, max-snippet:-1, max-image-preview:large, max-video-preview:-1\" \/>\n<link rel=\"canonical\" href=\"https:\/\/www.abf.eu\/treviglio\/sorteggio-pubblico-settore-cucina\/\" \/>\n<meta property=\"og:locale\" content=\"it_IT\" \/>\n<meta property=\"og:type\" content=\"article\" \/>\n<meta property=\"og:title\" content=\"Sorteggio pubblico settore cucina - Treviglio\" \/>\n<meta property=\"og:description\" content=\"Si comunica che sabato 6 febbraio 2021 alle ore 14.30\" \/>\n<meta property=\"og:url\" content=\"https:\/\/www.abf.eu\/treviglio\/sorteggio-pubblico-settore-cucina\/\" \/>\n<meta property=\"og:site_name\" content=\"Treviglio\" \/>\n<meta property=\"article:published_time\" content=\"2021-01-28T09:26:21+00:00\" \/>\n<meta property=\"og:image\" content=\"https:\/\/www.abf.eu\/treviglio\/wp-content\/uploads\/sites\/8\/2021\/01\/ABF-OPERATORE-DELLA-RISTORAZIONE-PREPARAZIONE-DEGLI-ALIMENTI-E-ALLESTIMENTO-PIATTI.jpg\" \/>\n\t<meta property=\"og:image:width\" content=\"1440\" \/>\n\t<meta property=\"og:image:height\" content=\"960\" \/>\n\t<meta property=\"og:image:type\" content=\"image\/jpeg\" \/>\n<meta name=\"author\" content=\"silviaspreafico\" \/>\n<meta name=\"twitter:card\" content=\"summary_large_image\" \/>\n<meta name=\"twitter:label1\" content=\"Scritto da\" \/>\n\t<meta name=\"twitter:data1\" content=\"silviaspreafico\" \/>\n\t<meta name=\"twitter:label2\" content=\"Tempo di lettura stimato\" \/>\n\t<meta name=\"twitter:data2\" content=\"1 minuto\" \/>\n<script type=\"application\/ld+json\" class=\"yoast-schema-graph\">{\"@context\":\"https:\/\/schema.org\",\"@graph\":[{\"@type\":\"WebPage\",\"@id\":\"https:\/\/www.abf.eu\/treviglio\/sorteggio-pubblico-settore-cucina\/\",\"url\":\"https:\/\/www.abf.eu\/treviglio\/sorteggio-pubblico-settore-cucina\/\",\"name\":\"Sorteggio pubblico settore cucina - Treviglio\",\"isPartOf\":{\"@id\":\"https:\/\/www.abf.eu\/treviglio\/#website\"},\"primaryImageOfPage\":{\"@id\":\"https:\/\/www.abf.eu\/treviglio\/sorteggio-pubblico-settore-cucina\/#primaryimage\"},\"image\":{\"@id\":\"https:\/\/www.abf.eu\/treviglio\/sorteggio-pubblico-settore-cucina\/#primaryimage\"},\"thumbnailUrl\":\"https:\/\/www.abf.eu\/treviglio\/wp-content\/uploads\/sites\/8\/2021\/01\/ABF-OPERATORE-DELLA-RISTORAZIONE-PREPARAZIONE-DEGLI-ALIMENTI-E-ALLESTIMENTO-PIATTI.jpg\",\"datePublished\":\"2021-01-28T09:26:21+00:00\",\"author\":{\"@id\":\"https:\/\/www.abf.eu\/treviglio\/#\/schema\/person\/23c34eb7b52bc4e12a24481fce6478e1\"},\"breadcrumb\":{\"@id\":\"https:\/\/www.abf.eu\/treviglio\/sorteggio-pubblico-settore-cucina\/#breadcrumb\"},\"inLanguage\":\"it-IT\",\"potentialAction\":[{\"@type\":\"ReadAction\",\"target\":[\"https:\/\/www.abf.eu\/treviglio\/sorteggio-pubblico-settore-cucina\/\"]}]},{\"@type\":\"ImageObject\",\"inLanguage\":\"it-IT\",\"@id\":\"https:\/\/www.abf.eu\/treviglio\/sorteggio-pubblico-settore-cucina\/#primaryimage\",\"url\":\"https:\/\/www.abf.eu\/treviglio\/wp-content\/uploads\/sites\/8\/2021\/01\/ABF-OPERATORE-DELLA-RISTORAZIONE-PREPARAZIONE-DEGLI-ALIMENTI-E-ALLESTIMENTO-PIATTI.jpg\",\"contentUrl\":\"https:\/\/www.abf.eu\/treviglio\/wp-content\/uploads\/sites\/8\/2021\/01\/ABF-OPERATORE-DELLA-RISTORAZIONE-PREPARAZIONE-DEGLI-ALIMENTI-E-ALLESTIMENTO-PIATTI.jpg\",\"width\":1440,\"height\":960},{\"@type\":\"BreadcrumbList\",\"@id\":\"https:\/\/www.abf.eu\/treviglio\/sorteggio-pubblico-settore-cucina\/#breadcrumb\",\"itemListElement\":[{\"@type\":\"ListItem\",\"position\":1,\"name\":\"Home\",\"item\":\"https:\/\/www.abf.eu\/treviglio\/\"},{\"@type\":\"ListItem\",\"position\":2,\"name\":\"Sorteggio pubblico settore cucina\"}]},{\"@type\":\"WebSite\",\"@id\":\"https:\/\/www.abf.eu\/treviglio\/#website\",\"url\":\"https:\/\/www.abf.eu\/treviglio\/\",\"name\":\"Treviglio\",\"description\":\"Ecco un altro sito Abf siti\",\"potentialAction\":[{\"@type\":\"SearchAction\",\"target\":{\"@type\":\"EntryPoint\",\"urlTemplate\":\"https:\/\/www.abf.eu\/treviglio\/?s={search_term_string}\"},\"query-input\":{\"@type\":\"PropertyValueSpecification\",\"valueRequired\":true,\"valueName\":\"search_term_string\"}}],\"inLanguage\":\"it-IT\"},{\"@type\":\"Person\",\"@id\":\"https:\/\/www.abf.eu\/treviglio\/#\/schema\/person\/23c34eb7b52bc4e12a24481fce6478e1\",\"name\":\"silviaspreafico\",\"image\":{\"@type\":\"ImageObject\",\"inLanguage\":\"it-IT\",\"@id\":\"https:\/\/www.abf.eu\/treviglio\/#\/schema\/person\/image\/\",\"url\":\"https:\/\/secure.gravatar.com\/avatar\/7b69902f2c5e3659a4da1dcdff63162695addc3188f70145566fc93db35e477b?s=96&d=mm&r=g\",\"contentUrl\":\"https:\/\/secure.gravatar.com\/avatar\/7b69902f2c5e3659a4da1dcdff63162695addc3188f70145566fc93db35e477b?s=96&d=mm&r=g\",\"caption\":\"silviaspreafico\"},\"url\":\"https:\/\/www.abf.eu\/treviglio\/author\/silviaspreafico\/\"}]}<\/script>\n<!-- \/ Yoast SEO plugin. -->","yoast_head_json":{"title":"Sorteggio pubblico settore cucina - Treviglio","robots":{"index":"index","follow":"follow","max-snippet":"max-snippet:-1","max-image-preview":"max-image-preview:large","max-video-preview":"max-video-preview:-1"},"canonical":"https:\/\/www.abf.eu\/treviglio\/sorteggio-pubblico-settore-cucina\/","og_locale":"it_IT","og_type":"article","og_title":"Sorteggio pubblico settore cucina - Treviglio","og_description":"Si comunica che sabato 6 febbraio 2021 alle ore 14.30","og_url":"https:\/\/www.abf.eu\/treviglio\/sorteggio-pubblico-settore-cucina\/","og_site_name":"Treviglio","article_published_time":"2021-01-28T09:26:21+00:00","og_image":[{"width":1440,"height":960,"url":"https:\/\/www.abf.eu\/treviglio\/wp-content\/uploads\/sites\/8\/2021\/01\/ABF-OPERATORE-DELLA-RISTORAZIONE-PREPARAZIONE-DEGLI-ALIMENTI-E-ALLESTIMENTO-PIATTI.jpg","type":"image\/jpeg"}],"author":"silviaspreafico","twitter_card":"summary_large_image","twitter_misc":{"Scritto da":"silviaspreafico","Tempo di lettura stimato":"1 minuto"},"schema":{"@context":"https:\/\/schema.org","@graph":[{"@type":"WebPage","@id":"https:\/\/www.abf.eu\/treviglio\/sorteggio-pubblico-settore-cucina\/","url":"https:\/\/www.abf.eu\/treviglio\/sorteggio-pubblico-settore-cucina\/","name":"Sorteggio pubblico settore cucina - Treviglio","isPartOf":{"@id":"https:\/\/www.abf.eu\/treviglio\/#website"},"primaryImageOfPage":{"@id":"https:\/\/www.abf.eu\/treviglio\/sorteggio-pubblico-settore-cucina\/#primaryimage"},"image":{"@id":"https:\/\/www.abf.eu\/treviglio\/sorteggio-pubblico-settore-cucina\/#primaryimage"},"thumbnailUrl":"https:\/\/www.abf.eu\/treviglio\/wp-content\/uploads\/sites\/8\/2021\/01\/ABF-OPERATORE-DELLA-RISTORAZIONE-PREPARAZIONE-DEGLI-ALIMENTI-E-ALLESTIMENTO-PIATTI.jpg","datePublished":"2021-01-28T09:26:21+00:00","author":{"@id":"https:\/\/www.abf.eu\/treviglio\/#\/schema\/person\/23c34eb7b52bc4e12a24481fce6478e1"},"breadcrumb":{"@id":"https:\/\/www.abf.eu\/treviglio\/sorteggio-pubblico-settore-cucina\/#breadcrumb"},"inLanguage":"it-IT","potentialAction":[{"@type":"ReadAction","target":["https:\/\/www.abf.eu\/treviglio\/sorteggio-pubblico-settore-cucina\/"]}]},{"@type":"ImageObject","inLanguage":"it-IT","@id":"https:\/\/www.abf.eu\/treviglio\/sorteggio-pubblico-settore-cucina\/#primaryimage","url":"https:\/\/www.abf.eu\/treviglio\/wp-content\/uploads\/sites\/8\/2021\/01\/ABF-OPERATORE-DELLA-RISTORAZIONE-PREPARAZIONE-DEGLI-ALIMENTI-E-ALLESTIMENTO-PIATTI.jpg","contentUrl":"https:\/\/www.abf.eu\/treviglio\/wp-content\/uploads\/sites\/8\/2021\/01\/ABF-OPERATORE-DELLA-RISTORAZIONE-PREPARAZIONE-DEGLI-ALIMENTI-E-ALLESTIMENTO-PIATTI.jpg","width":1440,"height":960},{"@type":"BreadcrumbList","@id":"https:\/\/www.abf.eu\/treviglio\/sorteggio-pubblico-settore-cucina\/#breadcrumb","itemListElement":[{"@type":"ListItem","position":1,"name":"Home","item":"https:\/\/www.abf.eu\/treviglio\/"},{"@type":"ListItem","position":2,"name":"Sorteggio pubblico settore cucina"}]},{"@type":"WebSite","@id":"https:\/\/www.abf.eu\/treviglio\/#website","url":"https:\/\/www.abf.eu\/treviglio\/","name":"Treviglio","description":"Ecco un altro sito Abf siti","potentialAction":[{"@type":"SearchAction","target":{"@type":"EntryPoint","urlTemplate":"https:\/\/www.abf.eu\/treviglio\/?s={search_term_string}"},"query-input":{"@type":"PropertyValueSpecification","valueRequired":true,"valueName":"search_term_string"}}],"inLanguage":"it-IT"},{"@type":"Person","@id":"https:\/\/www.abf.eu\/treviglio\/#\/schema\/person\/23c34eb7b52bc4e12a24481fce6478e1","name":"silviaspreafico","image":{"@type":"ImageObject","inLanguage":"it-IT","@id":"https:\/\/www.abf.eu\/treviglio\/#\/schema\/person\/image\/","url":"https:\/\/secure.gravatar.com\/avatar\/7b69902f2c5e3659a4da1dcdff63162695addc3188f70145566fc93db35e477b?s=96&d=mm&r=g","contentUrl":"https:\/\/secure.gravatar.com\/avatar\/7b69902f2c5e3659a4da1dcdff63162695addc3188f70145566fc93db35e477b?s=96&d=mm&r=g","caption":"silviaspreafico"},"url":"https:\/\/www.abf.eu\/treviglio\/author\/silviaspreafico\/"}]}},"_links":{"self":[{"href":"https:\/\/www.abf.eu\/treviglio\/wp-json\/wp\/v2\/posts\/15019","targetHints":{"allow":["GET"]}}],"collection":[{"href":"https:\/\/www.abf.eu\/treviglio\/wp-json\/wp\/v2\/posts"}],"about":[{"href":"https:\/\/www.abf.eu\/treviglio\/wp-json\/wp\/v2\/types\/post"}],"author":[{"embeddable":true,"href":"https:\/\/www.abf.eu\/treviglio\/wp-json\/wp\/v2\/users\/25"}],"replies":[{"embeddable":true,"href":"https:\/\/www.abf.eu\/treviglio\/wp-json\/wp\/v2\/comments?post=15019"}],"version-history":[{"count":2,"href":"https:\/\/www.abf.eu\/treviglio\/wp-json\/wp\/v2\/posts\/15019\/revisions"}],"predecessor-version":[{"id":15022,"href":"https:\/\/www.abf.eu\/treviglio\/wp-json\/wp\/v2\/posts\/15019\/revisions\/15022"}],"wp:featuredmedia":[{"embeddable":true,"href":"https:\/\/www.abf.eu\/treviglio\/wp-json\/wp\/v2\/media\/15020"}],"wp:attachment":[{"href":"https:\/\/www.abf.eu\/treviglio\/wp-json\/wp\/v2\/media?parent=15019"}],"wp:term":[{"taxonomy":"category","embeddable":true,"href":"https:\/\/www.abf.eu\/treviglio\/wp-json\/wp\/v2\/categories?post=15019"},{"taxonomy":"post_tag","embeddable":true,"href":"https:\/\/www.abf.eu\/treviglio\/wp-json\/wp\/v2\/tags?post=15019"}],"curies":[{"name":"wp","href":"https:\/\/api.w.org\/{rel}","templated":true}]}}