{"id":15247,"date":"2021-03-04T14:35:15","date_gmt":"2021-03-04T13:35:15","guid":{"rendered":"https:\/\/www.abf.eu\/treviglio\/?p=15247"},"modified":"2022-04-06T09:33:02","modified_gmt":"2022-04-06T07:33:02","slug":"corsi-gratuiti-formazione-lavoro","status":"publish","type":"post","link":"https:\/\/www.abf.eu\/treviglio\/corsi-gratuiti-formazione-lavoro\/","title":{"rendered":"Un&#8217; opportunit\u00e0 per i giovani disoccupati: corsi gratuiti di formazione al lavoro"},"content":{"rendered":"\n<h5 class=\"wp-block-heading\">Un&#8217;opportunit\u00e0 per i giovani disoccupati: Cos&#8217;\u00e8 Garanzia Giovani?<\/h5>\n\n\n\n<p><strong><a href=\"https:\/\/www.garanziagiovani.regione.lombardia.it\/wps\/portal\/site\/garanziagiovani\">Garanzia Giovani<\/a><\/strong> \u00e8 il Piano Europeo per la lotta alla disoccupazione giovanile ed \u00e8 il primo intervento che d\u00e0 la possibilit\u00e0 ai ragazzi che non studiano e non lavorano, di migliorare le loro opportunit\u00e0 di inserimento nel mercato del lavoro.<\/p>\n\n\n\n<h5 class=\"wp-block-heading\">A chi \u00e8 rivolta Garanzia Giovani e cosa offre?<\/h5>\n\n\n\n<p><strong>Garanzia Giovani <\/strong>quindi \u00e8 rivolta ai <strong>giovani tra i 16 e i 29 anni<\/strong> e offre un&#8217; opportunit\u00e0 per i giovani disoccupati di orientamento, formazione e inserimento al lavoro attraverso percorsi personalizzati in funzione di bisogni individuali. Infatti Garanzia Giovani&nbsp;si propone di:<\/p>\n\n\n\n<ul class=\"wp-block-list\"><li>concedere in modo tempestivo un\u2019opportunit\u00e0 di attivazione per il miglioramento delle proprie competenze e per l\u2019accesso al mondo del lavoro;<\/li><li>mettere a disposizione un percorso personalizzato che tenga conto delle diverse esigenze e caratteristiche dei giovani;<\/li><li>offrire un insieme di servizi attraverso la scelta tra diversi operatori (pubblici e privati) e attraverso modalit\u00e0 che tendono ad incentivare il risultato occupazionale<\/li><\/ul>\n\n\n\n<h5 class=\"wp-block-heading\">Che servizio proponiamo ai giovani disoccupati?<\/h5>\n\n\n\n<p>Azienda Bergamasca Formazione \u00e8 a tua disposizione e, grazie a operatori qualificati, offre infatti i seguenti servizi:<\/p>\n\n\n\n<ul class=\"wp-block-list\"><li>accoglienza e orientamento nel mercato del lavoro<\/li><li>stesura del&nbsp;curriculum vitae<\/li><li>bilancio delle competenze<\/li><li>formazione al lavoro<\/li><li>accompagnamento nel mondo lavorativo anche attraverso la promozione di tirocini extracurricolari<\/li><\/ul>\n\n\n\n<h5 class=\"wp-block-heading\">Quali sono i corsi gratuiti Garanzia Giovani offerti da Azienda Bergamasca Formazione nella sede di Treviglio?<\/h5>\n\n\n\n<p>Un&#8217;opportunit\u00e0 per i giovani disoccupati di formarsi gratuitamente! Tra i corsi proposti vi sono:<\/p>\n\n\n\n<h3 class=\"wp-block-heading\">&#8220;Caffetteria e Latte Art&#8221;<\/h3>\n\n\n\n<p>Questo corso \u00e8 rivolto a coloro che sono attratti dal mondo del caff\u00e8 e che vogliono quindi diventare veri artisti di espresso, cappuccino e molto altro. Il corso \u00e8 strutturato in 2 serate a settimana da 3 ore, dalle 18:30 alle 21:30, per un totale di 24 ore. Le lezioni si terranno il marted\u00ec e il venerd\u00ec e inizieranno il 16 marzo. Consulta la <a href=\"https:\/\/www.abf.eu\/treviglio\/corsi\/caffetteria-e-latte-art\/\">pagina del corso<\/a> per poterti iscrivere o per avere ulteriori informazioni.<\/p>\n\n\n\n<h3 class=\"wp-block-heading\">&#8220;Guida in sicurezza del carrello elevatore&#8221;<\/h3>\n\n\n\n<p>Il corso \u00e8 finalizzato ad impartire una corretta e completa formazione ai lavoratori addetti alla movimentazione meccanica dei carichi, attraverso i mezzi in oggetto. Questo corso \u00e8 in partenza il 25 marzo e avr\u00e0 una durata totale di 12 ore. Consulta la <a href=\"https:\/\/www.abf.eu\/treviglio\/corsi\/guida-in-sicurezza-del-carrello-elevatore-5-marzo-2\/\">pagina del corso<\/a> per poterti iscrivere a questa edizione o visita il nostro <a href=\"https:\/\/www.abf.eu\/#filtro_corsi_wrapper\">sito <\/a> per sapere quali sono le altre date di partenza. <\/p>\n\n\n\n<h3 class=\"wp-block-heading\">&#8220;Corso base di pizzeria&#8221;<\/h3>\n\n\n\n<p>Questo corso si occupa della realizzazione di pizze, di pane in cassetta, focacce, pane per hamburger e altri prodotti da forno. Il corso base di pizzeria, in partenza il 12 aprile, si terr\u00e0 il luned\u00ec e il marted\u00ec dalle 16:00 alle 20:00, per un totale di 40 ore. Consulta la <a href=\"https:\/\/www.abf.eu\/treviglio\/corsi\/corso-base-di-pizzeria\/\">pagina del corso<\/a> per poterti iscrivere o per avere ulteriori informazioni.<\/p>\n\n\n\n<h3 class=\"wp-block-heading\">&#8220;Corso di impiegato amministrativo&#8221;<\/h3>\n\n\n\n<p>Questo corso \u00e8 rivolto a coloro che intendono ampliare le proprie competenze nell\u2019ambito amministrativo\/aziendale o che ambiscono a ricoprire il ruolo di operatore d\u2019ufficio o segretario\/a d\u2019azienda. Il corso si pone infatti l\u2019obiettivo di fornire le basi teoriche e pratiche per lavorare nell\u2019amministrazione contabile aziendale. Il corso si svolger\u00e0 il marted\u00ec dalle 15:00 alle 19:00, per un totale di 40 ore e avr\u00e0 inizio il 13 aprile. Consulta la <a href=\"https:\/\/www.abf.eu\/treviglio\/corsi\/corso-di-impiegato-amministrativo\/\">pagina del corso<\/a> per poterti iscrivere o per avere ulteriori informazioni.<\/p>\n","protected":false},"excerpt":{"rendered":"<p>Un&#8217;opportunit\u00e0 per i giovani disoccupati: Cos&#8217;\u00e8 Garanzia Giovani? Garanzia Giovani<\/p>\n","protected":false},"author":33,"featured_media":16785,"comment_status":"open","ping_status":"open","sticky":false,"template":"","format":"standard","meta":{"footnotes":""},"categories":[1],"tags":[],"class_list":["post-15247","post","type-post","status-publish","format-standard","has-post-thumbnail","hentry","category-senza-categoria"],"yoast_head":"<!-- This site is optimized with the Yoast SEO plugin v25.8 - https:\/\/yoast.com\/wordpress\/plugins\/seo\/ -->\n<title>Un&#039;opportunit\u00e0 per i giovani disoccupati, corsi gratuiti - ABF Treviglio<\/title>\n<meta name=\"description\" content=\"Un&#039;opportunit\u00e0 per i giovani disoccupati: Garanzia Giovani \u00e8 rivolta ai giovani fino ai 29 anni e offre opportunit\u00e0 di formazione gratuita.\" \/>\n<meta name=\"robots\" content=\"index, follow, max-snippet:-1, max-image-preview:large, max-video-preview:-1\" \/>\n<link rel=\"canonical\" href=\"https:\/\/www.abf.eu\/treviglio\/corsi-gratuiti-formazione-lavoro\/\" \/>\n<meta property=\"og:locale\" content=\"it_IT\" \/>\n<meta property=\"og:type\" content=\"article\" \/>\n<meta property=\"og:title\" content=\"Un&#039;opportunit\u00e0 per i giovani disoccupati, corsi gratuiti - ABF Treviglio\" \/>\n<meta property=\"og:description\" content=\"Un&#039;opportunit\u00e0 per i giovani disoccupati: Garanzia Giovani \u00e8 rivolta ai giovani fino ai 29 anni e offre opportunit\u00e0 di formazione gratuita.\" \/>\n<meta property=\"og:url\" content=\"https:\/\/www.abf.eu\/treviglio\/corsi-gratuiti-formazione-lavoro\/\" \/>\n<meta property=\"og:site_name\" content=\"Treviglio\" \/>\n<meta property=\"article:published_time\" content=\"2021-03-04T13:35:15+00:00\" \/>\n<meta property=\"article:modified_time\" content=\"2022-04-06T07:33:02+00:00\" \/>\n<meta property=\"og:image\" content=\"https:\/\/www.abf.eu\/treviglio\/wp-content\/uploads\/sites\/8\/2021\/03\/ABF-Azienda-Bergamasca-Formazione.jpg\" \/>\n\t<meta property=\"og:image:width\" content=\"1024\" \/>\n\t<meta property=\"og:image:height\" content=\"1024\" \/>\n\t<meta property=\"og:image:type\" content=\"image\/jpeg\" \/>\n<meta name=\"author\" content=\"letiziacolombo\" \/>\n<meta name=\"twitter:card\" content=\"summary_large_image\" \/>\n<meta name=\"twitter:label1\" content=\"Scritto da\" \/>\n\t<meta name=\"twitter:data1\" content=\"letiziacolombo\" \/>\n\t<meta name=\"twitter:label2\" content=\"Tempo di lettura stimato\" \/>\n\t<meta name=\"twitter:data2\" content=\"3 minuti\" \/>\n<script type=\"application\/ld+json\" class=\"yoast-schema-graph\">{\"@context\":\"https:\/\/schema.org\",\"@graph\":[{\"@type\":\"WebPage\",\"@id\":\"https:\/\/www.abf.eu\/treviglio\/corsi-gratuiti-formazione-lavoro\/\",\"url\":\"https:\/\/www.abf.eu\/treviglio\/corsi-gratuiti-formazione-lavoro\/\",\"name\":\"Un'opportunit\u00e0 per i giovani disoccupati, corsi gratuiti - ABF Treviglio\",\"isPartOf\":{\"@id\":\"https:\/\/www.abf.eu\/treviglio\/#website\"},\"primaryImageOfPage\":{\"@id\":\"https:\/\/www.abf.eu\/treviglio\/corsi-gratuiti-formazione-lavoro\/#primaryimage\"},\"image\":{\"@id\":\"https:\/\/www.abf.eu\/treviglio\/corsi-gratuiti-formazione-lavoro\/#primaryimage\"},\"thumbnailUrl\":\"https:\/\/www.abf.eu\/treviglio\/wp-content\/uploads\/sites\/8\/2021\/03\/ABF-Azienda-Bergamasca-Formazione.jpg\",\"datePublished\":\"2021-03-04T13:35:15+00:00\",\"dateModified\":\"2022-04-06T07:33:02+00:00\",\"author\":{\"@id\":\"https:\/\/www.abf.eu\/treviglio\/#\/schema\/person\/69fd6c114add1a9500757c8cfee22339\"},\"description\":\"Un'opportunit\u00e0 per i giovani disoccupati: Garanzia Giovani \u00e8 rivolta ai giovani fino ai 29 anni e offre opportunit\u00e0 di formazione gratuita.\",\"breadcrumb\":{\"@id\":\"https:\/\/www.abf.eu\/treviglio\/corsi-gratuiti-formazione-lavoro\/#breadcrumb\"},\"inLanguage\":\"it-IT\",\"potentialAction\":[{\"@type\":\"ReadAction\",\"target\":[\"https:\/\/www.abf.eu\/treviglio\/corsi-gratuiti-formazione-lavoro\/\"]}]},{\"@type\":\"ImageObject\",\"inLanguage\":\"it-IT\",\"@id\":\"https:\/\/www.abf.eu\/treviglio\/corsi-gratuiti-formazione-lavoro\/#primaryimage\",\"url\":\"https:\/\/www.abf.eu\/treviglio\/wp-content\/uploads\/sites\/8\/2021\/03\/ABF-Azienda-Bergamasca-Formazione.jpg\",\"contentUrl\":\"https:\/\/www.abf.eu\/treviglio\/wp-content\/uploads\/sites\/8\/2021\/03\/ABF-Azienda-Bergamasca-Formazione.jpg\",\"width\":1024,\"height\":1024,\"caption\":\"un'opportunit\u00e0 per i giovani disoccupati\"},{\"@type\":\"BreadcrumbList\",\"@id\":\"https:\/\/www.abf.eu\/treviglio\/corsi-gratuiti-formazione-lavoro\/#breadcrumb\",\"itemListElement\":[{\"@type\":\"ListItem\",\"position\":1,\"name\":\"Home\",\"item\":\"https:\/\/www.abf.eu\/treviglio\/\"},{\"@type\":\"ListItem\",\"position\":2,\"name\":\"Un&#8217; opportunit\u00e0 per i giovani disoccupati: corsi gratuiti di formazione al lavoro\"}]},{\"@type\":\"WebSite\",\"@id\":\"https:\/\/www.abf.eu\/treviglio\/#website\",\"url\":\"https:\/\/www.abf.eu\/treviglio\/\",\"name\":\"Treviglio\",\"description\":\"Ecco un altro sito Abf siti\",\"potentialAction\":[{\"@type\":\"SearchAction\",\"target\":{\"@type\":\"EntryPoint\",\"urlTemplate\":\"https:\/\/www.abf.eu\/treviglio\/?s={search_term_string}\"},\"query-input\":{\"@type\":\"PropertyValueSpecification\",\"valueRequired\":true,\"valueName\":\"search_term_string\"}}],\"inLanguage\":\"it-IT\"},{\"@type\":\"Person\",\"@id\":\"https:\/\/www.abf.eu\/treviglio\/#\/schema\/person\/69fd6c114add1a9500757c8cfee22339\",\"name\":\"letiziacolombo\",\"image\":{\"@type\":\"ImageObject\",\"inLanguage\":\"it-IT\",\"@id\":\"https:\/\/www.abf.eu\/treviglio\/#\/schema\/person\/image\/\",\"url\":\"https:\/\/secure.gravatar.com\/avatar\/edee433216db16c4c85310265fba1054ac859ffc9ae5173209d23e78e8c2e552?s=96&d=mm&r=g\",\"contentUrl\":\"https:\/\/secure.gravatar.com\/avatar\/edee433216db16c4c85310265fba1054ac859ffc9ae5173209d23e78e8c2e552?s=96&d=mm&r=g\",\"caption\":\"letiziacolombo\"},\"url\":\"https:\/\/www.abf.eu\/treviglio\/author\/letiziacolombo\/\"}]}<\/script>\n<!-- \/ Yoast SEO plugin. -->","yoast_head_json":{"title":"Un'opportunit\u00e0 per i giovani disoccupati, corsi gratuiti - ABF Treviglio","description":"Un'opportunit\u00e0 per i giovani disoccupati: Garanzia Giovani \u00e8 rivolta ai giovani fino ai 29 anni e offre opportunit\u00e0 di formazione gratuita.","robots":{"index":"index","follow":"follow","max-snippet":"max-snippet:-1","max-image-preview":"max-image-preview:large","max-video-preview":"max-video-preview:-1"},"canonical":"https:\/\/www.abf.eu\/treviglio\/corsi-gratuiti-formazione-lavoro\/","og_locale":"it_IT","og_type":"article","og_title":"Un'opportunit\u00e0 per i giovani disoccupati, corsi gratuiti - ABF Treviglio","og_description":"Un'opportunit\u00e0 per i giovani disoccupati: Garanzia Giovani \u00e8 rivolta ai giovani fino ai 29 anni e offre opportunit\u00e0 di formazione gratuita.","og_url":"https:\/\/www.abf.eu\/treviglio\/corsi-gratuiti-formazione-lavoro\/","og_site_name":"Treviglio","article_published_time":"2021-03-04T13:35:15+00:00","article_modified_time":"2022-04-06T07:33:02+00:00","og_image":[{"width":1024,"height":1024,"url":"https:\/\/www.abf.eu\/treviglio\/wp-content\/uploads\/sites\/8\/2021\/03\/ABF-Azienda-Bergamasca-Formazione.jpg","type":"image\/jpeg"}],"author":"letiziacolombo","twitter_card":"summary_large_image","twitter_misc":{"Scritto da":"letiziacolombo","Tempo di lettura stimato":"3 minuti"},"schema":{"@context":"https:\/\/schema.org","@graph":[{"@type":"WebPage","@id":"https:\/\/www.abf.eu\/treviglio\/corsi-gratuiti-formazione-lavoro\/","url":"https:\/\/www.abf.eu\/treviglio\/corsi-gratuiti-formazione-lavoro\/","name":"Un'opportunit\u00e0 per i giovani disoccupati, corsi gratuiti - ABF Treviglio","isPartOf":{"@id":"https:\/\/www.abf.eu\/treviglio\/#website"},"primaryImageOfPage":{"@id":"https:\/\/www.abf.eu\/treviglio\/corsi-gratuiti-formazione-lavoro\/#primaryimage"},"image":{"@id":"https:\/\/www.abf.eu\/treviglio\/corsi-gratuiti-formazione-lavoro\/#primaryimage"},"thumbnailUrl":"https:\/\/www.abf.eu\/treviglio\/wp-content\/uploads\/sites\/8\/2021\/03\/ABF-Azienda-Bergamasca-Formazione.jpg","datePublished":"2021-03-04T13:35:15+00:00","dateModified":"2022-04-06T07:33:02+00:00","author":{"@id":"https:\/\/www.abf.eu\/treviglio\/#\/schema\/person\/69fd6c114add1a9500757c8cfee22339"},"description":"Un'opportunit\u00e0 per i giovani disoccupati: Garanzia Giovani \u00e8 rivolta ai giovani fino ai 29 anni e offre opportunit\u00e0 di formazione gratuita.","breadcrumb":{"@id":"https:\/\/www.abf.eu\/treviglio\/corsi-gratuiti-formazione-lavoro\/#breadcrumb"},"inLanguage":"it-IT","potentialAction":[{"@type":"ReadAction","target":["https:\/\/www.abf.eu\/treviglio\/corsi-gratuiti-formazione-lavoro\/"]}]},{"@type":"ImageObject","inLanguage":"it-IT","@id":"https:\/\/www.abf.eu\/treviglio\/corsi-gratuiti-formazione-lavoro\/#primaryimage","url":"https:\/\/www.abf.eu\/treviglio\/wp-content\/uploads\/sites\/8\/2021\/03\/ABF-Azienda-Bergamasca-Formazione.jpg","contentUrl":"https:\/\/www.abf.eu\/treviglio\/wp-content\/uploads\/sites\/8\/2021\/03\/ABF-Azienda-Bergamasca-Formazione.jpg","width":1024,"height":1024,"caption":"un'opportunit\u00e0 per i giovani disoccupati"},{"@type":"BreadcrumbList","@id":"https:\/\/www.abf.eu\/treviglio\/corsi-gratuiti-formazione-lavoro\/#breadcrumb","itemListElement":[{"@type":"ListItem","position":1,"name":"Home","item":"https:\/\/www.abf.eu\/treviglio\/"},{"@type":"ListItem","position":2,"name":"Un&#8217; opportunit\u00e0 per i giovani disoccupati: corsi gratuiti di formazione al lavoro"}]},{"@type":"WebSite","@id":"https:\/\/www.abf.eu\/treviglio\/#website","url":"https:\/\/www.abf.eu\/treviglio\/","name":"Treviglio","description":"Ecco un altro sito Abf siti","potentialAction":[{"@type":"SearchAction","target":{"@type":"EntryPoint","urlTemplate":"https:\/\/www.abf.eu\/treviglio\/?s={search_term_string}"},"query-input":{"@type":"PropertyValueSpecification","valueRequired":true,"valueName":"search_term_string"}}],"inLanguage":"it-IT"},{"@type":"Person","@id":"https:\/\/www.abf.eu\/treviglio\/#\/schema\/person\/69fd6c114add1a9500757c8cfee22339","name":"letiziacolombo","image":{"@type":"ImageObject","inLanguage":"it-IT","@id":"https:\/\/www.abf.eu\/treviglio\/#\/schema\/person\/image\/","url":"https:\/\/secure.gravatar.com\/avatar\/edee433216db16c4c85310265fba1054ac859ffc9ae5173209d23e78e8c2e552?s=96&d=mm&r=g","contentUrl":"https:\/\/secure.gravatar.com\/avatar\/edee433216db16c4c85310265fba1054ac859ffc9ae5173209d23e78e8c2e552?s=96&d=mm&r=g","caption":"letiziacolombo"},"url":"https:\/\/www.abf.eu\/treviglio\/author\/letiziacolombo\/"}]}},"_links":{"self":[{"href":"https:\/\/www.abf.eu\/treviglio\/wp-json\/wp\/v2\/posts\/15247","targetHints":{"allow":["GET"]}}],"collection":[{"href":"https:\/\/www.abf.eu\/treviglio\/wp-json\/wp\/v2\/posts"}],"about":[{"href":"https:\/\/www.abf.eu\/treviglio\/wp-json\/wp\/v2\/types\/post"}],"author":[{"embeddable":true,"href":"https:\/\/www.abf.eu\/treviglio\/wp-json\/wp\/v2\/users\/33"}],"replies":[{"embeddable":true,"href":"https:\/\/www.abf.eu\/treviglio\/wp-json\/wp\/v2\/comments?post=15247"}],"version-history":[{"count":5,"href":"https:\/\/www.abf.eu\/treviglio\/wp-json\/wp\/v2\/posts\/15247\/revisions"}],"predecessor-version":[{"id":15254,"href":"https:\/\/www.abf.eu\/treviglio\/wp-json\/wp\/v2\/posts\/15247\/revisions\/15254"}],"wp:featuredmedia":[{"embeddable":true,"href":"https:\/\/www.abf.eu\/treviglio\/wp-json\/wp\/v2\/media\/16785"}],"wp:attachment":[{"href":"https:\/\/www.abf.eu\/treviglio\/wp-json\/wp\/v2\/media?parent=15247"}],"wp:term":[{"taxonomy":"category","embeddable":true,"href":"https:\/\/www.abf.eu\/treviglio\/wp-json\/wp\/v2\/categories?post=15247"},{"taxonomy":"post_tag","embeddable":true,"href":"https:\/\/www.abf.eu\/treviglio\/wp-json\/wp\/v2\/tags?post=15247"}],"curies":[{"name":"wp","href":"https:\/\/api.w.org\/{rel}","templated":true}]}}