{"id":15260,"date":"2021-03-30T11:02:52","date_gmt":"2021-03-30T09:02:52","guid":{"rendered":"https:\/\/www.abf.eu\/treviglio\/?p=15260"},"modified":"2021-03-30T11:02:53","modified_gmt":"2021-03-30T09:02:53","slug":"i-corsi-socio-sanitari","status":"publish","type":"post","link":"https:\/\/www.abf.eu\/treviglio\/i-corsi-socio-sanitari\/","title":{"rendered":"I corsi socio sanitari"},"content":{"rendered":"\n<h5 class=\"wp-block-heading\">Che figure formano i corsi socio sanitari?<\/h5>\n\n\n\n<p>I corsi socio sanitari forniscono competenze trasversali e tecnico-professionali, atte a formare figure specializzate pronte ad inserirsi nel mondo lavorativo, in strutture assistenziali, sanitarie o domiciliari. Il corsista, come da piano formativo, potr\u00e0 sperimentarsi nel settore tramite dei tirocini professionalizzanti e, a corso concluso, ricever\u00e0 l&#8217;attestato di qualifica professionale rilasciato da Regione Lombardia. Nel caso del corso Assistente familiare invece, il tirocinio non \u00e8 previsto e il corsista ricever\u00e0 l&#8217;attestato di competenza. <\/p>\n\n\n\n<h5 class=\"wp-block-heading\">Quali sono i corsi socio sanitari offerti da Azienda Bergamasca Formazione nella sede di Treviglio?<\/h5>\n\n\n\n<p>Tra i corsi proposti vi sono:<\/p>\n\n\n\n<ul class=\"wp-block-list\"><li>Corso operatore sociosanitario. Consulta la <a href=\"https:\/\/www.abf.eu\/treviglio\/corsi\/corso-operatore-socio-sanitario-2\/\">pagina del corso<\/a> per poterti iscrivere o per avere ulteriori informazioni.<\/li><li>Corso ausiliario socioassistenziale. Consulta la <a href=\"https:\/\/www.abf.eu\/treviglio\/corsi\/corso-ausiliario-socio-assistenziale\/\">pagina del corso<\/a> per poterti iscrivere o per avere ulteriori informazioni.<\/li><li>Corso riqualifica ASA in OSS. Consulta la <a href=\"https:\/\/www.abf.eu\/treviglio\/corsi\/corso-riqualifica-asa-in-oss-2\/\">pagina del corso<\/a> per poterti iscrivere o per avere ulteriori informazioni.<\/li><li>Assistente familiare. Consulta la <a href=\"https:\/\/www.abf.eu\/treviglio\/corsi\/assistente-familiare\/\">pagina del corso<\/a> per poterti iscrivere o per avere ulteriori informazioni.<\/li><\/ul>\n\n\n\n<h5 class=\"wp-block-heading\">I corsi socio sanitari e l&#8217;occupazione nel settore<\/h5>\n\n\n\n<p>Per ci\u00f2 che concerne le professioni socio sanitarie, i dati ISTAT in merito alle statistiche occupazionali sono molto positivi e, tra le figure professionali pi\u00f9 richieste, vi \u00e8 l&#8217;operatore socio sanitario (OSS).<\/p>\n\n\n\n<p>Nel panorama nazionale, attualmente, sono molti i posti di lavoro disponibili in questo settore, ma \u00e8 poca la risposta alla domanda per mancanza di candidati specializzati. Secondo i dati ISTAT, infatti, la difficolt\u00e0 di reperimento delle risorse \u00e8 decisamente elevata proprio a causa della mancanza di figure che hanno conseguito un percorso formativo specifico. <\/p>\n\n\n\n<p><em>&#8220;L&#8217;operatore socio sanitario occupa il primo posto nella top ten delle figure professionali a media qualifica pi\u00f9 ricercate negli ultimi mesi del 2020&#8221;<\/em>: questo \u00e8 quanto affermato da un articolo del quotidiano &#8220;Il Sole 24 Ore&#8221; pubblicato il 26 novembre 2020, a seguito dell&#8217;analisi di statistiche fornite da alcune agenzie di lavoro. Il dato appena riportato \u00e8 influenzato anche dall&#8217;emergenza sanitaria, che ha fatto registrare un incremento notevole di proposte lavorative in ambito ospedaliero: ci\u00f2 serve a far riflettere sulla necessit\u00e0 di questa figura professionale e sull&#8217;importanza dei corsi socio sanitari nello scenario contemporaneo. Nella top ten vi \u00e8 anche la figura dell&#8217;assistente familiare, che occupa saldamente la settima posizione. Dato l&#8217;invecchiamento della popolazione nel quadro demografico italiano, le figure professionali socio sanitarie restano tra le pi\u00f9 ricercate negli ultimi anni, a prescindere dall&#8217; emergenza sanitaria. <\/p>\n\n\n\n<h5 class=\"wp-block-heading\">La parola ai protagonisti dei corsi socio sanitari<\/h5>\n\n\n\n<p>Katia Conti, infermiera da 25 anni, nonch\u00e9 docente del corso OSS giunto in questi giorni a conclusione nella sede di Treviglio, spiega come i corsisti siano giunti alla fine del percorso molto entusiasti, nonostante le interruzioni dovute alla pandemia da Covid-19. <em>&#8220;All&#8217;inizio gli allievi erano molto motivati ma mancava la professionalit\u00e0, che hanno invece acquisito con il tempo&#8221;<\/em>, afferma Katia. La docente racconta infine come abbia instaurato con i corsisti un rapporto professionale basato sulla collaborazione, proprio come sar\u00e0 in ambito lavorativo. <\/p>\n\n\n\n<p>Elide Orioli \u00e8 una dei corsisti che si apprestano ad andare ad esame. Si \u00e8 voluta iscrivere al corso, dopo aver intrapreso carriere in settori diversi, al fine di approcciarsi all&#8217;ambito sociale. Giunta alla fine dell&#8217;esperienza, la corsista afferma: <em>&#8220;Il percorso fatto tramite ABF mi ha fornito delle solide competenze sanitarie, che prima non possedevo. Inoltre ho scoperto che il lavoro che andr\u00f2 a fare mi piace, cosa di cui non ero convinta prima di iniziare&#8221;. <\/em>Elide \u00e8 consapevole che la figura dell&#8217;Operatore socio sanitario sia molto ricercata: \u00e8 stata infatti contattata dalla struttura in cui svolgeva il tirocinio, poco dopo aver concluso quest&#8217;ultimo.<\/p>\n\n\n\n<p>Elena Taino si \u00e8 invece iscritta al &#8220;Corso riqualifica ASA in OSS&#8221;, poich\u00e9 voleva specializzarsi a seguito della formazione ASA seguita 20 anni prima. La corsista afferma che i docenti sono sempre stati chiari nelle spiegazioni e conclude raccontando che, nonostante il percorso di studi frammentato a causa dell&#8217;emergenza sanitaria, l&#8217;organizzazione di ABF non \u00e8 mai mancata. <\/p>\n\n\n\n<p>&#8220;<em>Siamo contenti che, nonostante le difficolt\u00e0 del momento storico che stiamo vivendo, il primo percorso OSS nella sede di Treviglio sia arrivato a compimento. Attualmente, per rispondere alle esigenze del territorio, si stanno svolgendo altri due corsi OSS e partir\u00e0 il 12 aprile la seconda edizione del corso Assistente familiare&#8221;, <\/em>cos\u00ec afferma Veronica Casanova, la referente dei corsi sanitari della sede di Treviglio.<em> &#8220;Siamo soddisfatti anche della collaborazione instaurata con le strutture socio-assistenziali e sanitarie del territorio, che potrebbero generare nuova occupazione: in questo senso, in qualit\u00e0 di ente accreditato servizi al lavoro, seguiamo gli allievi anche nell&#8217;incontro domanda-offerta di lavoro&#8221;.<\/em><\/p>\n\n\n\n<p>Il <strong>19 aprile<\/strong> si terr\u00e0 nella sede ABF di Treviglio un incontro di presentazione dedicato alla futura programmazione dei corsi sanitari e allo sviluppo della rete territoriale. <\/p>\n","protected":false},"excerpt":{"rendered":"<p>Che figure formano i corsi socio sanitari? I corsi socio<\/p>\n","protected":false},"author":33,"featured_media":14592,"comment_status":"open","ping_status":"open","sticky":false,"template":"","format":"standard","meta":{"footnotes":""},"categories":[1],"tags":[],"class_list":["post-15260","post","type-post","status-publish","format-standard","has-post-thumbnail","hentry","category-senza-categoria"],"yoast_head":"<!-- This site is optimized with the Yoast SEO plugin v25.8 - https:\/\/yoast.com\/wordpress\/plugins\/seo\/ -->\n<title>I corsi socio sanitari nello scenario contemporaneo - ABF Treviglio<\/title>\n<meta name=\"description\" content=\"I corsi socio sanitari forniscono competenze professionali e formano figure specializzate pronte ad inserirsi nel mondo lavorativo\" \/>\n<meta name=\"robots\" content=\"index, follow, max-snippet:-1, max-image-preview:large, max-video-preview:-1\" \/>\n<link rel=\"canonical\" href=\"https:\/\/www.abf.eu\/treviglio\/i-corsi-socio-sanitari\/\" \/>\n<meta property=\"og:locale\" content=\"it_IT\" \/>\n<meta property=\"og:type\" content=\"article\" \/>\n<meta property=\"og:title\" content=\"I corsi socio sanitari nello scenario contemporaneo - ABF Treviglio\" \/>\n<meta property=\"og:description\" content=\"I corsi socio sanitari forniscono competenze professionali e formano figure specializzate pronte ad inserirsi nel mondo lavorativo\" \/>\n<meta property=\"og:url\" content=\"https:\/\/www.abf.eu\/treviglio\/i-corsi-socio-sanitari\/\" \/>\n<meta property=\"og:site_name\" content=\"Treviglio\" \/>\n<meta property=\"article:published_time\" content=\"2021-03-30T09:02:52+00:00\" \/>\n<meta property=\"article:modified_time\" content=\"2021-03-30T09:02:53+00:00\" \/>\n<meta property=\"og:image\" content=\"https:\/\/www.abf.eu\/treviglio\/wp-content\/uploads\/sites\/8\/2020\/11\/TREV-oss-tb-site.jpg\" \/>\n\t<meta property=\"og:image:width\" content=\"1440\" \/>\n\t<meta property=\"og:image:height\" content=\"960\" \/>\n\t<meta property=\"og:image:type\" content=\"image\/jpeg\" \/>\n<meta name=\"author\" content=\"letiziacolombo\" \/>\n<meta name=\"twitter:card\" content=\"summary_large_image\" \/>\n<meta name=\"twitter:label1\" content=\"Scritto da\" \/>\n\t<meta name=\"twitter:data1\" content=\"letiziacolombo\" \/>\n\t<meta name=\"twitter:label2\" content=\"Tempo di lettura stimato\" \/>\n\t<meta name=\"twitter:data2\" content=\"4 minuti\" \/>\n<script type=\"application\/ld+json\" class=\"yoast-schema-graph\">{\"@context\":\"https:\/\/schema.org\",\"@graph\":[{\"@type\":\"WebPage\",\"@id\":\"https:\/\/www.abf.eu\/treviglio\/i-corsi-socio-sanitari\/\",\"url\":\"https:\/\/www.abf.eu\/treviglio\/i-corsi-socio-sanitari\/\",\"name\":\"I corsi socio sanitari nello scenario contemporaneo - ABF Treviglio\",\"isPartOf\":{\"@id\":\"https:\/\/www.abf.eu\/treviglio\/#website\"},\"primaryImageOfPage\":{\"@id\":\"https:\/\/www.abf.eu\/treviglio\/i-corsi-socio-sanitari\/#primaryimage\"},\"image\":{\"@id\":\"https:\/\/www.abf.eu\/treviglio\/i-corsi-socio-sanitari\/#primaryimage\"},\"thumbnailUrl\":\"https:\/\/www.abf.eu\/treviglio\/wp-content\/uploads\/sites\/8\/2020\/11\/TREV-oss-tb-site.jpg\",\"datePublished\":\"2021-03-30T09:02:52+00:00\",\"dateModified\":\"2021-03-30T09:02:53+00:00\",\"author\":{\"@id\":\"https:\/\/www.abf.eu\/treviglio\/#\/schema\/person\/69fd6c114add1a9500757c8cfee22339\"},\"description\":\"I corsi socio sanitari forniscono competenze professionali e formano figure specializzate pronte ad inserirsi nel mondo lavorativo\",\"breadcrumb\":{\"@id\":\"https:\/\/www.abf.eu\/treviglio\/i-corsi-socio-sanitari\/#breadcrumb\"},\"inLanguage\":\"it-IT\",\"potentialAction\":[{\"@type\":\"ReadAction\",\"target\":[\"https:\/\/www.abf.eu\/treviglio\/i-corsi-socio-sanitari\/\"]}]},{\"@type\":\"ImageObject\",\"inLanguage\":\"it-IT\",\"@id\":\"https:\/\/www.abf.eu\/treviglio\/i-corsi-socio-sanitari\/#primaryimage\",\"url\":\"https:\/\/www.abf.eu\/treviglio\/wp-content\/uploads\/sites\/8\/2020\/11\/TREV-oss-tb-site.jpg\",\"contentUrl\":\"https:\/\/www.abf.eu\/treviglio\/wp-content\/uploads\/sites\/8\/2020\/11\/TREV-oss-tb-site.jpg\",\"width\":1440,\"height\":960,\"caption\":\"i corsi socio sanitari\"},{\"@type\":\"BreadcrumbList\",\"@id\":\"https:\/\/www.abf.eu\/treviglio\/i-corsi-socio-sanitari\/#breadcrumb\",\"itemListElement\":[{\"@type\":\"ListItem\",\"position\":1,\"name\":\"Home\",\"item\":\"https:\/\/www.abf.eu\/treviglio\/\"},{\"@type\":\"ListItem\",\"position\":2,\"name\":\"I corsi socio sanitari\"}]},{\"@type\":\"WebSite\",\"@id\":\"https:\/\/www.abf.eu\/treviglio\/#website\",\"url\":\"https:\/\/www.abf.eu\/treviglio\/\",\"name\":\"Treviglio\",\"description\":\"Ecco un altro sito Abf siti\",\"potentialAction\":[{\"@type\":\"SearchAction\",\"target\":{\"@type\":\"EntryPoint\",\"urlTemplate\":\"https:\/\/www.abf.eu\/treviglio\/?s={search_term_string}\"},\"query-input\":{\"@type\":\"PropertyValueSpecification\",\"valueRequired\":true,\"valueName\":\"search_term_string\"}}],\"inLanguage\":\"it-IT\"},{\"@type\":\"Person\",\"@id\":\"https:\/\/www.abf.eu\/treviglio\/#\/schema\/person\/69fd6c114add1a9500757c8cfee22339\",\"name\":\"letiziacolombo\",\"image\":{\"@type\":\"ImageObject\",\"inLanguage\":\"it-IT\",\"@id\":\"https:\/\/www.abf.eu\/treviglio\/#\/schema\/person\/image\/\",\"url\":\"https:\/\/secure.gravatar.com\/avatar\/edee433216db16c4c85310265fba1054ac859ffc9ae5173209d23e78e8c2e552?s=96&d=mm&r=g\",\"contentUrl\":\"https:\/\/secure.gravatar.com\/avatar\/edee433216db16c4c85310265fba1054ac859ffc9ae5173209d23e78e8c2e552?s=96&d=mm&r=g\",\"caption\":\"letiziacolombo\"},\"url\":\"https:\/\/www.abf.eu\/treviglio\/author\/letiziacolombo\/\"}]}<\/script>\n<!-- \/ Yoast SEO plugin. -->","yoast_head_json":{"title":"I corsi socio sanitari nello scenario contemporaneo - ABF Treviglio","description":"I corsi socio sanitari forniscono competenze professionali e formano figure specializzate pronte ad inserirsi nel mondo lavorativo","robots":{"index":"index","follow":"follow","max-snippet":"max-snippet:-1","max-image-preview":"max-image-preview:large","max-video-preview":"max-video-preview:-1"},"canonical":"https:\/\/www.abf.eu\/treviglio\/i-corsi-socio-sanitari\/","og_locale":"it_IT","og_type":"article","og_title":"I corsi socio sanitari nello scenario contemporaneo - ABF Treviglio","og_description":"I corsi socio sanitari forniscono competenze professionali e formano figure specializzate pronte ad inserirsi nel mondo lavorativo","og_url":"https:\/\/www.abf.eu\/treviglio\/i-corsi-socio-sanitari\/","og_site_name":"Treviglio","article_published_time":"2021-03-30T09:02:52+00:00","article_modified_time":"2021-03-30T09:02:53+00:00","og_image":[{"width":1440,"height":960,"url":"https:\/\/www.abf.eu\/treviglio\/wp-content\/uploads\/sites\/8\/2020\/11\/TREV-oss-tb-site.jpg","type":"image\/jpeg"}],"author":"letiziacolombo","twitter_card":"summary_large_image","twitter_misc":{"Scritto da":"letiziacolombo","Tempo di lettura stimato":"4 minuti"},"schema":{"@context":"https:\/\/schema.org","@graph":[{"@type":"WebPage","@id":"https:\/\/www.abf.eu\/treviglio\/i-corsi-socio-sanitari\/","url":"https:\/\/www.abf.eu\/treviglio\/i-corsi-socio-sanitari\/","name":"I corsi socio sanitari nello scenario contemporaneo - ABF Treviglio","isPartOf":{"@id":"https:\/\/www.abf.eu\/treviglio\/#website"},"primaryImageOfPage":{"@id":"https:\/\/www.abf.eu\/treviglio\/i-corsi-socio-sanitari\/#primaryimage"},"image":{"@id":"https:\/\/www.abf.eu\/treviglio\/i-corsi-socio-sanitari\/#primaryimage"},"thumbnailUrl":"https:\/\/www.abf.eu\/treviglio\/wp-content\/uploads\/sites\/8\/2020\/11\/TREV-oss-tb-site.jpg","datePublished":"2021-03-30T09:02:52+00:00","dateModified":"2021-03-30T09:02:53+00:00","author":{"@id":"https:\/\/www.abf.eu\/treviglio\/#\/schema\/person\/69fd6c114add1a9500757c8cfee22339"},"description":"I corsi socio sanitari forniscono competenze professionali e formano figure specializzate pronte ad inserirsi nel mondo lavorativo","breadcrumb":{"@id":"https:\/\/www.abf.eu\/treviglio\/i-corsi-socio-sanitari\/#breadcrumb"},"inLanguage":"it-IT","potentialAction":[{"@type":"ReadAction","target":["https:\/\/www.abf.eu\/treviglio\/i-corsi-socio-sanitari\/"]}]},{"@type":"ImageObject","inLanguage":"it-IT","@id":"https:\/\/www.abf.eu\/treviglio\/i-corsi-socio-sanitari\/#primaryimage","url":"https:\/\/www.abf.eu\/treviglio\/wp-content\/uploads\/sites\/8\/2020\/11\/TREV-oss-tb-site.jpg","contentUrl":"https:\/\/www.abf.eu\/treviglio\/wp-content\/uploads\/sites\/8\/2020\/11\/TREV-oss-tb-site.jpg","width":1440,"height":960,"caption":"i corsi socio sanitari"},{"@type":"BreadcrumbList","@id":"https:\/\/www.abf.eu\/treviglio\/i-corsi-socio-sanitari\/#breadcrumb","itemListElement":[{"@type":"ListItem","position":1,"name":"Home","item":"https:\/\/www.abf.eu\/treviglio\/"},{"@type":"ListItem","position":2,"name":"I corsi socio sanitari"}]},{"@type":"WebSite","@id":"https:\/\/www.abf.eu\/treviglio\/#website","url":"https:\/\/www.abf.eu\/treviglio\/","name":"Treviglio","description":"Ecco un altro sito Abf siti","potentialAction":[{"@type":"SearchAction","target":{"@type":"EntryPoint","urlTemplate":"https:\/\/www.abf.eu\/treviglio\/?s={search_term_string}"},"query-input":{"@type":"PropertyValueSpecification","valueRequired":true,"valueName":"search_term_string"}}],"inLanguage":"it-IT"},{"@type":"Person","@id":"https:\/\/www.abf.eu\/treviglio\/#\/schema\/person\/69fd6c114add1a9500757c8cfee22339","name":"letiziacolombo","image":{"@type":"ImageObject","inLanguage":"it-IT","@id":"https:\/\/www.abf.eu\/treviglio\/#\/schema\/person\/image\/","url":"https:\/\/secure.gravatar.com\/avatar\/edee433216db16c4c85310265fba1054ac859ffc9ae5173209d23e78e8c2e552?s=96&d=mm&r=g","contentUrl":"https:\/\/secure.gravatar.com\/avatar\/edee433216db16c4c85310265fba1054ac859ffc9ae5173209d23e78e8c2e552?s=96&d=mm&r=g","caption":"letiziacolombo"},"url":"https:\/\/www.abf.eu\/treviglio\/author\/letiziacolombo\/"}]}},"_links":{"self":[{"href":"https:\/\/www.abf.eu\/treviglio\/wp-json\/wp\/v2\/posts\/15260","targetHints":{"allow":["GET"]}}],"collection":[{"href":"https:\/\/www.abf.eu\/treviglio\/wp-json\/wp\/v2\/posts"}],"about":[{"href":"https:\/\/www.abf.eu\/treviglio\/wp-json\/wp\/v2\/types\/post"}],"author":[{"embeddable":true,"href":"https:\/\/www.abf.eu\/treviglio\/wp-json\/wp\/v2\/users\/33"}],"replies":[{"embeddable":true,"href":"https:\/\/www.abf.eu\/treviglio\/wp-json\/wp\/v2\/comments?post=15260"}],"version-history":[{"count":18,"href":"https:\/\/www.abf.eu\/treviglio\/wp-json\/wp\/v2\/posts\/15260\/revisions"}],"predecessor-version":[{"id":15333,"href":"https:\/\/www.abf.eu\/treviglio\/wp-json\/wp\/v2\/posts\/15260\/revisions\/15333"}],"wp:featuredmedia":[{"embeddable":true,"href":"https:\/\/www.abf.eu\/treviglio\/wp-json\/wp\/v2\/media\/14592"}],"wp:attachment":[{"href":"https:\/\/www.abf.eu\/treviglio\/wp-json\/wp\/v2\/media?parent=15260"}],"wp:term":[{"taxonomy":"category","embeddable":true,"href":"https:\/\/www.abf.eu\/treviglio\/wp-json\/wp\/v2\/categories?post=15260"},{"taxonomy":"post_tag","embeddable":true,"href":"https:\/\/www.abf.eu\/treviglio\/wp-json\/wp\/v2\/tags?post=15260"}],"curies":[{"name":"wp","href":"https:\/\/api.w.org\/{rel}","templated":true}]}}