{"id":15410,"date":"2021-05-12T11:19:22","date_gmt":"2021-05-12T09:19:22","guid":{"rendered":"https:\/\/www.abf.eu\/treviglio\/?p=15410"},"modified":"2022-04-15T12:30:50","modified_gmt":"2022-04-15T10:30:50","slug":"dalla-pasticceria-allarte","status":"publish","type":"post","link":"https:\/\/www.abf.eu\/treviglio\/dalla-pasticceria-allarte\/","title":{"rendered":"Dalla pasticceria all\u2019arte"},"content":{"rendered":"\n<p>Durante il periodo in formazione a distanza della primavera 2020, la Professoressa Caterina Frusteri Chiacchiera, coordinatrice della classe 3Abis, durante le sue lezioni, ha promosso un percorso di espressivit\u00e0. Con l&#8217;inizio dell&#8217;anno scolastico 2020-2021, la docente ha perseguito questo metodo d&#8217;insegnamento legato all&#8217;espressivit\u00e0 con alcuni allievi volontari.<\/p>\n\n\n\n<p>In questi momenti molti ragazzi si sono messi in gioco, qualcuno ha scoperto una nuova passione, altri hanno mostrato ai compagni i loro lavori e altri ancora si sono fatti conoscere attraverso l\u2019arte, la poesia, la fotografia, la musica. <\/p>\n\n\n\n<h3 class=\"wp-block-heading\">La storia di Natalia<\/h3>\n\n\n\n<p>Oggi raccontiamo la storia di Natalia Perico, 17 anni, di Canonica d\u2019Adda.&nbsp;Natalia da grande sogna di fare la <em>cake designer<\/em> per unire le sue due pi\u00f9 grandi passioni: la pasticceria e il disegno. <\/p>\n\n\n\n<p>Natalia frequenta il terzo anno del corso di Pasticceria e Panificazione e a giugno sosterr\u00e0 l\u2019esame di qualifica con una tesi proprio sul Cake design. Per lei si tratta di una forma d\u2019arte: in queste settimane ha lavorato a una torta speciale. Su una base di pan di spagna ha steso la pasta da zucchero e l\u2019ha dipinta come se fosse una tela bianca. Il risultato? <strong>La Notte Stellata di Van Gogh<\/strong>. <\/p>\n\n\n\n<p>Natalia ha creato un vero e proprio book con tutti i suoi lavori: sfogliandolo racconta se stessa, le sue origini  italo-rumene, i suoi pomeriggi durante il lockdown insieme alla sorella, la passione per gli Anime giapponesi, per gli animali.&nbsp;<\/p>\n\n\n\n<p>Natalia grazie al disegno riesce a raccontare i suoi stati d&#8217;animo, &#8220;<em>Disegno quando sono felice, triste, arrabbiata<\/em>. <em>&nbsp;\u00c9 la mia valvola di sfoga e riesco ad esprimere tutto ci\u00f2 che provo<\/em>&#8220;, ci dice la ragazza. Durante l&#8217;incontro ci ha mostrato le sue opere e per ognuna ha raccontato il perch\u00e9 e quando le ha realizzate rendendoci partecipi delle sue emozioni.<\/p>\n\n\n\n<p>Nonostante la sua giovane et\u00e0, Natalia ha le idee chiare per il futuro. I suoi miti sono Nastasia e Vitalij, una coppia russa che lavora in un ristorante di San Pietroburgo, lui come pasticcere e lei come amministratice. Dalla voglia di fare qualcosa insieme, sono nate le torte Marfa: Vitalij crea la base delle torte e Nastasia, grazie alla sua formazione artistica, le decora e le trasforma in vere e proprie opere d\u2019arte.<\/p>\n\n\n\n<p>\u00c9 incredibile come una ragazza cos\u00ec giovane sia riuscita a mettere insieme in modo cos\u00ec elegante le sue due passioni, la pasticceria e il disegno. Inoltre, Natalia ispirandosi ai suoi miti ha deciso di aprire un canale Instagram, &#8220;<strong>larte_nelle_torte<\/strong>&#8220;, in modo da &#8220;postare&#8221; i suoi lavori e magari farsi conoscere.<\/p>\n\n\n\n<p>Natalia ci ha dimostrato che mescolare due doti cos\u00ec diverse \u00e8 possibile, che l&#8217;impegno, la passione e l&#8217;esercitazione ti permette di avere risultati grandiosi. Adesso per Natalia \u00e8 tempo di preparazione per gli esami di qualifica e noi non possiamo fare altro che augurarle un grandissimo in bocca al lupo. <\/p>\n\n\n\n<p>A presto con altre storie dei nostri allievi. <\/p>\n","protected":false},"excerpt":{"rendered":"<p>Durante il periodo in formazione a distanza della primavera 2020,<\/p>\n","protected":false},"author":33,"featured_media":15414,"comment_status":"open","ping_status":"open","sticky":false,"template":"","format":"standard","meta":{"footnotes":""},"categories":[1],"tags":[],"class_list":["post-15410","post","type-post","status-publish","format-standard","has-post-thumbnail","hentry","category-senza-categoria"],"yoast_head":"<!-- This site is optimized with the Yoast SEO plugin v25.8 - https:\/\/yoast.com\/wordpress\/plugins\/seo\/ -->\n<title>Dalla pasticceria all\u2019arte - Azienda Bergamasca Formazione Treviglio<\/title>\n<meta name=\"description\" content=\"Natalia \u00e8 una ragazza che \u00e8 riuscita a mettere insieme le sue due pi\u00f9 grandi passioni: l&#039;arte e la pasticceria. Per il suo esame di qualifica ha realizzato una torta ispirandosi alla Notte Stellata di Van Gogh.\" \/>\n<meta name=\"robots\" content=\"index, follow, max-snippet:-1, max-image-preview:large, max-video-preview:-1\" \/>\n<link rel=\"canonical\" href=\"https:\/\/www.abf.eu\/treviglio\/dalla-pasticceria-allarte\/\" \/>\n<meta property=\"og:locale\" content=\"it_IT\" \/>\n<meta property=\"og:type\" content=\"article\" \/>\n<meta property=\"og:title\" content=\"Dalla pasticceria all\u2019arte - Azienda Bergamasca Formazione Treviglio\" \/>\n<meta property=\"og:description\" content=\"Natalia \u00e8 una ragazza che \u00e8 riuscita a mettere insieme le sue due pi\u00f9 grandi passioni: l&#039;arte e la pasticceria. Per il suo esame di qualifica ha realizzato una torta ispirandosi alla Notte Stellata di Van Gogh.\" \/>\n<meta property=\"og:url\" content=\"https:\/\/www.abf.eu\/treviglio\/dalla-pasticceria-allarte\/\" \/>\n<meta property=\"og:site_name\" content=\"Treviglio\" \/>\n<meta property=\"article:published_time\" content=\"2021-05-12T09:19:22+00:00\" \/>\n<meta property=\"article:modified_time\" content=\"2022-04-15T10:30:50+00:00\" \/>\n<meta property=\"og:image\" content=\"https:\/\/www.abf.eu\/treviglio\/wp-content\/uploads\/sites\/8\/2021\/05\/IMG_4487.jpg\" \/>\n\t<meta property=\"og:image:width\" content=\"1440\" \/>\n\t<meta property=\"og:image:height\" content=\"960\" \/>\n\t<meta property=\"og:image:type\" content=\"image\/jpeg\" \/>\n<meta name=\"author\" content=\"letiziacolombo\" \/>\n<meta name=\"twitter:card\" content=\"summary_large_image\" \/>\n<meta name=\"twitter:label1\" content=\"Scritto da\" \/>\n\t<meta name=\"twitter:data1\" content=\"letiziacolombo\" \/>\n\t<meta name=\"twitter:label2\" content=\"Tempo di lettura stimato\" \/>\n\t<meta name=\"twitter:data2\" content=\"3 minuti\" \/>\n<script type=\"application\/ld+json\" class=\"yoast-schema-graph\">{\"@context\":\"https:\/\/schema.org\",\"@graph\":[{\"@type\":\"WebPage\",\"@id\":\"https:\/\/www.abf.eu\/treviglio\/dalla-pasticceria-allarte\/\",\"url\":\"https:\/\/www.abf.eu\/treviglio\/dalla-pasticceria-allarte\/\",\"name\":\"Dalla pasticceria all\u2019arte - Azienda Bergamasca Formazione Treviglio\",\"isPartOf\":{\"@id\":\"https:\/\/www.abf.eu\/treviglio\/#website\"},\"primaryImageOfPage\":{\"@id\":\"https:\/\/www.abf.eu\/treviglio\/dalla-pasticceria-allarte\/#primaryimage\"},\"image\":{\"@id\":\"https:\/\/www.abf.eu\/treviglio\/dalla-pasticceria-allarte\/#primaryimage\"},\"thumbnailUrl\":\"https:\/\/www.abf.eu\/treviglio\/wp-content\/uploads\/sites\/8\/2021\/05\/IMG_4487.jpg\",\"datePublished\":\"2021-05-12T09:19:22+00:00\",\"dateModified\":\"2022-04-15T10:30:50+00:00\",\"author\":{\"@id\":\"https:\/\/www.abf.eu\/treviglio\/#\/schema\/person\/69fd6c114add1a9500757c8cfee22339\"},\"description\":\"Natalia \u00e8 una ragazza che \u00e8 riuscita a mettere insieme le sue due pi\u00f9 grandi passioni: l'arte e la pasticceria. Per il suo esame di qualifica ha realizzato una torta ispirandosi alla Notte Stellata di Van Gogh.\",\"breadcrumb\":{\"@id\":\"https:\/\/www.abf.eu\/treviglio\/dalla-pasticceria-allarte\/#breadcrumb\"},\"inLanguage\":\"it-IT\",\"potentialAction\":[{\"@type\":\"ReadAction\",\"target\":[\"https:\/\/www.abf.eu\/treviglio\/dalla-pasticceria-allarte\/\"]}]},{\"@type\":\"ImageObject\",\"inLanguage\":\"it-IT\",\"@id\":\"https:\/\/www.abf.eu\/treviglio\/dalla-pasticceria-allarte\/#primaryimage\",\"url\":\"https:\/\/www.abf.eu\/treviglio\/wp-content\/uploads\/sites\/8\/2021\/05\/IMG_4487.jpg\",\"contentUrl\":\"https:\/\/www.abf.eu\/treviglio\/wp-content\/uploads\/sites\/8\/2021\/05\/IMG_4487.jpg\",\"width\":1440,\"height\":960,\"caption\":\"Torta realizzata da Natalia\"},{\"@type\":\"BreadcrumbList\",\"@id\":\"https:\/\/www.abf.eu\/treviglio\/dalla-pasticceria-allarte\/#breadcrumb\",\"itemListElement\":[{\"@type\":\"ListItem\",\"position\":1,\"name\":\"Home\",\"item\":\"https:\/\/www.abf.eu\/treviglio\/\"},{\"@type\":\"ListItem\",\"position\":2,\"name\":\"Dalla pasticceria all\u2019arte\"}]},{\"@type\":\"WebSite\",\"@id\":\"https:\/\/www.abf.eu\/treviglio\/#website\",\"url\":\"https:\/\/www.abf.eu\/treviglio\/\",\"name\":\"Treviglio\",\"description\":\"Ecco un altro sito Abf siti\",\"potentialAction\":[{\"@type\":\"SearchAction\",\"target\":{\"@type\":\"EntryPoint\",\"urlTemplate\":\"https:\/\/www.abf.eu\/treviglio\/?s={search_term_string}\"},\"query-input\":{\"@type\":\"PropertyValueSpecification\",\"valueRequired\":true,\"valueName\":\"search_term_string\"}}],\"inLanguage\":\"it-IT\"},{\"@type\":\"Person\",\"@id\":\"https:\/\/www.abf.eu\/treviglio\/#\/schema\/person\/69fd6c114add1a9500757c8cfee22339\",\"name\":\"letiziacolombo\",\"image\":{\"@type\":\"ImageObject\",\"inLanguage\":\"it-IT\",\"@id\":\"https:\/\/www.abf.eu\/treviglio\/#\/schema\/person\/image\/\",\"url\":\"https:\/\/secure.gravatar.com\/avatar\/edee433216db16c4c85310265fba1054ac859ffc9ae5173209d23e78e8c2e552?s=96&d=mm&r=g\",\"contentUrl\":\"https:\/\/secure.gravatar.com\/avatar\/edee433216db16c4c85310265fba1054ac859ffc9ae5173209d23e78e8c2e552?s=96&d=mm&r=g\",\"caption\":\"letiziacolombo\"},\"url\":\"https:\/\/www.abf.eu\/treviglio\/author\/letiziacolombo\/\"}]}<\/script>\n<!-- \/ Yoast SEO plugin. -->","yoast_head_json":{"title":"Dalla pasticceria all\u2019arte - Azienda Bergamasca Formazione Treviglio","description":"Natalia \u00e8 una ragazza che \u00e8 riuscita a mettere insieme le sue due pi\u00f9 grandi passioni: l'arte e la pasticceria. Per il suo esame di qualifica ha realizzato una torta ispirandosi alla Notte Stellata di Van Gogh.","robots":{"index":"index","follow":"follow","max-snippet":"max-snippet:-1","max-image-preview":"max-image-preview:large","max-video-preview":"max-video-preview:-1"},"canonical":"https:\/\/www.abf.eu\/treviglio\/dalla-pasticceria-allarte\/","og_locale":"it_IT","og_type":"article","og_title":"Dalla pasticceria all\u2019arte - Azienda Bergamasca Formazione Treviglio","og_description":"Natalia \u00e8 una ragazza che \u00e8 riuscita a mettere insieme le sue due pi\u00f9 grandi passioni: l'arte e la pasticceria. Per il suo esame di qualifica ha realizzato una torta ispirandosi alla Notte Stellata di Van Gogh.","og_url":"https:\/\/www.abf.eu\/treviglio\/dalla-pasticceria-allarte\/","og_site_name":"Treviglio","article_published_time":"2021-05-12T09:19:22+00:00","article_modified_time":"2022-04-15T10:30:50+00:00","og_image":[{"width":1440,"height":960,"url":"https:\/\/www.abf.eu\/treviglio\/wp-content\/uploads\/sites\/8\/2021\/05\/IMG_4487.jpg","type":"image\/jpeg"}],"author":"letiziacolombo","twitter_card":"summary_large_image","twitter_misc":{"Scritto da":"letiziacolombo","Tempo di lettura stimato":"3 minuti"},"schema":{"@context":"https:\/\/schema.org","@graph":[{"@type":"WebPage","@id":"https:\/\/www.abf.eu\/treviglio\/dalla-pasticceria-allarte\/","url":"https:\/\/www.abf.eu\/treviglio\/dalla-pasticceria-allarte\/","name":"Dalla pasticceria all\u2019arte - Azienda Bergamasca Formazione Treviglio","isPartOf":{"@id":"https:\/\/www.abf.eu\/treviglio\/#website"},"primaryImageOfPage":{"@id":"https:\/\/www.abf.eu\/treviglio\/dalla-pasticceria-allarte\/#primaryimage"},"image":{"@id":"https:\/\/www.abf.eu\/treviglio\/dalla-pasticceria-allarte\/#primaryimage"},"thumbnailUrl":"https:\/\/www.abf.eu\/treviglio\/wp-content\/uploads\/sites\/8\/2021\/05\/IMG_4487.jpg","datePublished":"2021-05-12T09:19:22+00:00","dateModified":"2022-04-15T10:30:50+00:00","author":{"@id":"https:\/\/www.abf.eu\/treviglio\/#\/schema\/person\/69fd6c114add1a9500757c8cfee22339"},"description":"Natalia \u00e8 una ragazza che \u00e8 riuscita a mettere insieme le sue due pi\u00f9 grandi passioni: l'arte e la pasticceria. Per il suo esame di qualifica ha realizzato una torta ispirandosi alla Notte Stellata di Van Gogh.","breadcrumb":{"@id":"https:\/\/www.abf.eu\/treviglio\/dalla-pasticceria-allarte\/#breadcrumb"},"inLanguage":"it-IT","potentialAction":[{"@type":"ReadAction","target":["https:\/\/www.abf.eu\/treviglio\/dalla-pasticceria-allarte\/"]}]},{"@type":"ImageObject","inLanguage":"it-IT","@id":"https:\/\/www.abf.eu\/treviglio\/dalla-pasticceria-allarte\/#primaryimage","url":"https:\/\/www.abf.eu\/treviglio\/wp-content\/uploads\/sites\/8\/2021\/05\/IMG_4487.jpg","contentUrl":"https:\/\/www.abf.eu\/treviglio\/wp-content\/uploads\/sites\/8\/2021\/05\/IMG_4487.jpg","width":1440,"height":960,"caption":"Torta realizzata da Natalia"},{"@type":"BreadcrumbList","@id":"https:\/\/www.abf.eu\/treviglio\/dalla-pasticceria-allarte\/#breadcrumb","itemListElement":[{"@type":"ListItem","position":1,"name":"Home","item":"https:\/\/www.abf.eu\/treviglio\/"},{"@type":"ListItem","position":2,"name":"Dalla pasticceria all\u2019arte"}]},{"@type":"WebSite","@id":"https:\/\/www.abf.eu\/treviglio\/#website","url":"https:\/\/www.abf.eu\/treviglio\/","name":"Treviglio","description":"Ecco un altro sito Abf siti","potentialAction":[{"@type":"SearchAction","target":{"@type":"EntryPoint","urlTemplate":"https:\/\/www.abf.eu\/treviglio\/?s={search_term_string}"},"query-input":{"@type":"PropertyValueSpecification","valueRequired":true,"valueName":"search_term_string"}}],"inLanguage":"it-IT"},{"@type":"Person","@id":"https:\/\/www.abf.eu\/treviglio\/#\/schema\/person\/69fd6c114add1a9500757c8cfee22339","name":"letiziacolombo","image":{"@type":"ImageObject","inLanguage":"it-IT","@id":"https:\/\/www.abf.eu\/treviglio\/#\/schema\/person\/image\/","url":"https:\/\/secure.gravatar.com\/avatar\/edee433216db16c4c85310265fba1054ac859ffc9ae5173209d23e78e8c2e552?s=96&d=mm&r=g","contentUrl":"https:\/\/secure.gravatar.com\/avatar\/edee433216db16c4c85310265fba1054ac859ffc9ae5173209d23e78e8c2e552?s=96&d=mm&r=g","caption":"letiziacolombo"},"url":"https:\/\/www.abf.eu\/treviglio\/author\/letiziacolombo\/"}]}},"_links":{"self":[{"href":"https:\/\/www.abf.eu\/treviglio\/wp-json\/wp\/v2\/posts\/15410","targetHints":{"allow":["GET"]}}],"collection":[{"href":"https:\/\/www.abf.eu\/treviglio\/wp-json\/wp\/v2\/posts"}],"about":[{"href":"https:\/\/www.abf.eu\/treviglio\/wp-json\/wp\/v2\/types\/post"}],"author":[{"embeddable":true,"href":"https:\/\/www.abf.eu\/treviglio\/wp-json\/wp\/v2\/users\/33"}],"replies":[{"embeddable":true,"href":"https:\/\/www.abf.eu\/treviglio\/wp-json\/wp\/v2\/comments?post=15410"}],"version-history":[{"count":30,"href":"https:\/\/www.abf.eu\/treviglio\/wp-json\/wp\/v2\/posts\/15410\/revisions"}],"predecessor-version":[{"id":16941,"href":"https:\/\/www.abf.eu\/treviglio\/wp-json\/wp\/v2\/posts\/15410\/revisions\/16941"}],"wp:featuredmedia":[{"embeddable":true,"href":"https:\/\/www.abf.eu\/treviglio\/wp-json\/wp\/v2\/media\/15414"}],"wp:attachment":[{"href":"https:\/\/www.abf.eu\/treviglio\/wp-json\/wp\/v2\/media?parent=15410"}],"wp:term":[{"taxonomy":"category","embeddable":true,"href":"https:\/\/www.abf.eu\/treviglio\/wp-json\/wp\/v2\/categories?post=15410"},{"taxonomy":"post_tag","embeddable":true,"href":"https:\/\/www.abf.eu\/treviglio\/wp-json\/wp\/v2\/tags?post=15410"}],"curies":[{"name":"wp","href":"https:\/\/api.w.org\/{rel}","templated":true}]}}