{"id":15723,"date":"2021-06-01T10:41:29","date_gmt":"2021-06-01T08:41:29","guid":{"rendered":"https:\/\/www.abf.eu\/treviglio\/?p=15723"},"modified":"2022-04-19T12:28:04","modified_gmt":"2022-04-19T10:28:04","slug":"il-primo-annuario-scolastico","status":"publish","type":"post","link":"https:\/\/www.abf.eu\/treviglio\/il-primo-annuario-scolastico\/","title":{"rendered":"Il primo Annuario Scolastico"},"content":{"rendered":"\n<h3 class=\"wp-block-heading\">Un anno e oltre 500 foto per raccontare ABF Treviglio<\/h3>\n\n\n\n<p>Per la prima volta ABF Treviglio ha pubblicato, al termine di un ricco e complicato anno formativo, l&#8217;Annuario scolastico, un libro che racconta un anno di vita a scuola attraverso i ritratti di studenti, docenti e personale.<\/p>\n\n\n\n<h5 class=\"wp-block-heading\">Un ricordo da portare con noi<\/h5>\n\n\n\n<p>L\u2019Annuario Scolastico \u00e8 un progetto che nasce dall\u2019esigenza di conservare la memoria storica dell\u2019Istituto attraverso le immagini e i vissuti; perch\u00e9 <strong>i ricordi di scuola si portano per tutta una vita!<\/strong><\/p>\n\n\n\n<p>In tempi in cui si \u00e8 distanti e in un momento storico cos\u00ec complesso, l&#8217;Annuario intende rafforzare il senso d\u2019appartenenza degli studenti alla propria scuola. Far parte di una comunit\u00e0 scolastica prevede un investimento affettivo, una fiducia condivisa cosicch\u00e9 i bisogni e gli obiettivi possano essere soddisfatti con la partecipazione di tutti.<\/p>\n\n\n\n<h5 class=\"wp-block-heading\">La realizzazione <\/h5>\n\n\n\n<p>All&#8217;interno dell&#8217;Annuario troviamo le foto di (quasi) tutti i ragazzi e le ragazze che hanno frequentato quest&#8217;anno Abf Treviglio, le foto degli insegnanti, del Direttore, del personale addetto all&#8217;accoglienza e degli uffici. Le foto sono in bianco e nero. Non si \u00e8 voluto porre in risalto colori e vestiti, ma fotografando i soggetti in questa modalit\u00e0 si \u00e8 scelto di mostrare la loro parte pi\u00f9 profonda, quella dell&#8217;anima: il luogo pi\u00f9 vivo dentro di noi.<\/p>\n\n\n\n<p>Il lavoro di preparazione dell&#8217;Annuario \u00e8 stato curato, in tutti i suoi aspetti, dalla <strong>Prof.ssa Silvia Lorenzi<\/strong>: con impegno e pazienza ha scattato tutte le foto, riuscendo a motivare e coinvolgere anche i pi\u00f9 timidi; ha atteso tutte le classi, combinando quarantene, stage, calendari tra fad e presenza; si \u00e8 occupata dell&#8217;impaginazione grafica, rivedendo pi\u00f9 e pi\u00f9 volte il lavoro per accontentare tutti. Un lavoro grandissimo e per la quale la ringraziamo profondamente!<\/p>\n\n\n\n<p>Questo anno formativo si \u00e8 concluso: speriamo che sfogliando questo Annuario, magari fra qualche anno, tutti i nostri studenti potranno ricordare con gioia e magari un pizzico di nostalgia questo periodo.<\/p>\n","protected":false},"excerpt":{"rendered":"<p>Un anno e oltre 500 foto per raccontare ABF Treviglio<\/p>\n","protected":false},"author":33,"featured_media":15761,"comment_status":"open","ping_status":"open","sticky":false,"template":"","format":"standard","meta":{"footnotes":""},"categories":[1],"tags":[],"class_list":["post-15723","post","type-post","status-publish","format-standard","has-post-thumbnail","hentry","category-senza-categoria"],"yoast_head":"<!-- This site is optimized with the Yoast SEO plugin v25.8 - https:\/\/yoast.com\/wordpress\/plugins\/seo\/ -->\n<title>Il primo Annuario Scolastico - Azienda Bergamasca Formazione Treviglio<\/title>\n<meta name=\"description\" content=\"Per la prima volta ABF Treviglio propone l&#039;Annuario Scolastico. Oltre 500 foto per raccontare un anno formativo. Foto di studenti e docenti.\" \/>\n<meta name=\"robots\" content=\"index, follow, max-snippet:-1, max-image-preview:large, max-video-preview:-1\" \/>\n<link rel=\"canonical\" href=\"https:\/\/www.abf.eu\/treviglio\/il-primo-annuario-scolastico\/\" \/>\n<meta property=\"og:locale\" content=\"it_IT\" \/>\n<meta property=\"og:type\" content=\"article\" \/>\n<meta property=\"og:title\" content=\"Il primo Annuario Scolastico - Azienda Bergamasca Formazione Treviglio\" \/>\n<meta property=\"og:description\" content=\"Per la prima volta ABF Treviglio propone l&#039;Annuario Scolastico. Oltre 500 foto per raccontare un anno formativo. Foto di studenti e docenti.\" \/>\n<meta property=\"og:url\" content=\"https:\/\/www.abf.eu\/treviglio\/il-primo-annuario-scolastico\/\" \/>\n<meta property=\"og:site_name\" content=\"Treviglio\" \/>\n<meta property=\"article:published_time\" content=\"2021-06-01T08:41:29+00:00\" \/>\n<meta property=\"article:modified_time\" content=\"2022-04-19T10:28:04+00:00\" \/>\n<meta property=\"og:image\" content=\"https:\/\/www.abf.eu\/treviglio\/wp-content\/uploads\/sites\/8\/2021\/06\/New-Project.jpg\" \/>\n\t<meta property=\"og:image:width\" content=\"1000\" \/>\n\t<meta property=\"og:image:height\" content=\"667\" \/>\n\t<meta property=\"og:image:type\" content=\"image\/jpeg\" \/>\n<meta name=\"author\" content=\"letiziacolombo\" \/>\n<meta name=\"twitter:card\" content=\"summary_large_image\" \/>\n<meta name=\"twitter:label1\" content=\"Scritto da\" \/>\n\t<meta name=\"twitter:data1\" content=\"letiziacolombo\" \/>\n\t<meta name=\"twitter:label2\" content=\"Tempo di lettura stimato\" \/>\n\t<meta name=\"twitter:data2\" content=\"2 minuti\" \/>\n<script type=\"application\/ld+json\" class=\"yoast-schema-graph\">{\"@context\":\"https:\/\/schema.org\",\"@graph\":[{\"@type\":\"WebPage\",\"@id\":\"https:\/\/www.abf.eu\/treviglio\/il-primo-annuario-scolastico\/\",\"url\":\"https:\/\/www.abf.eu\/treviglio\/il-primo-annuario-scolastico\/\",\"name\":\"Il primo Annuario Scolastico - Azienda Bergamasca Formazione Treviglio\",\"isPartOf\":{\"@id\":\"https:\/\/www.abf.eu\/treviglio\/#website\"},\"primaryImageOfPage\":{\"@id\":\"https:\/\/www.abf.eu\/treviglio\/il-primo-annuario-scolastico\/#primaryimage\"},\"image\":{\"@id\":\"https:\/\/www.abf.eu\/treviglio\/il-primo-annuario-scolastico\/#primaryimage\"},\"thumbnailUrl\":\"https:\/\/www.abf.eu\/treviglio\/wp-content\/uploads\/sites\/8\/2021\/06\/New-Project.jpg\",\"datePublished\":\"2021-06-01T08:41:29+00:00\",\"dateModified\":\"2022-04-19T10:28:04+00:00\",\"author\":{\"@id\":\"https:\/\/www.abf.eu\/treviglio\/#\/schema\/person\/69fd6c114add1a9500757c8cfee22339\"},\"description\":\"Per la prima volta ABF Treviglio propone l'Annuario Scolastico. Oltre 500 foto per raccontare un anno formativo. Foto di studenti e docenti.\",\"breadcrumb\":{\"@id\":\"https:\/\/www.abf.eu\/treviglio\/il-primo-annuario-scolastico\/#breadcrumb\"},\"inLanguage\":\"it-IT\",\"potentialAction\":[{\"@type\":\"ReadAction\",\"target\":[\"https:\/\/www.abf.eu\/treviglio\/il-primo-annuario-scolastico\/\"]}]},{\"@type\":\"ImageObject\",\"inLanguage\":\"it-IT\",\"@id\":\"https:\/\/www.abf.eu\/treviglio\/il-primo-annuario-scolastico\/#primaryimage\",\"url\":\"https:\/\/www.abf.eu\/treviglio\/wp-content\/uploads\/sites\/8\/2021\/06\/New-Project.jpg\",\"contentUrl\":\"https:\/\/www.abf.eu\/treviglio\/wp-content\/uploads\/sites\/8\/2021\/06\/New-Project.jpg\",\"width\":1000,\"height\":667,\"caption\":\"annuario-scolastico\"},{\"@type\":\"BreadcrumbList\",\"@id\":\"https:\/\/www.abf.eu\/treviglio\/il-primo-annuario-scolastico\/#breadcrumb\",\"itemListElement\":[{\"@type\":\"ListItem\",\"position\":1,\"name\":\"Home\",\"item\":\"https:\/\/www.abf.eu\/treviglio\/\"},{\"@type\":\"ListItem\",\"position\":2,\"name\":\"Il primo Annuario Scolastico\"}]},{\"@type\":\"WebSite\",\"@id\":\"https:\/\/www.abf.eu\/treviglio\/#website\",\"url\":\"https:\/\/www.abf.eu\/treviglio\/\",\"name\":\"Treviglio\",\"description\":\"Ecco un altro sito Abf siti\",\"potentialAction\":[{\"@type\":\"SearchAction\",\"target\":{\"@type\":\"EntryPoint\",\"urlTemplate\":\"https:\/\/www.abf.eu\/treviglio\/?s={search_term_string}\"},\"query-input\":{\"@type\":\"PropertyValueSpecification\",\"valueRequired\":true,\"valueName\":\"search_term_string\"}}],\"inLanguage\":\"it-IT\"},{\"@type\":\"Person\",\"@id\":\"https:\/\/www.abf.eu\/treviglio\/#\/schema\/person\/69fd6c114add1a9500757c8cfee22339\",\"name\":\"letiziacolombo\",\"image\":{\"@type\":\"ImageObject\",\"inLanguage\":\"it-IT\",\"@id\":\"https:\/\/www.abf.eu\/treviglio\/#\/schema\/person\/image\/\",\"url\":\"https:\/\/secure.gravatar.com\/avatar\/edee433216db16c4c85310265fba1054ac859ffc9ae5173209d23e78e8c2e552?s=96&d=mm&r=g\",\"contentUrl\":\"https:\/\/secure.gravatar.com\/avatar\/edee433216db16c4c85310265fba1054ac859ffc9ae5173209d23e78e8c2e552?s=96&d=mm&r=g\",\"caption\":\"letiziacolombo\"},\"url\":\"https:\/\/www.abf.eu\/treviglio\/author\/letiziacolombo\/\"}]}<\/script>\n<!-- \/ Yoast SEO plugin. -->","yoast_head_json":{"title":"Il primo Annuario Scolastico - Azienda Bergamasca Formazione Treviglio","description":"Per la prima volta ABF Treviglio propone l'Annuario Scolastico. Oltre 500 foto per raccontare un anno formativo. Foto di studenti e docenti.","robots":{"index":"index","follow":"follow","max-snippet":"max-snippet:-1","max-image-preview":"max-image-preview:large","max-video-preview":"max-video-preview:-1"},"canonical":"https:\/\/www.abf.eu\/treviglio\/il-primo-annuario-scolastico\/","og_locale":"it_IT","og_type":"article","og_title":"Il primo Annuario Scolastico - Azienda Bergamasca Formazione Treviglio","og_description":"Per la prima volta ABF Treviglio propone l'Annuario Scolastico. Oltre 500 foto per raccontare un anno formativo. Foto di studenti e docenti.","og_url":"https:\/\/www.abf.eu\/treviglio\/il-primo-annuario-scolastico\/","og_site_name":"Treviglio","article_published_time":"2021-06-01T08:41:29+00:00","article_modified_time":"2022-04-19T10:28:04+00:00","og_image":[{"width":1000,"height":667,"url":"https:\/\/www.abf.eu\/treviglio\/wp-content\/uploads\/sites\/8\/2021\/06\/New-Project.jpg","type":"image\/jpeg"}],"author":"letiziacolombo","twitter_card":"summary_large_image","twitter_misc":{"Scritto da":"letiziacolombo","Tempo di lettura stimato":"2 minuti"},"schema":{"@context":"https:\/\/schema.org","@graph":[{"@type":"WebPage","@id":"https:\/\/www.abf.eu\/treviglio\/il-primo-annuario-scolastico\/","url":"https:\/\/www.abf.eu\/treviglio\/il-primo-annuario-scolastico\/","name":"Il primo Annuario Scolastico - Azienda Bergamasca Formazione Treviglio","isPartOf":{"@id":"https:\/\/www.abf.eu\/treviglio\/#website"},"primaryImageOfPage":{"@id":"https:\/\/www.abf.eu\/treviglio\/il-primo-annuario-scolastico\/#primaryimage"},"image":{"@id":"https:\/\/www.abf.eu\/treviglio\/il-primo-annuario-scolastico\/#primaryimage"},"thumbnailUrl":"https:\/\/www.abf.eu\/treviglio\/wp-content\/uploads\/sites\/8\/2021\/06\/New-Project.jpg","datePublished":"2021-06-01T08:41:29+00:00","dateModified":"2022-04-19T10:28:04+00:00","author":{"@id":"https:\/\/www.abf.eu\/treviglio\/#\/schema\/person\/69fd6c114add1a9500757c8cfee22339"},"description":"Per la prima volta ABF Treviglio propone l'Annuario Scolastico. Oltre 500 foto per raccontare un anno formativo. Foto di studenti e docenti.","breadcrumb":{"@id":"https:\/\/www.abf.eu\/treviglio\/il-primo-annuario-scolastico\/#breadcrumb"},"inLanguage":"it-IT","potentialAction":[{"@type":"ReadAction","target":["https:\/\/www.abf.eu\/treviglio\/il-primo-annuario-scolastico\/"]}]},{"@type":"ImageObject","inLanguage":"it-IT","@id":"https:\/\/www.abf.eu\/treviglio\/il-primo-annuario-scolastico\/#primaryimage","url":"https:\/\/www.abf.eu\/treviglio\/wp-content\/uploads\/sites\/8\/2021\/06\/New-Project.jpg","contentUrl":"https:\/\/www.abf.eu\/treviglio\/wp-content\/uploads\/sites\/8\/2021\/06\/New-Project.jpg","width":1000,"height":667,"caption":"annuario-scolastico"},{"@type":"BreadcrumbList","@id":"https:\/\/www.abf.eu\/treviglio\/il-primo-annuario-scolastico\/#breadcrumb","itemListElement":[{"@type":"ListItem","position":1,"name":"Home","item":"https:\/\/www.abf.eu\/treviglio\/"},{"@type":"ListItem","position":2,"name":"Il primo Annuario Scolastico"}]},{"@type":"WebSite","@id":"https:\/\/www.abf.eu\/treviglio\/#website","url":"https:\/\/www.abf.eu\/treviglio\/","name":"Treviglio","description":"Ecco un altro sito Abf siti","potentialAction":[{"@type":"SearchAction","target":{"@type":"EntryPoint","urlTemplate":"https:\/\/www.abf.eu\/treviglio\/?s={search_term_string}"},"query-input":{"@type":"PropertyValueSpecification","valueRequired":true,"valueName":"search_term_string"}}],"inLanguage":"it-IT"},{"@type":"Person","@id":"https:\/\/www.abf.eu\/treviglio\/#\/schema\/person\/69fd6c114add1a9500757c8cfee22339","name":"letiziacolombo","image":{"@type":"ImageObject","inLanguage":"it-IT","@id":"https:\/\/www.abf.eu\/treviglio\/#\/schema\/person\/image\/","url":"https:\/\/secure.gravatar.com\/avatar\/edee433216db16c4c85310265fba1054ac859ffc9ae5173209d23e78e8c2e552?s=96&d=mm&r=g","contentUrl":"https:\/\/secure.gravatar.com\/avatar\/edee433216db16c4c85310265fba1054ac859ffc9ae5173209d23e78e8c2e552?s=96&d=mm&r=g","caption":"letiziacolombo"},"url":"https:\/\/www.abf.eu\/treviglio\/author\/letiziacolombo\/"}]}},"_links":{"self":[{"href":"https:\/\/www.abf.eu\/treviglio\/wp-json\/wp\/v2\/posts\/15723","targetHints":{"allow":["GET"]}}],"collection":[{"href":"https:\/\/www.abf.eu\/treviglio\/wp-json\/wp\/v2\/posts"}],"about":[{"href":"https:\/\/www.abf.eu\/treviglio\/wp-json\/wp\/v2\/types\/post"}],"author":[{"embeddable":true,"href":"https:\/\/www.abf.eu\/treviglio\/wp-json\/wp\/v2\/users\/33"}],"replies":[{"embeddable":true,"href":"https:\/\/www.abf.eu\/treviglio\/wp-json\/wp\/v2\/comments?post=15723"}],"version-history":[{"count":35,"href":"https:\/\/www.abf.eu\/treviglio\/wp-json\/wp\/v2\/posts\/15723\/revisions"}],"predecessor-version":[{"id":16986,"href":"https:\/\/www.abf.eu\/treviglio\/wp-json\/wp\/v2\/posts\/15723\/revisions\/16986"}],"wp:featuredmedia":[{"embeddable":true,"href":"https:\/\/www.abf.eu\/treviglio\/wp-json\/wp\/v2\/media\/15761"}],"wp:attachment":[{"href":"https:\/\/www.abf.eu\/treviglio\/wp-json\/wp\/v2\/media?parent=15723"}],"wp:term":[{"taxonomy":"category","embeddable":true,"href":"https:\/\/www.abf.eu\/treviglio\/wp-json\/wp\/v2\/categories?post=15723"},{"taxonomy":"post_tag","embeddable":true,"href":"https:\/\/www.abf.eu\/treviglio\/wp-json\/wp\/v2\/tags?post=15723"}],"curies":[{"name":"wp","href":"https:\/\/api.w.org\/{rel}","templated":true}]}}