{"id":16004,"date":"2021-06-30T12:57:46","date_gmt":"2021-06-30T10:57:46","guid":{"rendered":"https:\/\/www.abf.eu\/treviglio\/?p=16004"},"modified":"2021-06-30T13:00:49","modified_gmt":"2021-06-30T11:00:49","slug":"abf-e-poi-esperienza-di-diana-dalla-cucina-al-diploma-di-maturita-turistica","status":"publish","type":"post","link":"https:\/\/www.abf.eu\/treviglio\/abf-e-poi-esperienza-di-diana-dalla-cucina-al-diploma-di-maturita-turistica\/","title":{"rendered":"ABF e poi&#8230; dalla cucina al diploma di maturit\u00e0 turistica"},"content":{"rendered":"\n<h2 class=\"wp-block-heading\">Continua la rubrica dedicata agli ex allievi di ABF Treviglio<\/h2>\n\n\n\n<p>Dopo aver intervistato i nostri <a href=\"https:\/\/www.abf.eu\/treviglio\/abf-e-poi-giovani-pasticceri-al-lavoro\/\">ex allievi di pasticceria,<\/a> oggi vi raccontiamo l&#8217;esperienza di una nostra studentessa che ha da poco concluso un percorso formativo abbastanza particolare e articolato! Si chiama <strong>Diana Terzi<\/strong>, ha 22 anni, risiede a Caravaggio, \u00e8 una ragazza con disabilit\u00e0 che ha conseguito <strong>due qualifiche e due diplomi<\/strong>; si definisce ambiziosa, determinata e per certi versi anche testarda. Vediamo come tutti questi tratti hanno contribuito a questa storia di successo!<\/p>\n\n\n\n<h5 class=\"wp-block-heading\">Dalla qualifica professionale di Pasticceria&#8230;<\/h5>\n\n\n\n<p>Diana ha iniziato il suo percorso in ABF Treviglio nel Corso triennale di Pasticceria e Panetteria, quasi un ripiego inizialmente perch\u00e9 in realt\u00e0 il suo desiderio era quello di fare il Corso di Cucina, che tuttavia allora non era ancora attivato.<\/p>\n\n\n\n<p>Ha iniziato cos\u00ec ad apprendere tecniche e principi per la realizzazione sia di dolci che di prodotti da forno. Nel corso degli anni ha anche avuto modo di mettere in pratica ci\u00f2 che ha appreso, svolgendo tre stage, rispettivamente presso i panifici Trisoldi a Caravaggio, Ferrandi a Treviglio e presso la pasticceria Alpino a Casirate d&#8217;Adda. Racconta in questo modo le sue esperienze: &#8220;<em>Lavorare in panetteria mi ha insegnato molto, ho potuto imparare gli impasti da zero. Un impasto che mi \u00e8 piaciuto molto \u00e8 quello della brioche. Inoltre, durante il periodo natalizio ho avuto modo di sperimentare la preparazione del panettone. Mi sono trovata fin da subito coinvolta all&#8217;interno del team<\/em>&#8220;. <\/p>\n\n\n\n<h5 class=\"wp-block-heading\">&#8230; al diploma di Tecnico di Cucina&#8230;<\/h5>\n\n\n\n<p>Terminati i tre anni in Pasticceria e Panetteria ha conseguito la qualifica e, non ancora soddisfatta, si \u00e8 iscritta al Percorso di Cucina, nel frattempo attivato, ripartendo dal secondo anno. La cucina, del resto, era la sua prima passione. Diana conserva dei ricordi molto positivi degli anni passati nei laboratori di cucina, e anche degli stage svolti in questo settore. In particolare, lo stage presso il ristorante Gambero d&#8217;Oro a Caravaggio. Racconta: &#8220;<em>Un&#8217;esperienza bellissima. \u00c8 stato lo stage migliore per me, sia dal punto di visto professionale che dal punto di vista relazionale. Il rapporto che si \u00e8 instaurato con i colleghi \u00e8 stato fin dall&#8217;inizio un rapporto costruttivo<\/em>&#8220;. <\/p>\n\n\n\n<p>Un\u2019altra esperienza effettuata durante il percorso di cucina che Diana considera particolarmente positiva e che, dice, <strong>custodir\u00e0 sempre nel suo bagaglio di ricordi<\/strong>, \u00e8 il mese di alternanza scuola-lavoro svolto in Inghilterra, a Eastbourne, insieme agli altri&nbsp; 29 ragazzi\/e di ABF Treviglio che hanno fatto con lei questa esperienza, accompagnati dalle loro insegnanti di inglese, le prof.sse Signorelli e Cirfiera.<\/p>\n\n\n\n<p>Diana, dopo aver acquisito anche la qualifica di cucina, si \u00e8 iscritta al 4\u00b0 anno e ha ottenuto il Diploma tecnico, guadagnandosi anche una borsa di studio per gli ottimi risultati conseguiti.<\/p>\n\n\n\n<p>Ma nel corso del quarto anno un\u2019altra idea si stava facendo strada in Diana: quella di conseguire il diploma di maturit\u00e0! La scelta pi\u00f9 ovvia sarebbe stata quella dell\u2019alberghiero, ma Diana ha preferito allargare i suoi orizzonti. Con il supporto delle insegnanti Nossa e Gambirasio, del team del Sostegno, \u00e8 stato promosso un orientamento, gi\u00e0 durante il 4\u00b0 anno, finalizzato a favorire il passaggio all&#8217;<strong>ISIS Zenale e Butinone di Treviglio<\/strong>.<\/p>\n\n\n\n<h5 class=\"wp-block-heading\">&#8230; per arrivare al diploma di maturit\u00e0!<\/h5>\n\n\n\n<p>Diana si \u00e8 quindi iscritta l\u2019anno successivo al 4\u00b0 anno dello Zenale, indirizzo turistico. Il passaggio non \u00e8 stato semplice: &#8220;<em>Il quarto anno \u00e8 stato il pi\u00f9 complicato. In estate ho dovuto preparare parecchi esami e durante l&#8217;anno, oltre a riallineare alcune discipline, dovevo anche studiare per le varie interrogazioni e verifiche<\/em>&#8220;. Nonostante le difficolt\u00e0 riscontrate durante il percorso <strong>Diana a fine giugno 2021 ha conseguito il diploma di maturit\u00e0 con un punteggio finale di 91\/100.<\/strong><\/p>\n\n\n\n<h5 class=\"wp-block-heading\">Diana e gli anni in ABF<\/h5>\n\n\n\n<p>A distanza di due anni dalla conclusione del percorso in ABF, Diana racconta che cosa ha rappresentato per lei la nostra scuola: &#8220;<em>\u00c8 una realt\u00e0 che offre formazione professionale dove \u00e8 importante la dimensione \u2018formativa\u2019\u2026 \u00c8 in grado di offrire un piano concreto in cui sperimentarsi&#8230; \u00c8 un luogo di cambiamenti. Anche i ragazzi con il bisogno di un insegnante di sostegno possono fare un percorso di questo tipo e conseguire una qualifica e un diploma<\/em>&#8220;. Continua: &#8220;<em>Sono stati anni che porter\u00f2 sempre con me. La scuola, i docenti e il personale in generale sono sempre stati molto gentili da ogni punto di vista. Un ambiente molto bello<\/em>. <em>Consiglio ABF a tutti coloro che vogliono imparare un mestiere, che vogliono sperimentare e fare pratica<\/em>&#8220;. <\/p>\n\n\n\n<h5 class=\"wp-block-heading\">Un futuro ancora da scrivere<\/h5>\n\n\n\n<p>Dopo aver ottenuto anche il secondo diploma, Diana racconta come vede il suo futuro: &#8220;<em>Probabilmente mi prender\u00f2 un anno di tempo per riflettere su quello che vorr\u00f2 fare. Mi piacerebbe scrivermi presso l&#8217;Istituto Tecnico&nbsp;Superiore IATH (International Academy of Tourism and Hospitality) &#8211; fondazione del Turismo e dell&#8217;Ospitalit\u00e0. \u00c8 una struttura specializzata in ambito alberghiero che permette di crescere molto a livello professionale. Le lezioni si svolgono totalmente in inglese e ci sar\u00e0 la possibilit\u00e0 di scegliere altre due lingue. Sar\u00e0 una nuova sfida<\/em>&#8220;. <\/p>\n\n\n\n<p>Un anno per riflettere, dunque, e riprogettare il suo percorso. Ma nel frattempo, le abbiamo chiesto? <em>\u201cNel frattempo lavoro!\u201d, <\/em>ci ha risposto. \u00c8 tempo di cominciare a mettere a frutto i diplomi acquisiti, e poi <em>\u201c\u00e8 giusto che cominci a ripagare un po\u2019 la mia famiglia che ha creduto tanto in me e ha accettato le mie scelte\u201d.<\/em><\/p>\n\n\n\n<p>Ecco il motivo, dopo l\u2019intervista, del colloquio fissato con la dott.ssa Gritti, nostra referente per ABF dei Servizi al Lavoro per la L. 68. E dal sorriso di Diana al termine del colloquio capiamo che ha dato i suoi frutti!<\/p>\n\n\n\n<p><strong>Auguri per tutto Diana, da parte della Direzione e di tutto lo staff di ABF Treviglio! Saremo ancora qui, se in futuro vorrai fare uno dei nostri Corsi per adulti\u2026<\/strong><\/p>\n\n\n\n<h5 class=\"wp-block-heading\">Una annotazione a margine<\/h5>\n\n\n\n<p>La storia di Diana fornisce l\u2019occasione per spendere una parola buona (e ogni tanto non guasta) sul sistema scolastico italiano: diversamente da altri sistemi, si presenta ricco di opportunit\u00e0 e, soprattutto, flessibile, cosicch\u00e9 lo studente pu\u00f2 costruirsi il proprio percorso di studi approdando all\u2019Universit\u00e0 anche a partire dalla Formazione Professionale. E Diana ne \u00e8 un esempio molto significativo, tanto pi\u00f9 perch\u00e9 convive con una disabilit\u00e0.<\/p>\n\n\n\n<p>Un ruolo centrale nella sua storia lo ha avuto la <strong>dimensione orientativa<\/strong>, che sempre deve accompagnare e attraversare il percorso scolastico se si vuole raggiungere&nbsp; il successo formativo.<\/p>\n","protected":false},"excerpt":{"rendered":"<p>Continua la rubrica dedicata agli ex allievi di ABF Treviglio<\/p>\n","protected":false},"author":33,"featured_media":16039,"comment_status":"open","ping_status":"open","sticky":false,"template":"","format":"standard","meta":{"footnotes":""},"categories":[1],"tags":[],"class_list":["post-16004","post","type-post","status-publish","format-standard","has-post-thumbnail","hentry","category-senza-categoria"],"yoast_head":"<!-- This site is optimized with the Yoast SEO plugin v25.8 - https:\/\/yoast.com\/wordpress\/plugins\/seo\/ -->\n<title>ABF e poi... dalla cucina al diploma di maturit\u00e0 turistica - ABF Treviglio<\/title>\n<meta name=\"description\" content=\"Continua la rubrica dedicata agli ex allievi di ABF Treviglio: raccontiamo il particolare percorso formativo di Diana\" \/>\n<meta name=\"robots\" content=\"index, follow, max-snippet:-1, max-image-preview:large, max-video-preview:-1\" \/>\n<link rel=\"canonical\" href=\"https:\/\/www.abf.eu\/treviglio\/abf-e-poi-esperienza-di-diana-dalla-cucina-al-diploma-di-maturita-turistica\/\" \/>\n<meta property=\"og:locale\" content=\"it_IT\" \/>\n<meta property=\"og:type\" content=\"article\" \/>\n<meta property=\"og:title\" content=\"ABF e poi... dalla cucina al diploma di maturit\u00e0 turistica - ABF Treviglio\" \/>\n<meta property=\"og:description\" content=\"Continua la rubrica dedicata agli ex allievi di ABF Treviglio: raccontiamo il particolare percorso formativo di Diana\" \/>\n<meta property=\"og:url\" content=\"https:\/\/www.abf.eu\/treviglio\/abf-e-poi-esperienza-di-diana-dalla-cucina-al-diploma-di-maturita-turistica\/\" \/>\n<meta property=\"og:site_name\" content=\"Treviglio\" \/>\n<meta property=\"article:published_time\" content=\"2021-06-30T10:57:46+00:00\" \/>\n<meta property=\"article:modified_time\" content=\"2021-06-30T11:00:49+00:00\" \/>\n<meta property=\"og:image\" content=\"https:\/\/www.abf.eu\/treviglio\/wp-content\/uploads\/sites\/8\/2021\/06\/diana.jpg\" \/>\n\t<meta property=\"og:image:width\" content=\"1000\" \/>\n\t<meta property=\"og:image:height\" content=\"667\" \/>\n\t<meta property=\"og:image:type\" content=\"image\/jpeg\" \/>\n<meta name=\"author\" content=\"letiziacolombo\" \/>\n<meta name=\"twitter:card\" content=\"summary_large_image\" \/>\n<meta name=\"twitter:label1\" content=\"Scritto da\" \/>\n\t<meta name=\"twitter:data1\" content=\"letiziacolombo\" \/>\n\t<meta name=\"twitter:label2\" content=\"Tempo di lettura stimato\" \/>\n\t<meta name=\"twitter:data2\" content=\"5 minuti\" \/>\n<script type=\"application\/ld+json\" class=\"yoast-schema-graph\">{\"@context\":\"https:\/\/schema.org\",\"@graph\":[{\"@type\":\"WebPage\",\"@id\":\"https:\/\/www.abf.eu\/treviglio\/abf-e-poi-esperienza-di-diana-dalla-cucina-al-diploma-di-maturita-turistica\/\",\"url\":\"https:\/\/www.abf.eu\/treviglio\/abf-e-poi-esperienza-di-diana-dalla-cucina-al-diploma-di-maturita-turistica\/\",\"name\":\"ABF e poi... dalla cucina al diploma di maturit\u00e0 turistica - ABF Treviglio\",\"isPartOf\":{\"@id\":\"https:\/\/www.abf.eu\/treviglio\/#website\"},\"primaryImageOfPage\":{\"@id\":\"https:\/\/www.abf.eu\/treviglio\/abf-e-poi-esperienza-di-diana-dalla-cucina-al-diploma-di-maturita-turistica\/#primaryimage\"},\"image\":{\"@id\":\"https:\/\/www.abf.eu\/treviglio\/abf-e-poi-esperienza-di-diana-dalla-cucina-al-diploma-di-maturita-turistica\/#primaryimage\"},\"thumbnailUrl\":\"https:\/\/www.abf.eu\/treviglio\/wp-content\/uploads\/sites\/8\/2021\/06\/diana.jpg\",\"datePublished\":\"2021-06-30T10:57:46+00:00\",\"dateModified\":\"2021-06-30T11:00:49+00:00\",\"author\":{\"@id\":\"https:\/\/www.abf.eu\/treviglio\/#\/schema\/person\/69fd6c114add1a9500757c8cfee22339\"},\"description\":\"Continua la rubrica dedicata agli ex allievi di ABF Treviglio: raccontiamo il particolare percorso formativo di Diana\",\"breadcrumb\":{\"@id\":\"https:\/\/www.abf.eu\/treviglio\/abf-e-poi-esperienza-di-diana-dalla-cucina-al-diploma-di-maturita-turistica\/#breadcrumb\"},\"inLanguage\":\"it-IT\",\"potentialAction\":[{\"@type\":\"ReadAction\",\"target\":[\"https:\/\/www.abf.eu\/treviglio\/abf-e-poi-esperienza-di-diana-dalla-cucina-al-diploma-di-maturita-turistica\/\"]}]},{\"@type\":\"ImageObject\",\"inLanguage\":\"it-IT\",\"@id\":\"https:\/\/www.abf.eu\/treviglio\/abf-e-poi-esperienza-di-diana-dalla-cucina-al-diploma-di-maturita-turistica\/#primaryimage\",\"url\":\"https:\/\/www.abf.eu\/treviglio\/wp-content\/uploads\/sites\/8\/2021\/06\/diana.jpg\",\"contentUrl\":\"https:\/\/www.abf.eu\/treviglio\/wp-content\/uploads\/sites\/8\/2021\/06\/diana.jpg\",\"width\":1000,\"height\":667,\"caption\":\"esperienza-di-Diana\"},{\"@type\":\"BreadcrumbList\",\"@id\":\"https:\/\/www.abf.eu\/treviglio\/abf-e-poi-esperienza-di-diana-dalla-cucina-al-diploma-di-maturita-turistica\/#breadcrumb\",\"itemListElement\":[{\"@type\":\"ListItem\",\"position\":1,\"name\":\"Home\",\"item\":\"https:\/\/www.abf.eu\/treviglio\/\"},{\"@type\":\"ListItem\",\"position\":2,\"name\":\"ABF e poi&#8230; dalla cucina al diploma di maturit\u00e0 turistica\"}]},{\"@type\":\"WebSite\",\"@id\":\"https:\/\/www.abf.eu\/treviglio\/#website\",\"url\":\"https:\/\/www.abf.eu\/treviglio\/\",\"name\":\"Treviglio\",\"description\":\"Ecco un altro sito Abf siti\",\"potentialAction\":[{\"@type\":\"SearchAction\",\"target\":{\"@type\":\"EntryPoint\",\"urlTemplate\":\"https:\/\/www.abf.eu\/treviglio\/?s={search_term_string}\"},\"query-input\":{\"@type\":\"PropertyValueSpecification\",\"valueRequired\":true,\"valueName\":\"search_term_string\"}}],\"inLanguage\":\"it-IT\"},{\"@type\":\"Person\",\"@id\":\"https:\/\/www.abf.eu\/treviglio\/#\/schema\/person\/69fd6c114add1a9500757c8cfee22339\",\"name\":\"letiziacolombo\",\"image\":{\"@type\":\"ImageObject\",\"inLanguage\":\"it-IT\",\"@id\":\"https:\/\/www.abf.eu\/treviglio\/#\/schema\/person\/image\/\",\"url\":\"https:\/\/secure.gravatar.com\/avatar\/edee433216db16c4c85310265fba1054ac859ffc9ae5173209d23e78e8c2e552?s=96&d=mm&r=g\",\"contentUrl\":\"https:\/\/secure.gravatar.com\/avatar\/edee433216db16c4c85310265fba1054ac859ffc9ae5173209d23e78e8c2e552?s=96&d=mm&r=g\",\"caption\":\"letiziacolombo\"},\"url\":\"https:\/\/www.abf.eu\/treviglio\/author\/letiziacolombo\/\"}]}<\/script>\n<!-- \/ Yoast SEO plugin. -->","yoast_head_json":{"title":"ABF e poi... dalla cucina al diploma di maturit\u00e0 turistica - ABF Treviglio","description":"Continua la rubrica dedicata agli ex allievi di ABF Treviglio: raccontiamo il particolare percorso formativo di Diana","robots":{"index":"index","follow":"follow","max-snippet":"max-snippet:-1","max-image-preview":"max-image-preview:large","max-video-preview":"max-video-preview:-1"},"canonical":"https:\/\/www.abf.eu\/treviglio\/abf-e-poi-esperienza-di-diana-dalla-cucina-al-diploma-di-maturita-turistica\/","og_locale":"it_IT","og_type":"article","og_title":"ABF e poi... dalla cucina al diploma di maturit\u00e0 turistica - ABF Treviglio","og_description":"Continua la rubrica dedicata agli ex allievi di ABF Treviglio: raccontiamo il particolare percorso formativo di Diana","og_url":"https:\/\/www.abf.eu\/treviglio\/abf-e-poi-esperienza-di-diana-dalla-cucina-al-diploma-di-maturita-turistica\/","og_site_name":"Treviglio","article_published_time":"2021-06-30T10:57:46+00:00","article_modified_time":"2021-06-30T11:00:49+00:00","og_image":[{"width":1000,"height":667,"url":"https:\/\/www.abf.eu\/treviglio\/wp-content\/uploads\/sites\/8\/2021\/06\/diana.jpg","type":"image\/jpeg"}],"author":"letiziacolombo","twitter_card":"summary_large_image","twitter_misc":{"Scritto da":"letiziacolombo","Tempo di lettura stimato":"5 minuti"},"schema":{"@context":"https:\/\/schema.org","@graph":[{"@type":"WebPage","@id":"https:\/\/www.abf.eu\/treviglio\/abf-e-poi-esperienza-di-diana-dalla-cucina-al-diploma-di-maturita-turistica\/","url":"https:\/\/www.abf.eu\/treviglio\/abf-e-poi-esperienza-di-diana-dalla-cucina-al-diploma-di-maturita-turistica\/","name":"ABF e poi... dalla cucina al diploma di maturit\u00e0 turistica - ABF Treviglio","isPartOf":{"@id":"https:\/\/www.abf.eu\/treviglio\/#website"},"primaryImageOfPage":{"@id":"https:\/\/www.abf.eu\/treviglio\/abf-e-poi-esperienza-di-diana-dalla-cucina-al-diploma-di-maturita-turistica\/#primaryimage"},"image":{"@id":"https:\/\/www.abf.eu\/treviglio\/abf-e-poi-esperienza-di-diana-dalla-cucina-al-diploma-di-maturita-turistica\/#primaryimage"},"thumbnailUrl":"https:\/\/www.abf.eu\/treviglio\/wp-content\/uploads\/sites\/8\/2021\/06\/diana.jpg","datePublished":"2021-06-30T10:57:46+00:00","dateModified":"2021-06-30T11:00:49+00:00","author":{"@id":"https:\/\/www.abf.eu\/treviglio\/#\/schema\/person\/69fd6c114add1a9500757c8cfee22339"},"description":"Continua la rubrica dedicata agli ex allievi di ABF Treviglio: raccontiamo il particolare percorso formativo di Diana","breadcrumb":{"@id":"https:\/\/www.abf.eu\/treviglio\/abf-e-poi-esperienza-di-diana-dalla-cucina-al-diploma-di-maturita-turistica\/#breadcrumb"},"inLanguage":"it-IT","potentialAction":[{"@type":"ReadAction","target":["https:\/\/www.abf.eu\/treviglio\/abf-e-poi-esperienza-di-diana-dalla-cucina-al-diploma-di-maturita-turistica\/"]}]},{"@type":"ImageObject","inLanguage":"it-IT","@id":"https:\/\/www.abf.eu\/treviglio\/abf-e-poi-esperienza-di-diana-dalla-cucina-al-diploma-di-maturita-turistica\/#primaryimage","url":"https:\/\/www.abf.eu\/treviglio\/wp-content\/uploads\/sites\/8\/2021\/06\/diana.jpg","contentUrl":"https:\/\/www.abf.eu\/treviglio\/wp-content\/uploads\/sites\/8\/2021\/06\/diana.jpg","width":1000,"height":667,"caption":"esperienza-di-Diana"},{"@type":"BreadcrumbList","@id":"https:\/\/www.abf.eu\/treviglio\/abf-e-poi-esperienza-di-diana-dalla-cucina-al-diploma-di-maturita-turistica\/#breadcrumb","itemListElement":[{"@type":"ListItem","position":1,"name":"Home","item":"https:\/\/www.abf.eu\/treviglio\/"},{"@type":"ListItem","position":2,"name":"ABF e poi&#8230; dalla cucina al diploma di maturit\u00e0 turistica"}]},{"@type":"WebSite","@id":"https:\/\/www.abf.eu\/treviglio\/#website","url":"https:\/\/www.abf.eu\/treviglio\/","name":"Treviglio","description":"Ecco un altro sito Abf siti","potentialAction":[{"@type":"SearchAction","target":{"@type":"EntryPoint","urlTemplate":"https:\/\/www.abf.eu\/treviglio\/?s={search_term_string}"},"query-input":{"@type":"PropertyValueSpecification","valueRequired":true,"valueName":"search_term_string"}}],"inLanguage":"it-IT"},{"@type":"Person","@id":"https:\/\/www.abf.eu\/treviglio\/#\/schema\/person\/69fd6c114add1a9500757c8cfee22339","name":"letiziacolombo","image":{"@type":"ImageObject","inLanguage":"it-IT","@id":"https:\/\/www.abf.eu\/treviglio\/#\/schema\/person\/image\/","url":"https:\/\/secure.gravatar.com\/avatar\/edee433216db16c4c85310265fba1054ac859ffc9ae5173209d23e78e8c2e552?s=96&d=mm&r=g","contentUrl":"https:\/\/secure.gravatar.com\/avatar\/edee433216db16c4c85310265fba1054ac859ffc9ae5173209d23e78e8c2e552?s=96&d=mm&r=g","caption":"letiziacolombo"},"url":"https:\/\/www.abf.eu\/treviglio\/author\/letiziacolombo\/"}]}},"_links":{"self":[{"href":"https:\/\/www.abf.eu\/treviglio\/wp-json\/wp\/v2\/posts\/16004","targetHints":{"allow":["GET"]}}],"collection":[{"href":"https:\/\/www.abf.eu\/treviglio\/wp-json\/wp\/v2\/posts"}],"about":[{"href":"https:\/\/www.abf.eu\/treviglio\/wp-json\/wp\/v2\/types\/post"}],"author":[{"embeddable":true,"href":"https:\/\/www.abf.eu\/treviglio\/wp-json\/wp\/v2\/users\/33"}],"replies":[{"embeddable":true,"href":"https:\/\/www.abf.eu\/treviglio\/wp-json\/wp\/v2\/comments?post=16004"}],"version-history":[{"count":36,"href":"https:\/\/www.abf.eu\/treviglio\/wp-json\/wp\/v2\/posts\/16004\/revisions"}],"predecessor-version":[{"id":16056,"href":"https:\/\/www.abf.eu\/treviglio\/wp-json\/wp\/v2\/posts\/16004\/revisions\/16056"}],"wp:featuredmedia":[{"embeddable":true,"href":"https:\/\/www.abf.eu\/treviglio\/wp-json\/wp\/v2\/media\/16039"}],"wp:attachment":[{"href":"https:\/\/www.abf.eu\/treviglio\/wp-json\/wp\/v2\/media?parent=16004"}],"wp:term":[{"taxonomy":"category","embeddable":true,"href":"https:\/\/www.abf.eu\/treviglio\/wp-json\/wp\/v2\/categories?post=16004"},{"taxonomy":"post_tag","embeddable":true,"href":"https:\/\/www.abf.eu\/treviglio\/wp-json\/wp\/v2\/tags?post=16004"}],"curies":[{"name":"wp","href":"https:\/\/api.w.org\/{rel}","templated":true}]}}