{"id":16432,"date":"2022-02-17T13:13:57","date_gmt":"2022-02-17T12:13:57","guid":{"rendered":"https:\/\/www.abf.eu\/treviglio\/?p=16432"},"modified":"2022-04-20T10:35:09","modified_gmt":"2022-04-20T08:35:09","slug":"progetto-erasmus","status":"publish","type":"post","link":"https:\/\/www.abf.eu\/treviglio\/progetto-erasmus\/","title":{"rendered":"Progetto Erasmus+"},"content":{"rendered":"\n<h5 class=\"wp-block-heading\">Progetto Erasmus+: il valore della formazione all&#8217;estero<\/h5>\n\n\n\n<p>ABF ha partecipato al Bando Erasmus+ iMech 4.0, un progetto di formazione all&#8217;estero riservato ad alcuni studenti che stanno frequentando il terzo e il quarto anno di scuole superiori e di centri di formazione della Lombardia e dell\u2019Emilia Romagna. L&#8217;obiettivo \u00e8 quello di offrire agli studenti l&#8217;opportunit\u00e0 di apprendere nuove competenze tecniche e professionali (in linea con le richieste dell&#8217;odierno mercato del lavoro) presso realt\u00e0 formative presenti all&#8217;estero.<\/p>\n\n\n\n<p>Il progetto dal titolo &#8220;iMech 4.0: Inclusive MECHatronic and thermoelectric VETprovisionon industry 4.0&#8221; ha cosentito a 5 ragazzi\/e delle classi terze e quarte del settore alimentare di partecipare ad una esperienza all&#8217;estero, nello specifico in Slovenia a Maribor, della durata di 45 giorni. Tra questi 5 ragazzi\/e, ci sono due studentesse di ABF Treviglio, Mboup Khady e Ndiaye Maimouna.<\/p>\n\n\n\n<p>Il percorso \u00e8 stato coordinato dalla prof.ssa Chit\u00f2 Roberta con il prezioso supporto della collega, la prof.ssa Valentina Scerra Rosa.<\/p>\n\n\n\n<p>&#8220;<em>La sfida ci \u00e8 piaciuta sin da subito ed \u00e8 stata realizzata grazie alla collaborazione di tutta l&#8217;organizzazione di ABF. Siamo orgogliosi di questo successo.<\/em>&#8221; racconta la Prof.ssa Chit\u00f2<\/p>\n\n\n\n<figure class=\"wp-block-image size-full\"><img loading=\"lazy\" decoding=\"async\" width=\"1000\" height=\"667\" src=\"https:\/\/www.abf.eu\/treviglio\/wp-content\/uploads\/sites\/8\/2022\/02\/progetto-erasmus-abf-1.jpg\" alt=\"piazza citt\u00e0 di maribor\" class=\"wp-image-16946\" srcset=\"https:\/\/www.abf.eu\/treviglio\/wp-content\/uploads\/sites\/8\/2022\/02\/progetto-erasmus-abf-1.jpg 1000w, https:\/\/www.abf.eu\/treviglio\/wp-content\/uploads\/sites\/8\/2022\/02\/progetto-erasmus-abf-1-300x200.jpg 300w, https:\/\/www.abf.eu\/treviglio\/wp-content\/uploads\/sites\/8\/2022\/02\/progetto-erasmus-abf-1-768x512.jpg 768w, https:\/\/www.abf.eu\/treviglio\/wp-content\/uploads\/sites\/8\/2022\/02\/progetto-erasmus-abf-1-600x400.jpg 600w\" sizes=\"auto, (max-width: 1000px) 100vw, 1000px\" \/><figcaption>Visita alla citt\u00e0 di Maribor<\/figcaption><\/figure>\n\n\n\n<figure class=\"wp-block-gallery has-nested-images columns-default is-cropped wp-block-gallery-1 is-layout-flex wp-block-gallery-is-layout-flex\">\n<figure class=\"wp-block-image size-full\"><img loading=\"lazy\" decoding=\"async\" width=\"1000\" height=\"667\" data-id=\"16921\" src=\"https:\/\/www.abf.eu\/treviglio\/wp-content\/uploads\/sites\/8\/2022\/02\/progetto-erasmus-abf.jpg\" alt=\"ragazzi partecipanti all' erasmus+\" class=\"wp-image-16921\" srcset=\"https:\/\/www.abf.eu\/treviglio\/wp-content\/uploads\/sites\/8\/2022\/02\/progetto-erasmus-abf.jpg 1000w, https:\/\/www.abf.eu\/treviglio\/wp-content\/uploads\/sites\/8\/2022\/02\/progetto-erasmus-abf-300x200.jpg 300w, https:\/\/www.abf.eu\/treviglio\/wp-content\/uploads\/sites\/8\/2022\/02\/progetto-erasmus-abf-768x512.jpg 768w, https:\/\/www.abf.eu\/treviglio\/wp-content\/uploads\/sites\/8\/2022\/02\/progetto-erasmus-abf-600x400.jpg 600w\" sizes=\"auto, (max-width: 1000px) 100vw, 1000px\" \/><\/figure>\n<\/figure>\n\n\n\n<p>Le mobilit\u00e0 sono state organizzate nel pieno rispetto delle norme di sicurezza sanitarie vigenti nel Paese di invio e nel Paese di destinazione. La scelta di quest&#8217;ultima infatti \u00e8 stata definita in seguito alla valutazione della situazione pandemica in corso.<\/p>\n\n\n\n<h5 class=\"wp-block-heading\">Qualis sono gli obbiettivi del progetto?<\/h5>\n\n\n\n<p>L&#8217;obbiettivo \u00e8 del progetto \u00e8 aiutare i ragazzi ad aumentare la percezione del s\u00e9 attraverso il confronto con realt\u00e0 e situazioni che li vedranno protagonisti attivi, sperimentando fuori dal loro contesto ordinario il livello di conoscenza tecnica, linguistica e professionale. <\/p>\n\n\n\n<h5 class=\"wp-block-heading\">Quali erano i requisiti del Bando e come ci si candidava?<\/h5>\n\n\n\n<p>Potevano candidarsi al Bando gli studenti di et\u00e0 pari o maggiore a 18 anni iscritti al terzo anno per il conseguimento della qualifica, al quarto anno di Diploma professionale quadriennale o al quarto e quinto anno IPSIA o neodiplomati (partenza entro i 12 mesi dal diploma)<\/p>\n\n\n\n<p>I ragazzi per candidarsi dovevano:<\/p>\n\n\n\n<ul class=\"wp-block-list\"><li>Leggere il bando <\/li><li>Preparare il cv in inglese e una scansione del documento d&#8217;identit\u00e0 + tesserino sanitario<\/li><li>Preparare un breve video in inglese durante il quale dovranno rispondere alla domanda: perch\u00e9 vuoi partecipare al progetto e che mansioni vorresti svolgere nella tua azienda all&#8217;estero?<\/li><li>Compilare l&#8217;Application Form online<\/li><\/ul>\n\n\n\n<h5 class=\"wp-block-heading\">Quali sono state le attivit\u00e0 svolte?<\/h5>\n\n\n\n<p>Alcune delle attivit\u00e0 svolte dai ragazzi sono state:<\/p>\n\n\n\n<ul class=\"wp-block-list\"><li>Briefing presso l&#8217;ente locale, coordinatore del progetto.<\/li><li>Preparazione culturale e linguistica<\/li><li>CV e Workshop<\/li><li>Simulazione di colloquio con le aziende<\/li><li>Visita alla citt\u00e0 e al museo della liberazione nazionale <\/li><\/ul>\n\n\n\n<figure class=\"wp-block-gallery has-nested-images columns-default is-cropped wp-block-gallery-2 is-layout-flex wp-block-gallery-is-layout-flex\">\n<figure class=\"wp-block-image size-full\"><img loading=\"lazy\" decoding=\"async\" width=\"1000\" height=\"667\" data-id=\"17001\" src=\"https:\/\/www.abf.eu\/treviglio\/wp-content\/uploads\/sites\/8\/2022\/02\/progetto-erasmus-treviglio.jpg\" alt=\"progetto erasmus\" class=\"wp-image-17001\" srcset=\"https:\/\/www.abf.eu\/treviglio\/wp-content\/uploads\/sites\/8\/2022\/02\/progetto-erasmus-treviglio.jpg 1000w, https:\/\/www.abf.eu\/treviglio\/wp-content\/uploads\/sites\/8\/2022\/02\/progetto-erasmus-treviglio-300x200.jpg 300w, https:\/\/www.abf.eu\/treviglio\/wp-content\/uploads\/sites\/8\/2022\/02\/progetto-erasmus-treviglio-768x512.jpg 768w, https:\/\/www.abf.eu\/treviglio\/wp-content\/uploads\/sites\/8\/2022\/02\/progetto-erasmus-treviglio-600x400.jpg 600w\" sizes=\"auto, (max-width: 1000px) 100vw, 1000px\" \/><\/figure>\n\n\n\n<figure class=\"wp-block-image size-full\"><img loading=\"lazy\" decoding=\"async\" width=\"1000\" height=\"667\" data-id=\"16988\" src=\"https:\/\/www.abf.eu\/treviglio\/wp-content\/uploads\/sites\/8\/2022\/02\/progetto-erasmus-abf-treviglio.jpg\" alt=\"studenti abf treviglio in erasmus\" class=\"wp-image-16988\" srcset=\"https:\/\/www.abf.eu\/treviglio\/wp-content\/uploads\/sites\/8\/2022\/02\/progetto-erasmus-abf-treviglio.jpg 1000w, https:\/\/www.abf.eu\/treviglio\/wp-content\/uploads\/sites\/8\/2022\/02\/progetto-erasmus-abf-treviglio-300x200.jpg 300w, https:\/\/www.abf.eu\/treviglio\/wp-content\/uploads\/sites\/8\/2022\/02\/progetto-erasmus-abf-treviglio-768x512.jpg 768w, https:\/\/www.abf.eu\/treviglio\/wp-content\/uploads\/sites\/8\/2022\/02\/progetto-erasmus-abf-treviglio-600x400.jpg 600w\" sizes=\"auto, (max-width: 1000px) 100vw, 1000px\" \/><\/figure>\n\n\n\n<figure class=\"wp-block-image size-full\"><img loading=\"lazy\" decoding=\"async\" width=\"1000\" height=\"667\" data-id=\"16903\" src=\"https:\/\/www.abf.eu\/treviglio\/wp-content\/uploads\/sites\/8\/2022\/02\/progetto-erasmus-1.jpg\" alt=\"erasmus\" class=\"wp-image-16903\" srcset=\"https:\/\/www.abf.eu\/treviglio\/wp-content\/uploads\/sites\/8\/2022\/02\/progetto-erasmus-1.jpg 1000w, https:\/\/www.abf.eu\/treviglio\/wp-content\/uploads\/sites\/8\/2022\/02\/progetto-erasmus-1-300x200.jpg 300w, https:\/\/www.abf.eu\/treviglio\/wp-content\/uploads\/sites\/8\/2022\/02\/progetto-erasmus-1-768x512.jpg 768w, https:\/\/www.abf.eu\/treviglio\/wp-content\/uploads\/sites\/8\/2022\/02\/progetto-erasmus-1-600x400.jpg 600w\" sizes=\"auto, (max-width: 1000px) 100vw, 1000px\" \/><\/figure>\n\n\n\n<figure class=\"wp-block-image size-full\"><img loading=\"lazy\" decoding=\"async\" width=\"667\" height=\"1000\" data-id=\"16933\" src=\"https:\/\/www.abf.eu\/treviglio\/wp-content\/uploads\/sites\/8\/2022\/02\/erasmus-abf-treviglio.jpg\" alt=\"erasmus abf treviglio\" class=\"wp-image-16933\" srcset=\"https:\/\/www.abf.eu\/treviglio\/wp-content\/uploads\/sites\/8\/2022\/02\/erasmus-abf-treviglio.jpg 667w, https:\/\/www.abf.eu\/treviglio\/wp-content\/uploads\/sites\/8\/2022\/02\/erasmus-abf-treviglio-200x300.jpg 200w, https:\/\/www.abf.eu\/treviglio\/wp-content\/uploads\/sites\/8\/2022\/02\/erasmus-abf-treviglio-267x400.jpg 267w\" sizes=\"auto, (max-width: 667px) 100vw, 667px\" \/><\/figure>\n\n\n\n<figure class=\"wp-block-image size-full\"><img loading=\"lazy\" decoding=\"async\" width=\"1000\" height=\"667\" data-id=\"16937\" src=\"https:\/\/www.abf.eu\/treviglio\/wp-content\/uploads\/sites\/8\/2022\/02\/abf-treviglio-erasmus.jpg\" alt=\"studenti con il progetto\" class=\"wp-image-16937\" srcset=\"https:\/\/www.abf.eu\/treviglio\/wp-content\/uploads\/sites\/8\/2022\/02\/abf-treviglio-erasmus.jpg 1000w, https:\/\/www.abf.eu\/treviglio\/wp-content\/uploads\/sites\/8\/2022\/02\/abf-treviglio-erasmus-300x200.jpg 300w, https:\/\/www.abf.eu\/treviglio\/wp-content\/uploads\/sites\/8\/2022\/02\/abf-treviglio-erasmus-768x512.jpg 768w, https:\/\/www.abf.eu\/treviglio\/wp-content\/uploads\/sites\/8\/2022\/02\/abf-treviglio-erasmus-600x400.jpg 600w\" sizes=\"auto, (max-width: 1000px) 100vw, 1000px\" \/><\/figure>\n<\/figure>\n\n\n\n<p>Le ragazze hanno avuto inoltre modo di sperimentare in una realt\u00e0 aziendale di Maribor (diversa da quella del Laboratorio scolastico) la produzione di alcuni dolci vegan.<\/p>\n\n\n\n<figure class=\"wp-block-gallery has-nested-images columns-default is-cropped wp-block-gallery-3 is-layout-flex wp-block-gallery-is-layout-flex\">\n<figure class=\"wp-block-image size-full\"><img loading=\"lazy\" decoding=\"async\" width=\"667\" height=\"1000\" data-id=\"16865\" src=\"https:\/\/www.abf.eu\/treviglio\/wp-content\/uploads\/sites\/8\/2022\/02\/progetto-erasmsus.jpg\" alt=\"immagine erasmus\" class=\"wp-image-16865\" srcset=\"https:\/\/www.abf.eu\/treviglio\/wp-content\/uploads\/sites\/8\/2022\/02\/progetto-erasmsus.jpg 667w, https:\/\/www.abf.eu\/treviglio\/wp-content\/uploads\/sites\/8\/2022\/02\/progetto-erasmsus-200x300.jpg 200w, https:\/\/www.abf.eu\/treviglio\/wp-content\/uploads\/sites\/8\/2022\/02\/progetto-erasmsus-267x400.jpg 267w\" sizes=\"auto, (max-width: 667px) 100vw, 667px\" \/><\/figure>\n\n\n\n<figure class=\"wp-block-image size-full\"><img loading=\"lazy\" decoding=\"async\" width=\"667\" height=\"1000\" data-id=\"16659\" src=\"https:\/\/www.abf.eu\/treviglio\/wp-content\/uploads\/sites\/8\/2022\/02\/progetto-erasmus.jpg\" alt=\"torta realizzata dal progetto erasmus+\" class=\"wp-image-16659\" srcset=\"https:\/\/www.abf.eu\/treviglio\/wp-content\/uploads\/sites\/8\/2022\/02\/progetto-erasmus.jpg 667w, https:\/\/www.abf.eu\/treviglio\/wp-content\/uploads\/sites\/8\/2022\/02\/progetto-erasmus-200x300.jpg 200w, https:\/\/www.abf.eu\/treviglio\/wp-content\/uploads\/sites\/8\/2022\/02\/progetto-erasmus-267x400.jpg 267w\" sizes=\"auto, (max-width: 667px) 100vw, 667px\" \/><\/figure>\n\n\n\n<figure class=\"wp-block-image size-full\"><img loading=\"lazy\" decoding=\"async\" width=\"667\" height=\"1000\" data-id=\"16668\" src=\"https:\/\/www.abf.eu\/treviglio\/wp-content\/uploads\/sites\/8\/2022\/02\/Erasmus-1.jpg\" alt=\"torta realizzata dai ragazzi erasmus+\" class=\"wp-image-16668\" srcset=\"https:\/\/www.abf.eu\/treviglio\/wp-content\/uploads\/sites\/8\/2022\/02\/Erasmus-1.jpg 667w, https:\/\/www.abf.eu\/treviglio\/wp-content\/uploads\/sites\/8\/2022\/02\/Erasmus-1-200x300.jpg 200w, https:\/\/www.abf.eu\/treviglio\/wp-content\/uploads\/sites\/8\/2022\/02\/Erasmus-1-267x400.jpg 267w\" sizes=\"auto, (max-width: 667px) 100vw, 667px\" \/><\/figure>\n\n\n\n<figure class=\"wp-block-image size-full\"><img loading=\"lazy\" decoding=\"async\" width=\"667\" height=\"1000\" data-id=\"16662\" src=\"https:\/\/www.abf.eu\/treviglio\/wp-content\/uploads\/sites\/8\/2022\/02\/erasmus.jpg\" alt=\"Torta realizzata dai studenti in erasmus+\" class=\"wp-image-16662\" srcset=\"https:\/\/www.abf.eu\/treviglio\/wp-content\/uploads\/sites\/8\/2022\/02\/erasmus.jpg 667w, https:\/\/www.abf.eu\/treviglio\/wp-content\/uploads\/sites\/8\/2022\/02\/erasmus-200x300.jpg 200w, https:\/\/www.abf.eu\/treviglio\/wp-content\/uploads\/sites\/8\/2022\/02\/erasmus-267x400.jpg 267w\" sizes=\"auto, (max-width: 667px) 100vw, 667px\" \/><\/figure>\n<\/figure>\n\n\n\n<h5 class=\"wp-block-heading\">.. E le ragazze, come stanno vivendo questo progetto?<\/h5>\n\n\n\n<p>&#8220;<em>C&#8217;\u00e8 stata qualche difficolt\u00e0 all&#8217;inizio con lo sloveno, i ragazzi che vivono l\u00ec non sono abituati a incontrare turisti in citt\u00e0. Una uova esperienza, ci stiamo abituando!<\/em>&#8221; <strong>Maimona<\/strong><\/p>\n\n\n\n<p>&#8220;<em>E&#8217; un&#8217;esperienza che mi sta dando l&#8217;occasione di imparare cose mai fatte prima. Ottima opportunit\u00e0!<\/em>&#8221; <strong>Khady<\/strong><\/p>\n\n\n\n<h5 class=\"wp-block-heading\">Come sta andando l&#8217;esperienza? <\/h5>\n\n\n\n<p>Le ragazze partire ormai 23 Gennaio 2022, faranno ritorno in Italia il 09 Marzo e non vediamo l&#8217;ora di farci raccontare come si \u00e8 conclusa questa bellissima esperienza.<\/p>\n","protected":false},"excerpt":{"rendered":"<p>Progetto Erasmus+: il valore della formazione all&#8217;estero ABF ha partecipato<\/p>\n","protected":false},"author":33,"featured_media":16434,"comment_status":"open","ping_status":"open","sticky":false,"template":"","format":"standard","meta":{"footnotes":""},"categories":[1],"tags":[],"class_list":["post-16432","post","type-post","status-publish","format-standard","has-post-thumbnail","hentry","category-senza-categoria"],"yoast_head":"<!-- This site is optimized with the Yoast SEO plugin v25.8 - https:\/\/yoast.com\/wordpress\/plugins\/seo\/ -->\n<title>Progetto Erasmus+ - ABF Treviglio<\/title>\n<meta name=\"description\" content=\"Alcuni ragazzi e ragazze di Abf Treviglio, hanno partecipato al progetto Erasmus+ presso la citt\u00e0 di Maribor.\" \/>\n<meta name=\"robots\" content=\"index, follow, max-snippet:-1, max-image-preview:large, max-video-preview:-1\" \/>\n<link rel=\"canonical\" href=\"https:\/\/www.abf.eu\/treviglio\/progetto-erasmus\/\" \/>\n<meta property=\"og:locale\" content=\"it_IT\" \/>\n<meta property=\"og:type\" content=\"article\" \/>\n<meta property=\"og:title\" content=\"Progetto Erasmus+ - ABF Treviglio\" \/>\n<meta property=\"og:description\" content=\"Alcuni ragazzi e ragazze di Abf Treviglio, hanno partecipato al progetto Erasmus+ presso la citt\u00e0 di Maribor.\" \/>\n<meta property=\"og:url\" content=\"https:\/\/www.abf.eu\/treviglio\/progetto-erasmus\/\" \/>\n<meta property=\"og:site_name\" content=\"Treviglio\" \/>\n<meta property=\"article:published_time\" content=\"2022-02-17T12:13:57+00:00\" \/>\n<meta property=\"article:modified_time\" content=\"2022-04-20T08:35:09+00:00\" \/>\n<meta property=\"og:image\" content=\"https:\/\/www.abf.eu\/treviglio\/wp-content\/uploads\/sites\/8\/2022\/02\/654176fb-fca5-4dab-a611-9072b05ffbbb.jpeg\" \/>\n\t<meta property=\"og:image:width\" content=\"2048\" \/>\n\t<meta property=\"og:image:height\" content=\"1536\" \/>\n\t<meta property=\"og:image:type\" content=\"image\/jpeg\" \/>\n<meta name=\"author\" content=\"letiziacolombo\" \/>\n<meta name=\"twitter:card\" content=\"summary_large_image\" \/>\n<meta name=\"twitter:label1\" content=\"Scritto da\" \/>\n\t<meta name=\"twitter:data1\" content=\"letiziacolombo\" \/>\n\t<meta name=\"twitter:label2\" content=\"Tempo di lettura stimato\" \/>\n\t<meta name=\"twitter:data2\" content=\"6 minuti\" \/>\n<script type=\"application\/ld+json\" class=\"yoast-schema-graph\">{\"@context\":\"https:\/\/schema.org\",\"@graph\":[{\"@type\":\"WebPage\",\"@id\":\"https:\/\/www.abf.eu\/treviglio\/progetto-erasmus\/\",\"url\":\"https:\/\/www.abf.eu\/treviglio\/progetto-erasmus\/\",\"name\":\"Progetto Erasmus+ - ABF Treviglio\",\"isPartOf\":{\"@id\":\"https:\/\/www.abf.eu\/treviglio\/#website\"},\"primaryImageOfPage\":{\"@id\":\"https:\/\/www.abf.eu\/treviglio\/progetto-erasmus\/#primaryimage\"},\"image\":{\"@id\":\"https:\/\/www.abf.eu\/treviglio\/progetto-erasmus\/#primaryimage\"},\"thumbnailUrl\":\"https:\/\/www.abf.eu\/treviglio\/wp-content\/uploads\/sites\/8\/2022\/02\/654176fb-fca5-4dab-a611-9072b05ffbbb.jpeg\",\"datePublished\":\"2022-02-17T12:13:57+00:00\",\"dateModified\":\"2022-04-20T08:35:09+00:00\",\"author\":{\"@id\":\"https:\/\/www.abf.eu\/treviglio\/#\/schema\/person\/69fd6c114add1a9500757c8cfee22339\"},\"description\":\"Alcuni ragazzi e ragazze di Abf Treviglio, hanno partecipato al progetto Erasmus+ presso la citt\u00e0 di Maribor.\",\"breadcrumb\":{\"@id\":\"https:\/\/www.abf.eu\/treviglio\/progetto-erasmus\/#breadcrumb\"},\"inLanguage\":\"it-IT\",\"potentialAction\":[{\"@type\":\"ReadAction\",\"target\":[\"https:\/\/www.abf.eu\/treviglio\/progetto-erasmus\/\"]}]},{\"@type\":\"ImageObject\",\"inLanguage\":\"it-IT\",\"@id\":\"https:\/\/www.abf.eu\/treviglio\/progetto-erasmus\/#primaryimage\",\"url\":\"https:\/\/www.abf.eu\/treviglio\/wp-content\/uploads\/sites\/8\/2022\/02\/654176fb-fca5-4dab-a611-9072b05ffbbb.jpeg\",\"contentUrl\":\"https:\/\/www.abf.eu\/treviglio\/wp-content\/uploads\/sites\/8\/2022\/02\/654176fb-fca5-4dab-a611-9072b05ffbbb.jpeg\",\"width\":2048,\"height\":1536},{\"@type\":\"BreadcrumbList\",\"@id\":\"https:\/\/www.abf.eu\/treviglio\/progetto-erasmus\/#breadcrumb\",\"itemListElement\":[{\"@type\":\"ListItem\",\"position\":1,\"name\":\"Home\",\"item\":\"https:\/\/www.abf.eu\/treviglio\/\"},{\"@type\":\"ListItem\",\"position\":2,\"name\":\"Progetto Erasmus+\"}]},{\"@type\":\"WebSite\",\"@id\":\"https:\/\/www.abf.eu\/treviglio\/#website\",\"url\":\"https:\/\/www.abf.eu\/treviglio\/\",\"name\":\"Treviglio\",\"description\":\"Ecco un altro sito Abf siti\",\"potentialAction\":[{\"@type\":\"SearchAction\",\"target\":{\"@type\":\"EntryPoint\",\"urlTemplate\":\"https:\/\/www.abf.eu\/treviglio\/?s={search_term_string}\"},\"query-input\":{\"@type\":\"PropertyValueSpecification\",\"valueRequired\":true,\"valueName\":\"search_term_string\"}}],\"inLanguage\":\"it-IT\"},{\"@type\":\"Person\",\"@id\":\"https:\/\/www.abf.eu\/treviglio\/#\/schema\/person\/69fd6c114add1a9500757c8cfee22339\",\"name\":\"letiziacolombo\",\"image\":{\"@type\":\"ImageObject\",\"inLanguage\":\"it-IT\",\"@id\":\"https:\/\/www.abf.eu\/treviglio\/#\/schema\/person\/image\/\",\"url\":\"https:\/\/secure.gravatar.com\/avatar\/edee433216db16c4c85310265fba1054ac859ffc9ae5173209d23e78e8c2e552?s=96&d=mm&r=g\",\"contentUrl\":\"https:\/\/secure.gravatar.com\/avatar\/edee433216db16c4c85310265fba1054ac859ffc9ae5173209d23e78e8c2e552?s=96&d=mm&r=g\",\"caption\":\"letiziacolombo\"},\"url\":\"https:\/\/www.abf.eu\/treviglio\/author\/letiziacolombo\/\"}]}<\/script>\n<!-- \/ Yoast SEO plugin. -->","yoast_head_json":{"title":"Progetto Erasmus+ - ABF Treviglio","description":"Alcuni ragazzi e ragazze di Abf Treviglio, hanno partecipato al progetto Erasmus+ presso la citt\u00e0 di Maribor.","robots":{"index":"index","follow":"follow","max-snippet":"max-snippet:-1","max-image-preview":"max-image-preview:large","max-video-preview":"max-video-preview:-1"},"canonical":"https:\/\/www.abf.eu\/treviglio\/progetto-erasmus\/","og_locale":"it_IT","og_type":"article","og_title":"Progetto Erasmus+ - ABF Treviglio","og_description":"Alcuni ragazzi e ragazze di Abf Treviglio, hanno partecipato al progetto Erasmus+ presso la citt\u00e0 di Maribor.","og_url":"https:\/\/www.abf.eu\/treviglio\/progetto-erasmus\/","og_site_name":"Treviglio","article_published_time":"2022-02-17T12:13:57+00:00","article_modified_time":"2022-04-20T08:35:09+00:00","og_image":[{"width":2048,"height":1536,"url":"https:\/\/www.abf.eu\/treviglio\/wp-content\/uploads\/sites\/8\/2022\/02\/654176fb-fca5-4dab-a611-9072b05ffbbb.jpeg","type":"image\/jpeg"}],"author":"letiziacolombo","twitter_card":"summary_large_image","twitter_misc":{"Scritto da":"letiziacolombo","Tempo di lettura stimato":"6 minuti"},"schema":{"@context":"https:\/\/schema.org","@graph":[{"@type":"WebPage","@id":"https:\/\/www.abf.eu\/treviglio\/progetto-erasmus\/","url":"https:\/\/www.abf.eu\/treviglio\/progetto-erasmus\/","name":"Progetto Erasmus+ - ABF Treviglio","isPartOf":{"@id":"https:\/\/www.abf.eu\/treviglio\/#website"},"primaryImageOfPage":{"@id":"https:\/\/www.abf.eu\/treviglio\/progetto-erasmus\/#primaryimage"},"image":{"@id":"https:\/\/www.abf.eu\/treviglio\/progetto-erasmus\/#primaryimage"},"thumbnailUrl":"https:\/\/www.abf.eu\/treviglio\/wp-content\/uploads\/sites\/8\/2022\/02\/654176fb-fca5-4dab-a611-9072b05ffbbb.jpeg","datePublished":"2022-02-17T12:13:57+00:00","dateModified":"2022-04-20T08:35:09+00:00","author":{"@id":"https:\/\/www.abf.eu\/treviglio\/#\/schema\/person\/69fd6c114add1a9500757c8cfee22339"},"description":"Alcuni ragazzi e ragazze di Abf Treviglio, hanno partecipato al progetto Erasmus+ presso la citt\u00e0 di Maribor.","breadcrumb":{"@id":"https:\/\/www.abf.eu\/treviglio\/progetto-erasmus\/#breadcrumb"},"inLanguage":"it-IT","potentialAction":[{"@type":"ReadAction","target":["https:\/\/www.abf.eu\/treviglio\/progetto-erasmus\/"]}]},{"@type":"ImageObject","inLanguage":"it-IT","@id":"https:\/\/www.abf.eu\/treviglio\/progetto-erasmus\/#primaryimage","url":"https:\/\/www.abf.eu\/treviglio\/wp-content\/uploads\/sites\/8\/2022\/02\/654176fb-fca5-4dab-a611-9072b05ffbbb.jpeg","contentUrl":"https:\/\/www.abf.eu\/treviglio\/wp-content\/uploads\/sites\/8\/2022\/02\/654176fb-fca5-4dab-a611-9072b05ffbbb.jpeg","width":2048,"height":1536},{"@type":"BreadcrumbList","@id":"https:\/\/www.abf.eu\/treviglio\/progetto-erasmus\/#breadcrumb","itemListElement":[{"@type":"ListItem","position":1,"name":"Home","item":"https:\/\/www.abf.eu\/treviglio\/"},{"@type":"ListItem","position":2,"name":"Progetto Erasmus+"}]},{"@type":"WebSite","@id":"https:\/\/www.abf.eu\/treviglio\/#website","url":"https:\/\/www.abf.eu\/treviglio\/","name":"Treviglio","description":"Ecco un altro sito Abf siti","potentialAction":[{"@type":"SearchAction","target":{"@type":"EntryPoint","urlTemplate":"https:\/\/www.abf.eu\/treviglio\/?s={search_term_string}"},"query-input":{"@type":"PropertyValueSpecification","valueRequired":true,"valueName":"search_term_string"}}],"inLanguage":"it-IT"},{"@type":"Person","@id":"https:\/\/www.abf.eu\/treviglio\/#\/schema\/person\/69fd6c114add1a9500757c8cfee22339","name":"letiziacolombo","image":{"@type":"ImageObject","inLanguage":"it-IT","@id":"https:\/\/www.abf.eu\/treviglio\/#\/schema\/person\/image\/","url":"https:\/\/secure.gravatar.com\/avatar\/edee433216db16c4c85310265fba1054ac859ffc9ae5173209d23e78e8c2e552?s=96&d=mm&r=g","contentUrl":"https:\/\/secure.gravatar.com\/avatar\/edee433216db16c4c85310265fba1054ac859ffc9ae5173209d23e78e8c2e552?s=96&d=mm&r=g","caption":"letiziacolombo"},"url":"https:\/\/www.abf.eu\/treviglio\/author\/letiziacolombo\/"}]}},"_links":{"self":[{"href":"https:\/\/www.abf.eu\/treviglio\/wp-json\/wp\/v2\/posts\/16432","targetHints":{"allow":["GET"]}}],"collection":[{"href":"https:\/\/www.abf.eu\/treviglio\/wp-json\/wp\/v2\/posts"}],"about":[{"href":"https:\/\/www.abf.eu\/treviglio\/wp-json\/wp\/v2\/types\/post"}],"author":[{"embeddable":true,"href":"https:\/\/www.abf.eu\/treviglio\/wp-json\/wp\/v2\/users\/33"}],"replies":[{"embeddable":true,"href":"https:\/\/www.abf.eu\/treviglio\/wp-json\/wp\/v2\/comments?post=16432"}],"version-history":[{"count":19,"href":"https:\/\/www.abf.eu\/treviglio\/wp-json\/wp\/v2\/posts\/16432\/revisions"}],"predecessor-version":[{"id":17002,"href":"https:\/\/www.abf.eu\/treviglio\/wp-json\/wp\/v2\/posts\/16432\/revisions\/17002"}],"wp:featuredmedia":[{"embeddable":true,"href":"https:\/\/www.abf.eu\/treviglio\/wp-json\/wp\/v2\/media\/16434"}],"wp:attachment":[{"href":"https:\/\/www.abf.eu\/treviglio\/wp-json\/wp\/v2\/media?parent=16432"}],"wp:term":[{"taxonomy":"category","embeddable":true,"href":"https:\/\/www.abf.eu\/treviglio\/wp-json\/wp\/v2\/categories?post=16432"},{"taxonomy":"post_tag","embeddable":true,"href":"https:\/\/www.abf.eu\/treviglio\/wp-json\/wp\/v2\/tags?post=16432"}],"curies":[{"name":"wp","href":"https:\/\/api.w.org\/{rel}","templated":true}]}}