{"id":16476,"date":"2022-03-03T16:32:24","date_gmt":"2022-03-03T15:32:24","guid":{"rendered":"https:\/\/www.abf.eu\/treviglio\/?p=16476"},"modified":"2022-03-03T16:43:36","modified_gmt":"2022-03-03T15:43:36","slug":"un-intervento-contro-ogni-discriminazione","status":"publish","type":"post","link":"https:\/\/www.abf.eu\/treviglio\/un-intervento-contro-ogni-discriminazione\/","title":{"rendered":"Un&#8217;intervento contro ogni discriminazione"},"content":{"rendered":"\n<h5 class=\"wp-block-heading\">Affinch\u00e8 ciascuno di noi ogni giorno sia sensibile al tema e lotti contro ogni forma di discriminazione<\/h5>\n\n\n\n<p><\/p>\n\n\n\n<blockquote class=\"wp-block-quote is-layout-flow wp-block-quote-is-layout-flow\"><p><em>\u201cIl Bullismo \u00e8 come una spina,<\/em><\/p><p><em>all\u2019inizio non ci fai caso perch\u00e9 non ti fa male.&nbsp;<\/em><\/p><p><em>Pi\u00f9 passa il tempo, pi\u00f9 la spina entra e il dolore aumenta e, in questo caso,<\/em><\/p><p><em>&nbsp;cerchi di rimediare.&nbsp;<\/em><\/p><p><em>Alla fine la spina comincia a fare infezione<\/em><\/p><p><em>e l\u2019infezione sono altre persone che ti umiliano.&nbsp;<\/em><\/p><p><em>E per molte persone questa \u00e8 l\u2019ultima parte,&nbsp;<\/em><\/p><p><em>ma fortunatamente per altre \u00e8 la fine di un primo capitolo&nbsp;<\/em><\/p><p><em>e l\u2019inizio di una nuova vita, dove ripartire pi\u00f9 forte\u201d<\/em><\/p><p><em>(Gianluca)<\/em><\/p><\/blockquote>\n\n\n\n<p>Il giorno 18 Febbraio, presso la nostra Sede, si \u00e8 tenuto un incontro sul tema della discriminazione (in ogni sua sfaccettatura) da parte dell\u2019associazione LGBTI italiana ARCIGAY Bergamo. L&#8217;intervento \u00e8 stato rivolto ai ragazzi e alle ragazze delle classi 3^Abis, 4^Abis e 1^B.<\/p>\n\n\n\n<h5 class=\"wp-block-heading\">Cosa fa l&#8217;associazione e quale \u00e8 stato lo scopo dell&#8217;incontro?<\/h5>\n\n\n\n<p>L\u2019associazione ARCIGAY \u00e8\u00a0la principale associazione senza scopo di lucro nonch\u00e9 la pi\u00f9 grande per numero di volontar* e attivist* su tutto il territorio nazionale. Si tratta infatti di un\u2019associazione di promozione sociale (APS) che dal 1985 si batte per la parit\u00e0 dei diritti, l\u2019autodeterminazione, il superamento di stereotipi e pregiudizi nei confronti delle persone LGBTI, e contro ogni forma di discriminazione. Essa opera su tutto il territorio nazionale attraverso i suoi 71 comitati territoriali e associazioni aderenti.\u00a0<\/p>\n\n\n\n<p><font style=\"vertical-align: inherit\"><font style=\"vertical-align: inherit\">L\u2019ABF ha voluto organizzare questo incontro per sensibilizzare i nostri ragazzi contro il bullismo e la violenza ingiustificata che purtroppo \u00e8 ancora molto presente nella nostra societ\u00e0 non solo in forma generalizzata, ma soprattutto verso le persone appartenenti alla comunit\u00e0 LGBTI.<\/font><\/font> <font style=\"vertical-align: inherit\"><font style=\"vertical-align: inherit\">Il messaggio che volevano trasmettere \u00e8 l\u2019importanza di una forte empatia e inclusivit\u00e0, sviluppando competenze emotive.&nbsp;<\/font><\/font><\/p>\n\n\n\n<h5 class=\"wp-block-heading\">Quale \u00e8 stato l\u2019obbiettivo dell&#8217;intervento?<\/h5>\n\n\n\n<p>Durante l\u2019intervento del presidente Arlati Marco e del responsabile del gruppo giovani Gabriel Dorigan, sono stati affrontati molteplici argomenti con lo scopo di promuovere e tutelare il diritto all\u2019uguaglianza tra ogni persona sia essa gay, bisessuale, lesbica, transessuale o eterosessuale. Il loro intervento infatti vuole sensibilizzare le persone ai principi e alle relazioni di solidariet\u00e0, a lottare contro ogni forma di violenza e discriminazione dei diritti umani, civili e di cittadinanza delle persone gay, lesbiche, bisessuali e trans. <\/p>\n\n\n\n<h5 class=\"wp-block-heading\">I temi affrontati<\/h5>\n\n\n\n<p>Gli argomenti su cui l\u2019incontro si sono voluti soffermare sono:&nbsp;<\/p>\n\n\n\n<ul class=\"wp-block-list\"><li>Le differenze tra i concetti di: sesso biologico, identit\u00e0 di genere, espressione del proprio genere, orientamento sessuale, pratiche e relazioni;&nbsp;<\/li><li>Le sfaccettature che intercorrono tra i due estremi dei concetti;<\/li><li>Il coming out e l\u2019outing;&nbsp;<\/li><li>Il Bullismo OMO-BI-TRANSfobico<\/li><li>Come comportarsi quando assistiamo a quest\u2019ultimo.<\/li><\/ul>\n\n\n\n<h5 class=\"wp-block-heading\">Qual \u00e8 l&#8217;obiettivo dell\u2019associazione?&nbsp;<\/h5>\n\n\n\n<p>L&#8217;obiettivo dell\u2019associazione Arcigay Cives \u00e8 quello di favorire una societ\u00e0 laica e democratica in cui le libert\u00e0 individuali e i diritti umani e civili siano riconosciuti, promossi e garantiti senza alcun tipo di discriminazione.&nbsp;La loro mission quindi (ma anche quella di ciascuno di noi), deve essere quella di promuovere la personalit\u00e0 di ogni individuo affinch\u00e9 ciascuno possa realizzarsi in un contesto di pace e di sereno rapporto con l\u2019ambiente sociale e naturale.<\/p>\n","protected":false},"excerpt":{"rendered":"<p>Affinch\u00e8 ciascuno di noi ogni giorno sia sensibile al tema<\/p>\n","protected":false},"author":33,"featured_media":16483,"comment_status":"open","ping_status":"open","sticky":false,"template":"","format":"standard","meta":{"footnotes":""},"categories":[1],"tags":[],"class_list":["post-16476","post","type-post","status-publish","format-standard","has-post-thumbnail","hentry","category-senza-categoria"],"yoast_head":"<!-- This site is optimized with the Yoast SEO plugin v25.8 - https:\/\/yoast.com\/wordpress\/plugins\/seo\/ -->\n<title>Un&#039;intervento contro ogni discriminazione - ABF Treviglio<\/title>\n<meta name=\"description\" content=\"Il18 Febbraio si \u00e8 tenuto un&#039;intervento da parte di ARCIGAY Bergamo per sensibilizzare i nostri studenti al tema della discriminazione.\" \/>\n<meta name=\"robots\" content=\"index, follow, max-snippet:-1, max-image-preview:large, max-video-preview:-1\" \/>\n<link rel=\"canonical\" href=\"https:\/\/www.abf.eu\/treviglio\/un-intervento-contro-ogni-discriminazione\/\" \/>\n<meta property=\"og:locale\" content=\"it_IT\" \/>\n<meta property=\"og:type\" content=\"article\" \/>\n<meta property=\"og:title\" content=\"Un&#039;intervento contro ogni discriminazione - ABF Treviglio\" \/>\n<meta property=\"og:description\" content=\"Il18 Febbraio si \u00e8 tenuto un&#039;intervento da parte di ARCIGAY Bergamo per sensibilizzare i nostri studenti al tema della discriminazione.\" \/>\n<meta property=\"og:url\" content=\"https:\/\/www.abf.eu\/treviglio\/un-intervento-contro-ogni-discriminazione\/\" \/>\n<meta property=\"og:site_name\" content=\"Treviglio\" \/>\n<meta property=\"article:published_time\" content=\"2022-03-03T15:32:24+00:00\" \/>\n<meta property=\"article:modified_time\" content=\"2022-03-03T15:43:36+00:00\" \/>\n<meta property=\"og:image\" content=\"https:\/\/www.abf.eu\/treviglio\/wp-content\/uploads\/sites\/8\/2022\/03\/discriminazione-1.jpg\" \/>\n\t<meta property=\"og:image:width\" content=\"808\" \/>\n\t<meta property=\"og:image:height\" content=\"675\" \/>\n\t<meta property=\"og:image:type\" content=\"image\/jpeg\" \/>\n<meta name=\"author\" content=\"letiziacolombo\" \/>\n<meta name=\"twitter:card\" content=\"summary_large_image\" \/>\n<meta name=\"twitter:label1\" content=\"Scritto da\" \/>\n\t<meta name=\"twitter:data1\" content=\"letiziacolombo\" \/>\n\t<meta name=\"twitter:label2\" content=\"Tempo di lettura stimato\" \/>\n\t<meta name=\"twitter:data2\" content=\"3 minuti\" \/>\n<script type=\"application\/ld+json\" class=\"yoast-schema-graph\">{\"@context\":\"https:\/\/schema.org\",\"@graph\":[{\"@type\":\"WebPage\",\"@id\":\"https:\/\/www.abf.eu\/treviglio\/un-intervento-contro-ogni-discriminazione\/\",\"url\":\"https:\/\/www.abf.eu\/treviglio\/un-intervento-contro-ogni-discriminazione\/\",\"name\":\"Un'intervento contro ogni discriminazione - ABF Treviglio\",\"isPartOf\":{\"@id\":\"https:\/\/www.abf.eu\/treviglio\/#website\"},\"primaryImageOfPage\":{\"@id\":\"https:\/\/www.abf.eu\/treviglio\/un-intervento-contro-ogni-discriminazione\/#primaryimage\"},\"image\":{\"@id\":\"https:\/\/www.abf.eu\/treviglio\/un-intervento-contro-ogni-discriminazione\/#primaryimage\"},\"thumbnailUrl\":\"https:\/\/www.abf.eu\/treviglio\/wp-content\/uploads\/sites\/8\/2022\/03\/discriminazione-1.jpg\",\"datePublished\":\"2022-03-03T15:32:24+00:00\",\"dateModified\":\"2022-03-03T15:43:36+00:00\",\"author\":{\"@id\":\"https:\/\/www.abf.eu\/treviglio\/#\/schema\/person\/69fd6c114add1a9500757c8cfee22339\"},\"description\":\"Il18 Febbraio si \u00e8 tenuto un'intervento da parte di ARCIGAY Bergamo per sensibilizzare i nostri studenti al tema della discriminazione.\",\"breadcrumb\":{\"@id\":\"https:\/\/www.abf.eu\/treviglio\/un-intervento-contro-ogni-discriminazione\/#breadcrumb\"},\"inLanguage\":\"it-IT\",\"potentialAction\":[{\"@type\":\"ReadAction\",\"target\":[\"https:\/\/www.abf.eu\/treviglio\/un-intervento-contro-ogni-discriminazione\/\"]}]},{\"@type\":\"ImageObject\",\"inLanguage\":\"it-IT\",\"@id\":\"https:\/\/www.abf.eu\/treviglio\/un-intervento-contro-ogni-discriminazione\/#primaryimage\",\"url\":\"https:\/\/www.abf.eu\/treviglio\/wp-content\/uploads\/sites\/8\/2022\/03\/discriminazione-1.jpg\",\"contentUrl\":\"https:\/\/www.abf.eu\/treviglio\/wp-content\/uploads\/sites\/8\/2022\/03\/discriminazione-1.jpg\",\"width\":808,\"height\":675},{\"@type\":\"BreadcrumbList\",\"@id\":\"https:\/\/www.abf.eu\/treviglio\/un-intervento-contro-ogni-discriminazione\/#breadcrumb\",\"itemListElement\":[{\"@type\":\"ListItem\",\"position\":1,\"name\":\"Home\",\"item\":\"https:\/\/www.abf.eu\/treviglio\/\"},{\"@type\":\"ListItem\",\"position\":2,\"name\":\"Un&#8217;intervento contro ogni discriminazione\"}]},{\"@type\":\"WebSite\",\"@id\":\"https:\/\/www.abf.eu\/treviglio\/#website\",\"url\":\"https:\/\/www.abf.eu\/treviglio\/\",\"name\":\"Treviglio\",\"description\":\"Ecco un altro sito Abf siti\",\"potentialAction\":[{\"@type\":\"SearchAction\",\"target\":{\"@type\":\"EntryPoint\",\"urlTemplate\":\"https:\/\/www.abf.eu\/treviglio\/?s={search_term_string}\"},\"query-input\":{\"@type\":\"PropertyValueSpecification\",\"valueRequired\":true,\"valueName\":\"search_term_string\"}}],\"inLanguage\":\"it-IT\"},{\"@type\":\"Person\",\"@id\":\"https:\/\/www.abf.eu\/treviglio\/#\/schema\/person\/69fd6c114add1a9500757c8cfee22339\",\"name\":\"letiziacolombo\",\"image\":{\"@type\":\"ImageObject\",\"inLanguage\":\"it-IT\",\"@id\":\"https:\/\/www.abf.eu\/treviglio\/#\/schema\/person\/image\/\",\"url\":\"https:\/\/secure.gravatar.com\/avatar\/edee433216db16c4c85310265fba1054ac859ffc9ae5173209d23e78e8c2e552?s=96&d=mm&r=g\",\"contentUrl\":\"https:\/\/secure.gravatar.com\/avatar\/edee433216db16c4c85310265fba1054ac859ffc9ae5173209d23e78e8c2e552?s=96&d=mm&r=g\",\"caption\":\"letiziacolombo\"},\"url\":\"https:\/\/www.abf.eu\/treviglio\/author\/letiziacolombo\/\"}]}<\/script>\n<!-- \/ Yoast SEO plugin. -->","yoast_head_json":{"title":"Un'intervento contro ogni discriminazione - ABF Treviglio","description":"Il18 Febbraio si \u00e8 tenuto un'intervento da parte di ARCIGAY Bergamo per sensibilizzare i nostri studenti al tema della discriminazione.","robots":{"index":"index","follow":"follow","max-snippet":"max-snippet:-1","max-image-preview":"max-image-preview:large","max-video-preview":"max-video-preview:-1"},"canonical":"https:\/\/www.abf.eu\/treviglio\/un-intervento-contro-ogni-discriminazione\/","og_locale":"it_IT","og_type":"article","og_title":"Un'intervento contro ogni discriminazione - ABF Treviglio","og_description":"Il18 Febbraio si \u00e8 tenuto un'intervento da parte di ARCIGAY Bergamo per sensibilizzare i nostri studenti al tema della discriminazione.","og_url":"https:\/\/www.abf.eu\/treviglio\/un-intervento-contro-ogni-discriminazione\/","og_site_name":"Treviglio","article_published_time":"2022-03-03T15:32:24+00:00","article_modified_time":"2022-03-03T15:43:36+00:00","og_image":[{"width":808,"height":675,"url":"https:\/\/www.abf.eu\/treviglio\/wp-content\/uploads\/sites\/8\/2022\/03\/discriminazione-1.jpg","type":"image\/jpeg"}],"author":"letiziacolombo","twitter_card":"summary_large_image","twitter_misc":{"Scritto da":"letiziacolombo","Tempo di lettura stimato":"3 minuti"},"schema":{"@context":"https:\/\/schema.org","@graph":[{"@type":"WebPage","@id":"https:\/\/www.abf.eu\/treviglio\/un-intervento-contro-ogni-discriminazione\/","url":"https:\/\/www.abf.eu\/treviglio\/un-intervento-contro-ogni-discriminazione\/","name":"Un'intervento contro ogni discriminazione - ABF Treviglio","isPartOf":{"@id":"https:\/\/www.abf.eu\/treviglio\/#website"},"primaryImageOfPage":{"@id":"https:\/\/www.abf.eu\/treviglio\/un-intervento-contro-ogni-discriminazione\/#primaryimage"},"image":{"@id":"https:\/\/www.abf.eu\/treviglio\/un-intervento-contro-ogni-discriminazione\/#primaryimage"},"thumbnailUrl":"https:\/\/www.abf.eu\/treviglio\/wp-content\/uploads\/sites\/8\/2022\/03\/discriminazione-1.jpg","datePublished":"2022-03-03T15:32:24+00:00","dateModified":"2022-03-03T15:43:36+00:00","author":{"@id":"https:\/\/www.abf.eu\/treviglio\/#\/schema\/person\/69fd6c114add1a9500757c8cfee22339"},"description":"Il18 Febbraio si \u00e8 tenuto un'intervento da parte di ARCIGAY Bergamo per sensibilizzare i nostri studenti al tema della discriminazione.","breadcrumb":{"@id":"https:\/\/www.abf.eu\/treviglio\/un-intervento-contro-ogni-discriminazione\/#breadcrumb"},"inLanguage":"it-IT","potentialAction":[{"@type":"ReadAction","target":["https:\/\/www.abf.eu\/treviglio\/un-intervento-contro-ogni-discriminazione\/"]}]},{"@type":"ImageObject","inLanguage":"it-IT","@id":"https:\/\/www.abf.eu\/treviglio\/un-intervento-contro-ogni-discriminazione\/#primaryimage","url":"https:\/\/www.abf.eu\/treviglio\/wp-content\/uploads\/sites\/8\/2022\/03\/discriminazione-1.jpg","contentUrl":"https:\/\/www.abf.eu\/treviglio\/wp-content\/uploads\/sites\/8\/2022\/03\/discriminazione-1.jpg","width":808,"height":675},{"@type":"BreadcrumbList","@id":"https:\/\/www.abf.eu\/treviglio\/un-intervento-contro-ogni-discriminazione\/#breadcrumb","itemListElement":[{"@type":"ListItem","position":1,"name":"Home","item":"https:\/\/www.abf.eu\/treviglio\/"},{"@type":"ListItem","position":2,"name":"Un&#8217;intervento contro ogni discriminazione"}]},{"@type":"WebSite","@id":"https:\/\/www.abf.eu\/treviglio\/#website","url":"https:\/\/www.abf.eu\/treviglio\/","name":"Treviglio","description":"Ecco un altro sito Abf siti","potentialAction":[{"@type":"SearchAction","target":{"@type":"EntryPoint","urlTemplate":"https:\/\/www.abf.eu\/treviglio\/?s={search_term_string}"},"query-input":{"@type":"PropertyValueSpecification","valueRequired":true,"valueName":"search_term_string"}}],"inLanguage":"it-IT"},{"@type":"Person","@id":"https:\/\/www.abf.eu\/treviglio\/#\/schema\/person\/69fd6c114add1a9500757c8cfee22339","name":"letiziacolombo","image":{"@type":"ImageObject","inLanguage":"it-IT","@id":"https:\/\/www.abf.eu\/treviglio\/#\/schema\/person\/image\/","url":"https:\/\/secure.gravatar.com\/avatar\/edee433216db16c4c85310265fba1054ac859ffc9ae5173209d23e78e8c2e552?s=96&d=mm&r=g","contentUrl":"https:\/\/secure.gravatar.com\/avatar\/edee433216db16c4c85310265fba1054ac859ffc9ae5173209d23e78e8c2e552?s=96&d=mm&r=g","caption":"letiziacolombo"},"url":"https:\/\/www.abf.eu\/treviglio\/author\/letiziacolombo\/"}]}},"_links":{"self":[{"href":"https:\/\/www.abf.eu\/treviglio\/wp-json\/wp\/v2\/posts\/16476","targetHints":{"allow":["GET"]}}],"collection":[{"href":"https:\/\/www.abf.eu\/treviglio\/wp-json\/wp\/v2\/posts"}],"about":[{"href":"https:\/\/www.abf.eu\/treviglio\/wp-json\/wp\/v2\/types\/post"}],"author":[{"embeddable":true,"href":"https:\/\/www.abf.eu\/treviglio\/wp-json\/wp\/v2\/users\/33"}],"replies":[{"embeddable":true,"href":"https:\/\/www.abf.eu\/treviglio\/wp-json\/wp\/v2\/comments?post=16476"}],"version-history":[{"count":6,"href":"https:\/\/www.abf.eu\/treviglio\/wp-json\/wp\/v2\/posts\/16476\/revisions"}],"predecessor-version":[{"id":16546,"href":"https:\/\/www.abf.eu\/treviglio\/wp-json\/wp\/v2\/posts\/16476\/revisions\/16546"}],"wp:featuredmedia":[{"embeddable":true,"href":"https:\/\/www.abf.eu\/treviglio\/wp-json\/wp\/v2\/media\/16483"}],"wp:attachment":[{"href":"https:\/\/www.abf.eu\/treviglio\/wp-json\/wp\/v2\/media?parent=16476"}],"wp:term":[{"taxonomy":"category","embeddable":true,"href":"https:\/\/www.abf.eu\/treviglio\/wp-json\/wp\/v2\/categories?post=16476"},{"taxonomy":"post_tag","embeddable":true,"href":"https:\/\/www.abf.eu\/treviglio\/wp-json\/wp\/v2\/tags?post=16476"}],"curies":[{"name":"wp","href":"https:\/\/api.w.org\/{rel}","templated":true}]}}