{"id":16829,"date":"2022-05-09T17:25:50","date_gmt":"2022-05-09T15:25:50","guid":{"rendered":"https:\/\/www.abf.eu\/treviglio\/?p=16829"},"modified":"2022-05-09T17:25:51","modified_gmt":"2022-05-09T15:25:51","slug":"scuola-elementare-laboratori-baby-chef","status":"publish","type":"post","link":"https:\/\/www.abf.eu\/treviglio\/scuola-elementare-laboratori-baby-chef\/","title":{"rendered":"Abf sul territorio: la collaborazione con la Scuola Sacra Famiglia di Martinengo"},"content":{"rendered":"\n<h4 class=\"wp-block-heading\">\u00c8 partita da qualche mese la collaborazione con la Scuola Sacra Famiglia di Martinengo, una realt\u00e0 importante della bassa bergamasca con i suoi circa mille studenti tra nido, infanzia, primaria e secondaria di primo grado.<\/h4>\n\n\n\n<p>La prima attivit\u00e0 condivisa e giunta, da qualche giorno, al termine  \u00e8 stata quella dei <strong>Laboratori di Baby Chef<\/strong>, una proposta formativa rivolta ai bambini della scuola primaria e ai loro genitori.<\/p>\n\n\n\n<p><\/p>\n\n\n\n<h4 class=\"wp-block-heading\">Laboratori per i bambini della scuola primaria<\/h4>\n\n\n\n<p>Il mondo della cucina abbraccia tutte le et\u00e0, partendo dai pi\u00f9 piccoli fino ai pi\u00f9 grandi. Per i bambini imparare a cucinare accanto a mamma o pap\u00e0 \u00e8 un\u2019attivit\u00e0 tutta da scoprire e vivere, passo dopo passo.<\/p>\n\n\n\n<p>Abf Treviglio ha cos\u00ec proposto ai bambini della primaria 4 mini corsi per muovere i primi passi nel mondo della cucina e, soprattutto, per divertirsi insieme e trascorrere preziosi momenti in compagnia degli amici della<br>scuola e dei propri genitori (o nonni!). I mini corsi erano rivolti ai bambini e alle bambine tra i 6 e gli 11 anni, accompagnati da mamma, pap\u00e0, zia, zio, nonni, ecc. e hanno visto la partecipazione di circa 80 persone.<\/p>\n\n\n\n<p>I laboratori proposti sono stati i seguenti: <\/p>\n\n\n\n<ul class=\"wp-block-list\"><li><strong>Maschere e coriandoli<\/strong>: in occasione del Carnevale, abbiamo preparato insieme ai Baby Chef mascherine di frolla, chiacchiere e tanti dolcetti decorati;<\/li><li><strong>Pizza che passione!<\/strong>: una mattinata dedicata alla preparazione di uno dei piatti preferiti per eccellenza da noi italiani;<\/li><li><strong>Sabato gnocchi<\/strong>: abbiamo preparato insieme alla nostra lady chef gnocchetti per tutti i gusti;<\/li><li><strong>Piovono polpette<\/strong>: piccole mani al lavoro per preparare polpette deliziose ideali anche per un pic nic.<\/li><\/ul>\n\n\n\n<p>Al termine di ogni mini corso ai bambini \u00e8 stato consegnato un <strong>Attestato di Baby Chef<\/strong>! <\/p>\n\n\n\n<p>Anche tu vuoi organizzare questi corsi per i tuoi alunni? Contattaci al pi\u00f9 presto! Possiamo progettare e ideare insieme laboratori di cucina, di pasticceria, di panificazione con la possibilit\u00e0 di svolgerli presso la nostra sede oppure presso le scuole del territorio, oratori, centri ricreativi.<\/p>\n\n\n\n<p><strong>Scrivi a formazione.treviglio@abf.eu o telefona allo 0363.1925677<\/strong><\/p>\n","protected":false},"excerpt":{"rendered":"<p>\u00c8 partita da qualche mese la collaborazione con la Scuola<\/p>\n","protected":false},"author":47,"featured_media":17038,"comment_status":"open","ping_status":"open","sticky":false,"template":"","format":"standard","meta":{"footnotes":""},"categories":[1],"tags":[],"class_list":["post-16829","post","type-post","status-publish","format-standard","has-post-thumbnail","hentry","category-senza-categoria"],"yoast_head":"<!-- This site is optimized with the Yoast SEO plugin v25.8 - https:\/\/yoast.com\/wordpress\/plugins\/seo\/ -->\n<title>Laboratori cucina bambini scuola<\/title>\n<meta name=\"description\" content=\"La Scuola Sacra Famiglia di Martinengo ha offerto questa esperienza ai suoi alunni. Vuoi organizzare anche tu questi corsi? Contattaci!\" \/>\n<meta name=\"robots\" content=\"index, follow, max-snippet:-1, max-image-preview:large, max-video-preview:-1\" \/>\n<link rel=\"canonical\" href=\"https:\/\/www.abf.eu\/treviglio\/scuola-elementare-laboratori-baby-chef\/\" \/>\n<meta property=\"og:locale\" content=\"it_IT\" \/>\n<meta property=\"og:type\" content=\"article\" \/>\n<meta property=\"og:title\" content=\"Laboratori cucina bambini scuola\" \/>\n<meta property=\"og:description\" content=\"La Scuola Sacra Famiglia di Martinengo ha offerto questa esperienza ai suoi alunni. Vuoi organizzare anche tu questi corsi? Contattaci!\" \/>\n<meta property=\"og:url\" content=\"https:\/\/www.abf.eu\/treviglio\/scuola-elementare-laboratori-baby-chef\/\" \/>\n<meta property=\"og:site_name\" content=\"Treviglio\" \/>\n<meta property=\"article:published_time\" content=\"2022-05-09T15:25:50+00:00\" \/>\n<meta property=\"article:modified_time\" content=\"2022-05-09T15:25:51+00:00\" \/>\n<meta property=\"og:image\" content=\"https:\/\/www.abf.eu\/treviglio\/wp-content\/uploads\/sites\/8\/2022\/04\/Progetto-senza-titolo-3.jpg\" \/>\n\t<meta property=\"og:image:width\" content=\"1000\" \/>\n\t<meta property=\"og:image:height\" content=\"667\" \/>\n\t<meta property=\"og:image:type\" content=\"image\/jpeg\" \/>\n<meta name=\"author\" content=\"abfeditortreviglio\" \/>\n<meta name=\"twitter:card\" content=\"summary_large_image\" \/>\n<meta name=\"twitter:label1\" content=\"Scritto da\" \/>\n\t<meta name=\"twitter:data1\" content=\"abfeditortreviglio\" \/>\n\t<meta name=\"twitter:label2\" content=\"Tempo di lettura stimato\" \/>\n\t<meta name=\"twitter:data2\" content=\"2 minuti\" \/>\n<script type=\"application\/ld+json\" class=\"yoast-schema-graph\">{\"@context\":\"https:\/\/schema.org\",\"@graph\":[{\"@type\":\"WebPage\",\"@id\":\"https:\/\/www.abf.eu\/treviglio\/scuola-elementare-laboratori-baby-chef\/\",\"url\":\"https:\/\/www.abf.eu\/treviglio\/scuola-elementare-laboratori-baby-chef\/\",\"name\":\"Laboratori cucina bambini scuola\",\"isPartOf\":{\"@id\":\"https:\/\/www.abf.eu\/treviglio\/#website\"},\"primaryImageOfPage\":{\"@id\":\"https:\/\/www.abf.eu\/treviglio\/scuola-elementare-laboratori-baby-chef\/#primaryimage\"},\"image\":{\"@id\":\"https:\/\/www.abf.eu\/treviglio\/scuola-elementare-laboratori-baby-chef\/#primaryimage\"},\"thumbnailUrl\":\"https:\/\/www.abf.eu\/treviglio\/wp-content\/uploads\/sites\/8\/2022\/04\/Progetto-senza-titolo-3.jpg\",\"datePublished\":\"2022-05-09T15:25:50+00:00\",\"dateModified\":\"2022-05-09T15:25:51+00:00\",\"author\":{\"@id\":\"https:\/\/www.abf.eu\/treviglio\/#\/schema\/person\/5e3592a67fae49949ed1c8bafe370c22\"},\"description\":\"La Scuola Sacra Famiglia di Martinengo ha offerto questa esperienza ai suoi alunni. Vuoi organizzare anche tu questi corsi? Contattaci!\",\"breadcrumb\":{\"@id\":\"https:\/\/www.abf.eu\/treviglio\/scuola-elementare-laboratori-baby-chef\/#breadcrumb\"},\"inLanguage\":\"it-IT\",\"potentialAction\":[{\"@type\":\"ReadAction\",\"target\":[\"https:\/\/www.abf.eu\/treviglio\/scuola-elementare-laboratori-baby-chef\/\"]}]},{\"@type\":\"ImageObject\",\"inLanguage\":\"it-IT\",\"@id\":\"https:\/\/www.abf.eu\/treviglio\/scuola-elementare-laboratori-baby-chef\/#primaryimage\",\"url\":\"https:\/\/www.abf.eu\/treviglio\/wp-content\/uploads\/sites\/8\/2022\/04\/Progetto-senza-titolo-3.jpg\",\"contentUrl\":\"https:\/\/www.abf.eu\/treviglio\/wp-content\/uploads\/sites\/8\/2022\/04\/Progetto-senza-titolo-3.jpg\",\"width\":1000,\"height\":667},{\"@type\":\"BreadcrumbList\",\"@id\":\"https:\/\/www.abf.eu\/treviglio\/scuola-elementare-laboratori-baby-chef\/#breadcrumb\",\"itemListElement\":[{\"@type\":\"ListItem\",\"position\":1,\"name\":\"Home\",\"item\":\"https:\/\/www.abf.eu\/treviglio\/\"},{\"@type\":\"ListItem\",\"position\":2,\"name\":\"Abf sul territorio: la collaborazione con la Scuola Sacra Famiglia di Martinengo\"}]},{\"@type\":\"WebSite\",\"@id\":\"https:\/\/www.abf.eu\/treviglio\/#website\",\"url\":\"https:\/\/www.abf.eu\/treviglio\/\",\"name\":\"Treviglio\",\"description\":\"Ecco un altro sito Abf siti\",\"potentialAction\":[{\"@type\":\"SearchAction\",\"target\":{\"@type\":\"EntryPoint\",\"urlTemplate\":\"https:\/\/www.abf.eu\/treviglio\/?s={search_term_string}\"},\"query-input\":{\"@type\":\"PropertyValueSpecification\",\"valueRequired\":true,\"valueName\":\"search_term_string\"}}],\"inLanguage\":\"it-IT\"},{\"@type\":\"Person\",\"@id\":\"https:\/\/www.abf.eu\/treviglio\/#\/schema\/person\/5e3592a67fae49949ed1c8bafe370c22\",\"name\":\"abfeditortreviglio\",\"image\":{\"@type\":\"ImageObject\",\"inLanguage\":\"it-IT\",\"@id\":\"https:\/\/www.abf.eu\/treviglio\/#\/schema\/person\/image\/\",\"url\":\"https:\/\/secure.gravatar.com\/avatar\/2a2bd997f9d05889242189dbdd9ed94b71a07f7131b18ac0e94f80ba02f3bff1?s=96&d=mm&r=g\",\"contentUrl\":\"https:\/\/secure.gravatar.com\/avatar\/2a2bd997f9d05889242189dbdd9ed94b71a07f7131b18ac0e94f80ba02f3bff1?s=96&d=mm&r=g\",\"caption\":\"abfeditortreviglio\"},\"sameAs\":[\"Genuine\"],\"url\":\"https:\/\/www.abf.eu\/treviglio\/author\/abfeditortreviglio\/\"}]}<\/script>\n<!-- \/ Yoast SEO plugin. -->","yoast_head_json":{"title":"Laboratori cucina bambini scuola","description":"La Scuola Sacra Famiglia di Martinengo ha offerto questa esperienza ai suoi alunni. Vuoi organizzare anche tu questi corsi? Contattaci!","robots":{"index":"index","follow":"follow","max-snippet":"max-snippet:-1","max-image-preview":"max-image-preview:large","max-video-preview":"max-video-preview:-1"},"canonical":"https:\/\/www.abf.eu\/treviglio\/scuola-elementare-laboratori-baby-chef\/","og_locale":"it_IT","og_type":"article","og_title":"Laboratori cucina bambini scuola","og_description":"La Scuola Sacra Famiglia di Martinengo ha offerto questa esperienza ai suoi alunni. Vuoi organizzare anche tu questi corsi? Contattaci!","og_url":"https:\/\/www.abf.eu\/treviglio\/scuola-elementare-laboratori-baby-chef\/","og_site_name":"Treviglio","article_published_time":"2022-05-09T15:25:50+00:00","article_modified_time":"2022-05-09T15:25:51+00:00","og_image":[{"width":1000,"height":667,"url":"https:\/\/www.abf.eu\/treviglio\/wp-content\/uploads\/sites\/8\/2022\/04\/Progetto-senza-titolo-3.jpg","type":"image\/jpeg"}],"author":"abfeditortreviglio","twitter_card":"summary_large_image","twitter_misc":{"Scritto da":"abfeditortreviglio","Tempo di lettura stimato":"2 minuti"},"schema":{"@context":"https:\/\/schema.org","@graph":[{"@type":"WebPage","@id":"https:\/\/www.abf.eu\/treviglio\/scuola-elementare-laboratori-baby-chef\/","url":"https:\/\/www.abf.eu\/treviglio\/scuola-elementare-laboratori-baby-chef\/","name":"Laboratori cucina bambini scuola","isPartOf":{"@id":"https:\/\/www.abf.eu\/treviglio\/#website"},"primaryImageOfPage":{"@id":"https:\/\/www.abf.eu\/treviglio\/scuola-elementare-laboratori-baby-chef\/#primaryimage"},"image":{"@id":"https:\/\/www.abf.eu\/treviglio\/scuola-elementare-laboratori-baby-chef\/#primaryimage"},"thumbnailUrl":"https:\/\/www.abf.eu\/treviglio\/wp-content\/uploads\/sites\/8\/2022\/04\/Progetto-senza-titolo-3.jpg","datePublished":"2022-05-09T15:25:50+00:00","dateModified":"2022-05-09T15:25:51+00:00","author":{"@id":"https:\/\/www.abf.eu\/treviglio\/#\/schema\/person\/5e3592a67fae49949ed1c8bafe370c22"},"description":"La Scuola Sacra Famiglia di Martinengo ha offerto questa esperienza ai suoi alunni. Vuoi organizzare anche tu questi corsi? Contattaci!","breadcrumb":{"@id":"https:\/\/www.abf.eu\/treviglio\/scuola-elementare-laboratori-baby-chef\/#breadcrumb"},"inLanguage":"it-IT","potentialAction":[{"@type":"ReadAction","target":["https:\/\/www.abf.eu\/treviglio\/scuola-elementare-laboratori-baby-chef\/"]}]},{"@type":"ImageObject","inLanguage":"it-IT","@id":"https:\/\/www.abf.eu\/treviglio\/scuola-elementare-laboratori-baby-chef\/#primaryimage","url":"https:\/\/www.abf.eu\/treviglio\/wp-content\/uploads\/sites\/8\/2022\/04\/Progetto-senza-titolo-3.jpg","contentUrl":"https:\/\/www.abf.eu\/treviglio\/wp-content\/uploads\/sites\/8\/2022\/04\/Progetto-senza-titolo-3.jpg","width":1000,"height":667},{"@type":"BreadcrumbList","@id":"https:\/\/www.abf.eu\/treviglio\/scuola-elementare-laboratori-baby-chef\/#breadcrumb","itemListElement":[{"@type":"ListItem","position":1,"name":"Home","item":"https:\/\/www.abf.eu\/treviglio\/"},{"@type":"ListItem","position":2,"name":"Abf sul territorio: la collaborazione con la Scuola Sacra Famiglia di Martinengo"}]},{"@type":"WebSite","@id":"https:\/\/www.abf.eu\/treviglio\/#website","url":"https:\/\/www.abf.eu\/treviglio\/","name":"Treviglio","description":"Ecco un altro sito Abf siti","potentialAction":[{"@type":"SearchAction","target":{"@type":"EntryPoint","urlTemplate":"https:\/\/www.abf.eu\/treviglio\/?s={search_term_string}"},"query-input":{"@type":"PropertyValueSpecification","valueRequired":true,"valueName":"search_term_string"}}],"inLanguage":"it-IT"},{"@type":"Person","@id":"https:\/\/www.abf.eu\/treviglio\/#\/schema\/person\/5e3592a67fae49949ed1c8bafe370c22","name":"abfeditortreviglio","image":{"@type":"ImageObject","inLanguage":"it-IT","@id":"https:\/\/www.abf.eu\/treviglio\/#\/schema\/person\/image\/","url":"https:\/\/secure.gravatar.com\/avatar\/2a2bd997f9d05889242189dbdd9ed94b71a07f7131b18ac0e94f80ba02f3bff1?s=96&d=mm&r=g","contentUrl":"https:\/\/secure.gravatar.com\/avatar\/2a2bd997f9d05889242189dbdd9ed94b71a07f7131b18ac0e94f80ba02f3bff1?s=96&d=mm&r=g","caption":"abfeditortreviglio"},"sameAs":["Genuine"],"url":"https:\/\/www.abf.eu\/treviglio\/author\/abfeditortreviglio\/"}]}},"_links":{"self":[{"href":"https:\/\/www.abf.eu\/treviglio\/wp-json\/wp\/v2\/posts\/16829","targetHints":{"allow":["GET"]}}],"collection":[{"href":"https:\/\/www.abf.eu\/treviglio\/wp-json\/wp\/v2\/posts"}],"about":[{"href":"https:\/\/www.abf.eu\/treviglio\/wp-json\/wp\/v2\/types\/post"}],"author":[{"embeddable":true,"href":"https:\/\/www.abf.eu\/treviglio\/wp-json\/wp\/v2\/users\/47"}],"replies":[{"embeddable":true,"href":"https:\/\/www.abf.eu\/treviglio\/wp-json\/wp\/v2\/comments?post=16829"}],"version-history":[{"count":19,"href":"https:\/\/www.abf.eu\/treviglio\/wp-json\/wp\/v2\/posts\/16829\/revisions"}],"predecessor-version":[{"id":17098,"href":"https:\/\/www.abf.eu\/treviglio\/wp-json\/wp\/v2\/posts\/16829\/revisions\/17098"}],"wp:featuredmedia":[{"embeddable":true,"href":"https:\/\/www.abf.eu\/treviglio\/wp-json\/wp\/v2\/media\/17038"}],"wp:attachment":[{"href":"https:\/\/www.abf.eu\/treviglio\/wp-json\/wp\/v2\/media?parent=16829"}],"wp:term":[{"taxonomy":"category","embeddable":true,"href":"https:\/\/www.abf.eu\/treviglio\/wp-json\/wp\/v2\/categories?post=16829"},{"taxonomy":"post_tag","embeddable":true,"href":"https:\/\/www.abf.eu\/treviglio\/wp-json\/wp\/v2\/tags?post=16829"}],"curies":[{"name":"wp","href":"https:\/\/api.w.org\/{rel}","templated":true}]}}