{"id":17012,"date":"2022-04-26T13:02:14","date_gmt":"2022-04-26T11:02:14","guid":{"rendered":"https:\/\/www.abf.eu\/treviglio\/?p=17012"},"modified":"2022-04-26T13:02:15","modified_gmt":"2022-04-26T11:02:15","slug":"convocazione-ufficiale-con-la-nazionale-italiana-di-pallavolo-sordi-per-il-nostro-alessandro-rivellini-di-3abis","status":"publish","type":"post","link":"https:\/\/www.abf.eu\/treviglio\/convocazione-ufficiale-con-la-nazionale-italiana-di-pallavolo-sordi-per-il-nostro-alessandro-rivellini-di-3abis\/","title":{"rendered":"CONVOCAZIONE UFFICIALE con la Nazionale Italiana di Pallavolo sordi per il nostro Alessandro Rivellini di 3^ABIS"},"content":{"rendered":"\n<p>Il tutto \u00e8 iniziato a Settembre 2021, quando Alessandro \u00e8 stato giudicato e selezionato dalla Federazione Sport Sordi Italia come Atleta ad Alto Livello. <\/p>\n\n\n\n<p>Da questo momento ha avuto diverse convocazioni ufficiali con la Nazionale: prima a Macerata poi a Milano e infine a Torino. L&#8217;obiettivo era testare le sue abilit\u00e0 sportive, le affinit\u00e0 con la squadra e potenziare i suoi livelli agonistici. <\/p>\n\n\n\n<p>Dopo tanto impegno e perseveranza l\u2019<strong>8 aprile 2022 <\/strong>\u00e8 arrivata la lettera di convocazione per partecipare alle <strong>Olimpiadi<\/strong>.<\/p>\n\n\n\n<figure class=\"wp-block-image size-full\"><img loading=\"lazy\" decoding=\"async\" width=\"1000\" height=\"667\" src=\"https:\/\/www.abf.eu\/treviglio\/wp-content\/uploads\/sites\/8\/2022\/04\/4-1-1.jpg\" alt=\"\" class=\"wp-image-17020\" srcset=\"https:\/\/www.abf.eu\/treviglio\/wp-content\/uploads\/sites\/8\/2022\/04\/4-1-1.jpg 1000w, https:\/\/www.abf.eu\/treviglio\/wp-content\/uploads\/sites\/8\/2022\/04\/4-1-1-300x200.jpg 300w, https:\/\/www.abf.eu\/treviglio\/wp-content\/uploads\/sites\/8\/2022\/04\/4-1-1-768x512.jpg 768w, https:\/\/www.abf.eu\/treviglio\/wp-content\/uploads\/sites\/8\/2022\/04\/4-1-1-600x400.jpg 600w\" sizes=\"auto, (max-width: 1000px) 100vw, 1000px\" \/><\/figure>\n\n\n\n<h5 class=\"wp-block-heading\">Abbiamo intervistato Alessandro in vista del suo viaggio in Brasile per partecipare con la Nazionale alle Summer Deaflympics 2021 a Caxias Do Sul.<\/h5>\n\n\n\n<p>Quali emozioni hai provato quando hai ricevuto la lettera?<\/p>\n\n\n\n<blockquote class=\"wp-block-quote is-layout-flow wp-block-quote-is-layout-flow\" style=\"font-size:15px\"><p>La prima sensazione che ho provato \u00e8 stata una <strong>gioia<\/strong> immensa, accompagnata da <strong>incredulit\u00e0<\/strong>. Avevo cominciato l\u2019anno con l\u2019obiettivo di essere convocato in Nazionale, ho dato il massimo e oggi mi sento estremamente soddisfatto. Non c\u2019\u00e8 desiderio migliore di raggiungere gli obiettivi prefissati.<\/p><\/blockquote>\n\n\n\n<p>Cosa ti aspetti da questa esperienza?<\/p>\n\n\n\n<blockquote class=\"wp-block-quote is-layout-flow wp-block-quote-is-layout-flow\" style=\"font-size:15px\"><p>Mi aspetto di <strong>migliorare<\/strong>, sia a livello di gioco per le mie prestazioni sportive, che a livello personale perch\u00e9 collezionando esperienze gratificanti, potrei rafforzare la mia autostima. Naturalmente, voglio rappresentare l\u2019Italia dando il meglio di me, e perch\u00e9 no, <strong>VINCERE LA COPPA<\/strong>!<\/p><\/blockquote>\n\n\n\n<p>Come vedi il tuo futuro sportivo?<\/p>\n\n\n\n<blockquote class=\"wp-block-quote is-layout-flow wp-block-quote-is-layout-flow\" style=\"font-size:15px\"><p>Desidero giocare nella Nazionale come professionista e continuare a misurarmi con giocatori di alto livello.<\/p><\/blockquote>\n\n\n\n<p>Come riesci a conciliare gli impegni scolastici con quelli sportivi?<\/p>\n\n\n\n<blockquote class=\"wp-block-quote is-layout-flow wp-block-quote-is-layout-flow\" style=\"font-size:15px\"><p>L\u2019ultimo mese sar\u00e0 piuttosto faticoso perch\u00e9 dovr\u00f2 sostenere gli esami di qualifica nel settore panetteria\/pasticceria e l\u2019impegno sportivo richiede tanto tempo ed energie. Ma sono <strong>determinato <\/strong>e quando ho un obiettivo nessuna difficolt\u00e0 mi pu\u00f2 fermare: <strong>riuscir\u00f2 <\/strong>a raggiungere la qualifica e ad ottenere un ottimo risultato anche a livello sportivo<\/p><\/blockquote>\n\n\n\n<p>Cosa ti senti di consigliare agli altri ragazzi?<\/p>\n\n\n\n<blockquote class=\"wp-block-quote is-layout-flow wp-block-quote-is-layout-flow\" style=\"font-size:15px\"><p>Lavorare sodo e impegnarsi moltissimo per realizzare i propri <strong>sogni <\/strong>e <strong>desideri<\/strong>.<\/p><\/blockquote>\n\n\n\n<figure class=\"wp-block-image size-full\"><img loading=\"lazy\" decoding=\"async\" width=\"1000\" height=\"667\" src=\"https:\/\/www.abf.eu\/treviglio\/wp-content\/uploads\/sites\/8\/2022\/04\/2-2-1.jpg\" alt=\"\" class=\"wp-image-17021\" srcset=\"https:\/\/www.abf.eu\/treviglio\/wp-content\/uploads\/sites\/8\/2022\/04\/2-2-1.jpg 1000w, https:\/\/www.abf.eu\/treviglio\/wp-content\/uploads\/sites\/8\/2022\/04\/2-2-1-300x200.jpg 300w, https:\/\/www.abf.eu\/treviglio\/wp-content\/uploads\/sites\/8\/2022\/04\/2-2-1-768x512.jpg 768w, https:\/\/www.abf.eu\/treviglio\/wp-content\/uploads\/sites\/8\/2022\/04\/2-2-1-600x400.jpg 600w\" sizes=\"auto, (max-width: 1000px) 100vw, 1000px\" \/><\/figure>\n\n\n\n<p>Grazie Alessandro! In bocca al lupo!<\/p>\n","protected":false},"excerpt":{"rendered":"<p>Il tutto \u00e8 iniziato a Settembre 2021, quando Alessandro \u00e8<\/p>\n","protected":false},"author":47,"featured_media":17018,"comment_status":"open","ping_status":"open","sticky":false,"template":"","format":"standard","meta":{"footnotes":""},"categories":[1],"tags":[],"class_list":["post-17012","post","type-post","status-publish","format-standard","has-post-thumbnail","hentry","category-senza-categoria"],"yoast_head":"<!-- This site is optimized with the Yoast SEO plugin v25.8 - https:\/\/yoast.com\/wordpress\/plugins\/seo\/ -->\n<title>CONVOCAZIONE UFFICIALE Nazionale Italiana Pallavolo sordi - ABF<\/title>\n<meta name=\"description\" content=\"Settembre 2021 la FSSI giudica Alessandro Atleta ad Alto Livello. Aprile 2022 arriva la lettera di convocazione per le Olimpiadi.\" \/>\n<meta name=\"robots\" content=\"index, follow, max-snippet:-1, max-image-preview:large, max-video-preview:-1\" \/>\n<link rel=\"canonical\" href=\"https:\/\/www.abf.eu\/treviglio\/convocazione-ufficiale-con-la-nazionale-italiana-di-pallavolo-sordi-per-il-nostro-alessandro-rivellini-di-3abis\/\" \/>\n<meta property=\"og:locale\" content=\"it_IT\" \/>\n<meta property=\"og:type\" content=\"article\" \/>\n<meta property=\"og:title\" content=\"CONVOCAZIONE UFFICIALE Nazionale Italiana Pallavolo sordi - ABF\" \/>\n<meta property=\"og:description\" content=\"Settembre 2021 la FSSI giudica Alessandro Atleta ad Alto Livello. Aprile 2022 arriva la lettera di convocazione per le Olimpiadi.\" \/>\n<meta property=\"og:url\" content=\"https:\/\/www.abf.eu\/treviglio\/convocazione-ufficiale-con-la-nazionale-italiana-di-pallavolo-sordi-per-il-nostro-alessandro-rivellini-di-3abis\/\" \/>\n<meta property=\"og:site_name\" content=\"Treviglio\" \/>\n<meta property=\"article:published_time\" content=\"2022-04-26T11:02:14+00:00\" \/>\n<meta property=\"article:modified_time\" content=\"2022-04-26T11:02:15+00:00\" \/>\n<meta property=\"og:image\" content=\"https:\/\/www.abf.eu\/treviglio\/wp-content\/uploads\/sites\/8\/2022\/04\/3-1.jpg\" \/>\n\t<meta property=\"og:image:width\" content=\"1000\" \/>\n\t<meta property=\"og:image:height\" content=\"667\" \/>\n\t<meta property=\"og:image:type\" content=\"image\/jpeg\" \/>\n<meta name=\"author\" content=\"abfeditortreviglio\" \/>\n<meta name=\"twitter:card\" content=\"summary_large_image\" \/>\n<meta name=\"twitter:label1\" content=\"Scritto da\" \/>\n\t<meta name=\"twitter:data1\" content=\"abfeditortreviglio\" \/>\n\t<meta name=\"twitter:label2\" content=\"Tempo di lettura stimato\" \/>\n\t<meta name=\"twitter:data2\" content=\"3 minuti\" \/>\n<script type=\"application\/ld+json\" class=\"yoast-schema-graph\">{\"@context\":\"https:\/\/schema.org\",\"@graph\":[{\"@type\":\"WebPage\",\"@id\":\"https:\/\/www.abf.eu\/treviglio\/convocazione-ufficiale-con-la-nazionale-italiana-di-pallavolo-sordi-per-il-nostro-alessandro-rivellini-di-3abis\/\",\"url\":\"https:\/\/www.abf.eu\/treviglio\/convocazione-ufficiale-con-la-nazionale-italiana-di-pallavolo-sordi-per-il-nostro-alessandro-rivellini-di-3abis\/\",\"name\":\"CONVOCAZIONE UFFICIALE Nazionale Italiana Pallavolo sordi - ABF\",\"isPartOf\":{\"@id\":\"https:\/\/www.abf.eu\/treviglio\/#website\"},\"primaryImageOfPage\":{\"@id\":\"https:\/\/www.abf.eu\/treviglio\/convocazione-ufficiale-con-la-nazionale-italiana-di-pallavolo-sordi-per-il-nostro-alessandro-rivellini-di-3abis\/#primaryimage\"},\"image\":{\"@id\":\"https:\/\/www.abf.eu\/treviglio\/convocazione-ufficiale-con-la-nazionale-italiana-di-pallavolo-sordi-per-il-nostro-alessandro-rivellini-di-3abis\/#primaryimage\"},\"thumbnailUrl\":\"https:\/\/www.abf.eu\/treviglio\/wp-content\/uploads\/sites\/8\/2022\/04\/3-1.jpg\",\"datePublished\":\"2022-04-26T11:02:14+00:00\",\"dateModified\":\"2022-04-26T11:02:15+00:00\",\"author\":{\"@id\":\"https:\/\/www.abf.eu\/treviglio\/#\/schema\/person\/5e3592a67fae49949ed1c8bafe370c22\"},\"description\":\"Settembre 2021 la FSSI giudica Alessandro Atleta ad Alto Livello. Aprile 2022 arriva la lettera di convocazione per le Olimpiadi.\",\"breadcrumb\":{\"@id\":\"https:\/\/www.abf.eu\/treviglio\/convocazione-ufficiale-con-la-nazionale-italiana-di-pallavolo-sordi-per-il-nostro-alessandro-rivellini-di-3abis\/#breadcrumb\"},\"inLanguage\":\"it-IT\",\"potentialAction\":[{\"@type\":\"ReadAction\",\"target\":[\"https:\/\/www.abf.eu\/treviglio\/convocazione-ufficiale-con-la-nazionale-italiana-di-pallavolo-sordi-per-il-nostro-alessandro-rivellini-di-3abis\/\"]}]},{\"@type\":\"ImageObject\",\"inLanguage\":\"it-IT\",\"@id\":\"https:\/\/www.abf.eu\/treviglio\/convocazione-ufficiale-con-la-nazionale-italiana-di-pallavolo-sordi-per-il-nostro-alessandro-rivellini-di-3abis\/#primaryimage\",\"url\":\"https:\/\/www.abf.eu\/treviglio\/wp-content\/uploads\/sites\/8\/2022\/04\/3-1.jpg\",\"contentUrl\":\"https:\/\/www.abf.eu\/treviglio\/wp-content\/uploads\/sites\/8\/2022\/04\/3-1.jpg\",\"width\":1000,\"height\":667},{\"@type\":\"BreadcrumbList\",\"@id\":\"https:\/\/www.abf.eu\/treviglio\/convocazione-ufficiale-con-la-nazionale-italiana-di-pallavolo-sordi-per-il-nostro-alessandro-rivellini-di-3abis\/#breadcrumb\",\"itemListElement\":[{\"@type\":\"ListItem\",\"position\":1,\"name\":\"Home\",\"item\":\"https:\/\/www.abf.eu\/treviglio\/\"},{\"@type\":\"ListItem\",\"position\":2,\"name\":\"CONVOCAZIONE UFFICIALE con la Nazionale Italiana di Pallavolo sordi per il nostro Alessandro Rivellini di 3^ABIS\"}]},{\"@type\":\"WebSite\",\"@id\":\"https:\/\/www.abf.eu\/treviglio\/#website\",\"url\":\"https:\/\/www.abf.eu\/treviglio\/\",\"name\":\"Treviglio\",\"description\":\"Ecco un altro sito Abf siti\",\"potentialAction\":[{\"@type\":\"SearchAction\",\"target\":{\"@type\":\"EntryPoint\",\"urlTemplate\":\"https:\/\/www.abf.eu\/treviglio\/?s={search_term_string}\"},\"query-input\":{\"@type\":\"PropertyValueSpecification\",\"valueRequired\":true,\"valueName\":\"search_term_string\"}}],\"inLanguage\":\"it-IT\"},{\"@type\":\"Person\",\"@id\":\"https:\/\/www.abf.eu\/treviglio\/#\/schema\/person\/5e3592a67fae49949ed1c8bafe370c22\",\"name\":\"abfeditortreviglio\",\"image\":{\"@type\":\"ImageObject\",\"inLanguage\":\"it-IT\",\"@id\":\"https:\/\/www.abf.eu\/treviglio\/#\/schema\/person\/image\/\",\"url\":\"https:\/\/secure.gravatar.com\/avatar\/2a2bd997f9d05889242189dbdd9ed94b71a07f7131b18ac0e94f80ba02f3bff1?s=96&d=mm&r=g\",\"contentUrl\":\"https:\/\/secure.gravatar.com\/avatar\/2a2bd997f9d05889242189dbdd9ed94b71a07f7131b18ac0e94f80ba02f3bff1?s=96&d=mm&r=g\",\"caption\":\"abfeditortreviglio\"},\"sameAs\":[\"Genuine\"],\"url\":\"https:\/\/www.abf.eu\/treviglio\/author\/abfeditortreviglio\/\"}]}<\/script>\n<!-- \/ Yoast SEO plugin. -->","yoast_head_json":{"title":"CONVOCAZIONE UFFICIALE Nazionale Italiana Pallavolo sordi - ABF","description":"Settembre 2021 la FSSI giudica Alessandro Atleta ad Alto Livello. Aprile 2022 arriva la lettera di convocazione per le Olimpiadi.","robots":{"index":"index","follow":"follow","max-snippet":"max-snippet:-1","max-image-preview":"max-image-preview:large","max-video-preview":"max-video-preview:-1"},"canonical":"https:\/\/www.abf.eu\/treviglio\/convocazione-ufficiale-con-la-nazionale-italiana-di-pallavolo-sordi-per-il-nostro-alessandro-rivellini-di-3abis\/","og_locale":"it_IT","og_type":"article","og_title":"CONVOCAZIONE UFFICIALE Nazionale Italiana Pallavolo sordi - ABF","og_description":"Settembre 2021 la FSSI giudica Alessandro Atleta ad Alto Livello. Aprile 2022 arriva la lettera di convocazione per le Olimpiadi.","og_url":"https:\/\/www.abf.eu\/treviglio\/convocazione-ufficiale-con-la-nazionale-italiana-di-pallavolo-sordi-per-il-nostro-alessandro-rivellini-di-3abis\/","og_site_name":"Treviglio","article_published_time":"2022-04-26T11:02:14+00:00","article_modified_time":"2022-04-26T11:02:15+00:00","og_image":[{"width":1000,"height":667,"url":"https:\/\/www.abf.eu\/treviglio\/wp-content\/uploads\/sites\/8\/2022\/04\/3-1.jpg","type":"image\/jpeg"}],"author":"abfeditortreviglio","twitter_card":"summary_large_image","twitter_misc":{"Scritto da":"abfeditortreviglio","Tempo di lettura stimato":"3 minuti"},"schema":{"@context":"https:\/\/schema.org","@graph":[{"@type":"WebPage","@id":"https:\/\/www.abf.eu\/treviglio\/convocazione-ufficiale-con-la-nazionale-italiana-di-pallavolo-sordi-per-il-nostro-alessandro-rivellini-di-3abis\/","url":"https:\/\/www.abf.eu\/treviglio\/convocazione-ufficiale-con-la-nazionale-italiana-di-pallavolo-sordi-per-il-nostro-alessandro-rivellini-di-3abis\/","name":"CONVOCAZIONE UFFICIALE Nazionale Italiana Pallavolo sordi - ABF","isPartOf":{"@id":"https:\/\/www.abf.eu\/treviglio\/#website"},"primaryImageOfPage":{"@id":"https:\/\/www.abf.eu\/treviglio\/convocazione-ufficiale-con-la-nazionale-italiana-di-pallavolo-sordi-per-il-nostro-alessandro-rivellini-di-3abis\/#primaryimage"},"image":{"@id":"https:\/\/www.abf.eu\/treviglio\/convocazione-ufficiale-con-la-nazionale-italiana-di-pallavolo-sordi-per-il-nostro-alessandro-rivellini-di-3abis\/#primaryimage"},"thumbnailUrl":"https:\/\/www.abf.eu\/treviglio\/wp-content\/uploads\/sites\/8\/2022\/04\/3-1.jpg","datePublished":"2022-04-26T11:02:14+00:00","dateModified":"2022-04-26T11:02:15+00:00","author":{"@id":"https:\/\/www.abf.eu\/treviglio\/#\/schema\/person\/5e3592a67fae49949ed1c8bafe370c22"},"description":"Settembre 2021 la FSSI giudica Alessandro Atleta ad Alto Livello. Aprile 2022 arriva la lettera di convocazione per le Olimpiadi.","breadcrumb":{"@id":"https:\/\/www.abf.eu\/treviglio\/convocazione-ufficiale-con-la-nazionale-italiana-di-pallavolo-sordi-per-il-nostro-alessandro-rivellini-di-3abis\/#breadcrumb"},"inLanguage":"it-IT","potentialAction":[{"@type":"ReadAction","target":["https:\/\/www.abf.eu\/treviglio\/convocazione-ufficiale-con-la-nazionale-italiana-di-pallavolo-sordi-per-il-nostro-alessandro-rivellini-di-3abis\/"]}]},{"@type":"ImageObject","inLanguage":"it-IT","@id":"https:\/\/www.abf.eu\/treviglio\/convocazione-ufficiale-con-la-nazionale-italiana-di-pallavolo-sordi-per-il-nostro-alessandro-rivellini-di-3abis\/#primaryimage","url":"https:\/\/www.abf.eu\/treviglio\/wp-content\/uploads\/sites\/8\/2022\/04\/3-1.jpg","contentUrl":"https:\/\/www.abf.eu\/treviglio\/wp-content\/uploads\/sites\/8\/2022\/04\/3-1.jpg","width":1000,"height":667},{"@type":"BreadcrumbList","@id":"https:\/\/www.abf.eu\/treviglio\/convocazione-ufficiale-con-la-nazionale-italiana-di-pallavolo-sordi-per-il-nostro-alessandro-rivellini-di-3abis\/#breadcrumb","itemListElement":[{"@type":"ListItem","position":1,"name":"Home","item":"https:\/\/www.abf.eu\/treviglio\/"},{"@type":"ListItem","position":2,"name":"CONVOCAZIONE UFFICIALE con la Nazionale Italiana di Pallavolo sordi per il nostro Alessandro Rivellini di 3^ABIS"}]},{"@type":"WebSite","@id":"https:\/\/www.abf.eu\/treviglio\/#website","url":"https:\/\/www.abf.eu\/treviglio\/","name":"Treviglio","description":"Ecco un altro sito Abf siti","potentialAction":[{"@type":"SearchAction","target":{"@type":"EntryPoint","urlTemplate":"https:\/\/www.abf.eu\/treviglio\/?s={search_term_string}"},"query-input":{"@type":"PropertyValueSpecification","valueRequired":true,"valueName":"search_term_string"}}],"inLanguage":"it-IT"},{"@type":"Person","@id":"https:\/\/www.abf.eu\/treviglio\/#\/schema\/person\/5e3592a67fae49949ed1c8bafe370c22","name":"abfeditortreviglio","image":{"@type":"ImageObject","inLanguage":"it-IT","@id":"https:\/\/www.abf.eu\/treviglio\/#\/schema\/person\/image\/","url":"https:\/\/secure.gravatar.com\/avatar\/2a2bd997f9d05889242189dbdd9ed94b71a07f7131b18ac0e94f80ba02f3bff1?s=96&d=mm&r=g","contentUrl":"https:\/\/secure.gravatar.com\/avatar\/2a2bd997f9d05889242189dbdd9ed94b71a07f7131b18ac0e94f80ba02f3bff1?s=96&d=mm&r=g","caption":"abfeditortreviglio"},"sameAs":["Genuine"],"url":"https:\/\/www.abf.eu\/treviglio\/author\/abfeditortreviglio\/"}]}},"_links":{"self":[{"href":"https:\/\/www.abf.eu\/treviglio\/wp-json\/wp\/v2\/posts\/17012","targetHints":{"allow":["GET"]}}],"collection":[{"href":"https:\/\/www.abf.eu\/treviglio\/wp-json\/wp\/v2\/posts"}],"about":[{"href":"https:\/\/www.abf.eu\/treviglio\/wp-json\/wp\/v2\/types\/post"}],"author":[{"embeddable":true,"href":"https:\/\/www.abf.eu\/treviglio\/wp-json\/wp\/v2\/users\/47"}],"replies":[{"embeddable":true,"href":"https:\/\/www.abf.eu\/treviglio\/wp-json\/wp\/v2\/comments?post=17012"}],"version-history":[{"count":8,"href":"https:\/\/www.abf.eu\/treviglio\/wp-json\/wp\/v2\/posts\/17012\/revisions"}],"predecessor-version":[{"id":17029,"href":"https:\/\/www.abf.eu\/treviglio\/wp-json\/wp\/v2\/posts\/17012\/revisions\/17029"}],"wp:featuredmedia":[{"embeddable":true,"href":"https:\/\/www.abf.eu\/treviglio\/wp-json\/wp\/v2\/media\/17018"}],"wp:attachment":[{"href":"https:\/\/www.abf.eu\/treviglio\/wp-json\/wp\/v2\/media?parent=17012"}],"wp:term":[{"taxonomy":"category","embeddable":true,"href":"https:\/\/www.abf.eu\/treviglio\/wp-json\/wp\/v2\/categories?post=17012"},{"taxonomy":"post_tag","embeddable":true,"href":"https:\/\/www.abf.eu\/treviglio\/wp-json\/wp\/v2\/tags?post=17012"}],"curies":[{"name":"wp","href":"https:\/\/api.w.org\/{rel}","templated":true}]}}