{"id":17124,"date":"2022-05-30T10:17:21","date_gmt":"2022-05-30T08:17:21","guid":{"rendered":"https:\/\/www.abf.eu\/treviglio\/?p=17124"},"modified":"2022-10-25T11:58:50","modified_gmt":"2022-10-25T09:58:50","slug":"medaglia-di-bronzo-per-il-nostro-alessandro-rivellini","status":"publish","type":"post","link":"https:\/\/www.abf.eu\/treviglio\/medaglia-di-bronzo-per-il-nostro-alessandro-rivellini\/","title":{"rendered":"Medaglia di bronzo per il nostro Alessandro Rivellini"},"content":{"rendered":"\n<h3 class=\"wp-block-heading\">Il talento non manca in ABF Treviglio<\/h3>\n\n\n\n<p>Si \u00e8 conclusa l\u2019esperienza del nostro atleta Alessandro Rivellini alle <strong>Deaflympcs 2022<\/strong> a Caxias do Sul in Brasile, con la Nazionale sordi di pallavolo. L\u2019azzurro, pur essendo tra i pi\u00f9 giovani, ha saputo tener testa ad atleti molto pi\u00f9 esperti ed \u00e8 riuscito a dare il suo contributo per le vittorie conseguite dalla squadra. <\/p>\n\n\n\n<p>Nonostante sia impegnato al terzo anno del nostro corso di pasticceria, il ragazzo \u00e8 riuscito a coniugare le sue due passioni conseguendo un obiettivo di grande prestigio e piazzando uno dei primi tasselli di una carriera che gli auguriamo sar\u00e0 molto luminosa.<\/p>\n\n\n\n<p>Le sue battute e schiacciate sono state come delle bombe per le squadre avversarie che poco sono riuscite a fare per fermarle. Superate con facilit\u00e0 le fasi preliminari, arrivando primi nel loro girone, hanno dovuto arrendersi alla Turchia accontentandosi di giocare la finalina per il terzo o quarto posto. <\/p>\n\n\n\n<p>Il match contro la Francia \u00e8 stato molto combattuto, alla fine per\u00f2 la nostra nazionale ha avuto la meglio al quinto set aggiudicandosi un bel terzo posto.<br>Complimenti! Un BRONZO super meritato.<br>Anche la stampa parla di lui e di noi, non possiamo che essere orgogliosi del nostro allievo.<\/p>\n\n\n\n<div class=\"wp-block-columns is-layout-flex wp-container-core-columns-is-layout-9d6595d7 wp-block-columns-is-layout-flex\">\n<div class=\"wp-block-column is-layout-flow wp-block-column-is-layout-flow\">\n<figure class=\"wp-block-image size-full\"><img loading=\"lazy\" decoding=\"async\" width=\"696\" height=\"774\" src=\"https:\/\/www.abf.eu\/treviglio\/wp-content\/uploads\/sites\/8\/2022\/05\/ARTICOLO-1.jpg\" alt=\"\" class=\"wp-image-17125\" srcset=\"https:\/\/www.abf.eu\/treviglio\/wp-content\/uploads\/sites\/8\/2022\/05\/ARTICOLO-1.jpg 696w, https:\/\/www.abf.eu\/treviglio\/wp-content\/uploads\/sites\/8\/2022\/05\/ARTICOLO-1-270x300.jpg 270w, https:\/\/www.abf.eu\/treviglio\/wp-content\/uploads\/sites\/8\/2022\/05\/ARTICOLO-1-360x400.jpg 360w\" sizes=\"auto, (max-width: 696px) 100vw, 696px\" \/><\/figure>\n<\/div>\n\n\n\n<div class=\"wp-block-column is-layout-flow wp-block-column-is-layout-flow\">\n<figure class=\"wp-block-image size-full is-resized\"><img loading=\"lazy\" decoding=\"async\" src=\"https:\/\/www.abf.eu\/treviglio\/wp-content\/uploads\/sites\/8\/2022\/05\/ARTICOLO-2.jpg\" alt=\"\" class=\"wp-image-17126\" width=\"375\" height=\"769\" srcset=\"https:\/\/www.abf.eu\/treviglio\/wp-content\/uploads\/sites\/8\/2022\/05\/ARTICOLO-2.jpg 408w, https:\/\/www.abf.eu\/treviglio\/wp-content\/uploads\/sites\/8\/2022\/05\/ARTICOLO-2-146x300.jpg 146w, https:\/\/www.abf.eu\/treviglio\/wp-content\/uploads\/sites\/8\/2022\/05\/ARTICOLO-2-195x400.jpg 195w\" sizes=\"auto, (max-width: 375px) 100vw, 375px\" \/><\/figure>\n<\/div>\n<\/div>\n","protected":false},"excerpt":{"rendered":"<p>Il talento non manca in ABF Treviglio Si \u00e8 conclusa<\/p>\n","protected":false},"author":29,"featured_media":17127,"comment_status":"open","ping_status":"open","sticky":false,"template":"","format":"standard","meta":{"footnotes":""},"categories":[1],"tags":[],"class_list":["post-17124","post","type-post","status-publish","format-standard","has-post-thumbnail","hentry","category-senza-categoria"],"yoast_head":"<!-- This site is optimized with the Yoast SEO plugin v25.8 - https:\/\/yoast.com\/wordpress\/plugins\/seo\/ -->\n<title>Medaglia di bronzo per il nostro Alessandro Rivellini - Treviglio<\/title>\n<meta name=\"description\" content=\"Si \u00e8 conclusa l\u2019esperienza del nostro atleta Alessandro Rivellini alle Deaflympcs 2022, con la Nazionale sordi di pallavolo.\" \/>\n<meta name=\"robots\" content=\"index, follow, max-snippet:-1, max-image-preview:large, max-video-preview:-1\" \/>\n<link rel=\"canonical\" href=\"https:\/\/www.abf.eu\/treviglio\/medaglia-di-bronzo-per-il-nostro-alessandro-rivellini\/\" \/>\n<meta property=\"og:locale\" content=\"it_IT\" \/>\n<meta property=\"og:type\" content=\"article\" \/>\n<meta property=\"og:title\" content=\"Medaglia di bronzo per il nostro Alessandro Rivellini - Treviglio\" \/>\n<meta property=\"og:description\" content=\"Si \u00e8 conclusa l\u2019esperienza del nostro atleta Alessandro Rivellini alle Deaflympcs 2022, con la Nazionale sordi di pallavolo.\" \/>\n<meta property=\"og:url\" content=\"https:\/\/www.abf.eu\/treviglio\/medaglia-di-bronzo-per-il-nostro-alessandro-rivellini\/\" \/>\n<meta property=\"og:site_name\" content=\"Treviglio\" \/>\n<meta property=\"article:published_time\" content=\"2022-05-30T08:17:21+00:00\" \/>\n<meta property=\"article:modified_time\" content=\"2022-10-25T09:58:50+00:00\" \/>\n<meta property=\"og:image\" content=\"https:\/\/www.abf.eu\/treviglio\/wp-content\/uploads\/sites\/8\/2022\/05\/RIVELLINI-BANDIERA.jpg\" \/>\n\t<meta property=\"og:image:width\" content=\"949\" \/>\n\t<meta property=\"og:image:height\" content=\"706\" \/>\n\t<meta property=\"og:image:type\" content=\"image\/jpeg\" \/>\n<meta name=\"author\" content=\"valentinalamperti\" \/>\n<meta name=\"twitter:card\" content=\"summary_large_image\" \/>\n<meta name=\"twitter:label1\" content=\"Scritto da\" \/>\n\t<meta name=\"twitter:data1\" content=\"valentinalamperti\" \/>\n\t<meta name=\"twitter:label2\" content=\"Tempo di lettura stimato\" \/>\n\t<meta name=\"twitter:data2\" content=\"2 minuti\" \/>\n<script type=\"application\/ld+json\" class=\"yoast-schema-graph\">{\"@context\":\"https:\/\/schema.org\",\"@graph\":[{\"@type\":\"WebPage\",\"@id\":\"https:\/\/www.abf.eu\/treviglio\/medaglia-di-bronzo-per-il-nostro-alessandro-rivellini\/\",\"url\":\"https:\/\/www.abf.eu\/treviglio\/medaglia-di-bronzo-per-il-nostro-alessandro-rivellini\/\",\"name\":\"Medaglia di bronzo per il nostro Alessandro Rivellini - Treviglio\",\"isPartOf\":{\"@id\":\"https:\/\/www.abf.eu\/treviglio\/#website\"},\"primaryImageOfPage\":{\"@id\":\"https:\/\/www.abf.eu\/treviglio\/medaglia-di-bronzo-per-il-nostro-alessandro-rivellini\/#primaryimage\"},\"image\":{\"@id\":\"https:\/\/www.abf.eu\/treviglio\/medaglia-di-bronzo-per-il-nostro-alessandro-rivellini\/#primaryimage\"},\"thumbnailUrl\":\"https:\/\/www.abf.eu\/treviglio\/wp-content\/uploads\/sites\/8\/2022\/05\/RIVELLINI-BANDIERA.jpg\",\"datePublished\":\"2022-05-30T08:17:21+00:00\",\"dateModified\":\"2022-10-25T09:58:50+00:00\",\"author\":{\"@id\":\"https:\/\/www.abf.eu\/treviglio\/#\/schema\/person\/80f5096f53d6372bff33bd37524f0d97\"},\"description\":\"Si \u00e8 conclusa l\u2019esperienza del nostro atleta Alessandro Rivellini alle Deaflympcs 2022, con la Nazionale sordi di pallavolo.\",\"breadcrumb\":{\"@id\":\"https:\/\/www.abf.eu\/treviglio\/medaglia-di-bronzo-per-il-nostro-alessandro-rivellini\/#breadcrumb\"},\"inLanguage\":\"it-IT\",\"potentialAction\":[{\"@type\":\"ReadAction\",\"target\":[\"https:\/\/www.abf.eu\/treviglio\/medaglia-di-bronzo-per-il-nostro-alessandro-rivellini\/\"]}]},{\"@type\":\"ImageObject\",\"inLanguage\":\"it-IT\",\"@id\":\"https:\/\/www.abf.eu\/treviglio\/medaglia-di-bronzo-per-il-nostro-alessandro-rivellini\/#primaryimage\",\"url\":\"https:\/\/www.abf.eu\/treviglio\/wp-content\/uploads\/sites\/8\/2022\/05\/RIVELLINI-BANDIERA.jpg\",\"contentUrl\":\"https:\/\/www.abf.eu\/treviglio\/wp-content\/uploads\/sites\/8\/2022\/05\/RIVELLINI-BANDIERA.jpg\",\"width\":949,\"height\":706},{\"@type\":\"BreadcrumbList\",\"@id\":\"https:\/\/www.abf.eu\/treviglio\/medaglia-di-bronzo-per-il-nostro-alessandro-rivellini\/#breadcrumb\",\"itemListElement\":[{\"@type\":\"ListItem\",\"position\":1,\"name\":\"Home\",\"item\":\"https:\/\/www.abf.eu\/treviglio\/\"},{\"@type\":\"ListItem\",\"position\":2,\"name\":\"Medaglia di bronzo per il nostro Alessandro Rivellini\"}]},{\"@type\":\"WebSite\",\"@id\":\"https:\/\/www.abf.eu\/treviglio\/#website\",\"url\":\"https:\/\/www.abf.eu\/treviglio\/\",\"name\":\"Treviglio\",\"description\":\"Ecco un altro sito Abf siti\",\"potentialAction\":[{\"@type\":\"SearchAction\",\"target\":{\"@type\":\"EntryPoint\",\"urlTemplate\":\"https:\/\/www.abf.eu\/treviglio\/?s={search_term_string}\"},\"query-input\":{\"@type\":\"PropertyValueSpecification\",\"valueRequired\":true,\"valueName\":\"search_term_string\"}}],\"inLanguage\":\"it-IT\"},{\"@type\":\"Person\",\"@id\":\"https:\/\/www.abf.eu\/treviglio\/#\/schema\/person\/80f5096f53d6372bff33bd37524f0d97\",\"name\":\"valentinalamperti\",\"image\":{\"@type\":\"ImageObject\",\"inLanguage\":\"it-IT\",\"@id\":\"https:\/\/www.abf.eu\/treviglio\/#\/schema\/person\/image\/\",\"url\":\"https:\/\/secure.gravatar.com\/avatar\/d11c73440097a8b15885a92d8badf2db088be4f45591c073a5b9afd6e287e84f?s=96&d=mm&r=g\",\"contentUrl\":\"https:\/\/secure.gravatar.com\/avatar\/d11c73440097a8b15885a92d8badf2db088be4f45591c073a5b9afd6e287e84f?s=96&d=mm&r=g\",\"caption\":\"valentinalamperti\"},\"url\":\"https:\/\/www.abf.eu\/treviglio\/author\/valentinalamperti\/\"}]}<\/script>\n<!-- \/ Yoast SEO plugin. -->","yoast_head_json":{"title":"Medaglia di bronzo per il nostro Alessandro Rivellini - Treviglio","description":"Si \u00e8 conclusa l\u2019esperienza del nostro atleta Alessandro Rivellini alle Deaflympcs 2022, con la Nazionale sordi di pallavolo.","robots":{"index":"index","follow":"follow","max-snippet":"max-snippet:-1","max-image-preview":"max-image-preview:large","max-video-preview":"max-video-preview:-1"},"canonical":"https:\/\/www.abf.eu\/treviglio\/medaglia-di-bronzo-per-il-nostro-alessandro-rivellini\/","og_locale":"it_IT","og_type":"article","og_title":"Medaglia di bronzo per il nostro Alessandro Rivellini - Treviglio","og_description":"Si \u00e8 conclusa l\u2019esperienza del nostro atleta Alessandro Rivellini alle Deaflympcs 2022, con la Nazionale sordi di pallavolo.","og_url":"https:\/\/www.abf.eu\/treviglio\/medaglia-di-bronzo-per-il-nostro-alessandro-rivellini\/","og_site_name":"Treviglio","article_published_time":"2022-05-30T08:17:21+00:00","article_modified_time":"2022-10-25T09:58:50+00:00","og_image":[{"width":949,"height":706,"url":"https:\/\/www.abf.eu\/treviglio\/wp-content\/uploads\/sites\/8\/2022\/05\/RIVELLINI-BANDIERA.jpg","type":"image\/jpeg"}],"author":"valentinalamperti","twitter_card":"summary_large_image","twitter_misc":{"Scritto da":"valentinalamperti","Tempo di lettura stimato":"2 minuti"},"schema":{"@context":"https:\/\/schema.org","@graph":[{"@type":"WebPage","@id":"https:\/\/www.abf.eu\/treviglio\/medaglia-di-bronzo-per-il-nostro-alessandro-rivellini\/","url":"https:\/\/www.abf.eu\/treviglio\/medaglia-di-bronzo-per-il-nostro-alessandro-rivellini\/","name":"Medaglia di bronzo per il nostro Alessandro Rivellini - Treviglio","isPartOf":{"@id":"https:\/\/www.abf.eu\/treviglio\/#website"},"primaryImageOfPage":{"@id":"https:\/\/www.abf.eu\/treviglio\/medaglia-di-bronzo-per-il-nostro-alessandro-rivellini\/#primaryimage"},"image":{"@id":"https:\/\/www.abf.eu\/treviglio\/medaglia-di-bronzo-per-il-nostro-alessandro-rivellini\/#primaryimage"},"thumbnailUrl":"https:\/\/www.abf.eu\/treviglio\/wp-content\/uploads\/sites\/8\/2022\/05\/RIVELLINI-BANDIERA.jpg","datePublished":"2022-05-30T08:17:21+00:00","dateModified":"2022-10-25T09:58:50+00:00","author":{"@id":"https:\/\/www.abf.eu\/treviglio\/#\/schema\/person\/80f5096f53d6372bff33bd37524f0d97"},"description":"Si \u00e8 conclusa l\u2019esperienza del nostro atleta Alessandro Rivellini alle Deaflympcs 2022, con la Nazionale sordi di pallavolo.","breadcrumb":{"@id":"https:\/\/www.abf.eu\/treviglio\/medaglia-di-bronzo-per-il-nostro-alessandro-rivellini\/#breadcrumb"},"inLanguage":"it-IT","potentialAction":[{"@type":"ReadAction","target":["https:\/\/www.abf.eu\/treviglio\/medaglia-di-bronzo-per-il-nostro-alessandro-rivellini\/"]}]},{"@type":"ImageObject","inLanguage":"it-IT","@id":"https:\/\/www.abf.eu\/treviglio\/medaglia-di-bronzo-per-il-nostro-alessandro-rivellini\/#primaryimage","url":"https:\/\/www.abf.eu\/treviglio\/wp-content\/uploads\/sites\/8\/2022\/05\/RIVELLINI-BANDIERA.jpg","contentUrl":"https:\/\/www.abf.eu\/treviglio\/wp-content\/uploads\/sites\/8\/2022\/05\/RIVELLINI-BANDIERA.jpg","width":949,"height":706},{"@type":"BreadcrumbList","@id":"https:\/\/www.abf.eu\/treviglio\/medaglia-di-bronzo-per-il-nostro-alessandro-rivellini\/#breadcrumb","itemListElement":[{"@type":"ListItem","position":1,"name":"Home","item":"https:\/\/www.abf.eu\/treviglio\/"},{"@type":"ListItem","position":2,"name":"Medaglia di bronzo per il nostro Alessandro Rivellini"}]},{"@type":"WebSite","@id":"https:\/\/www.abf.eu\/treviglio\/#website","url":"https:\/\/www.abf.eu\/treviglio\/","name":"Treviglio","description":"Ecco un altro sito Abf siti","potentialAction":[{"@type":"SearchAction","target":{"@type":"EntryPoint","urlTemplate":"https:\/\/www.abf.eu\/treviglio\/?s={search_term_string}"},"query-input":{"@type":"PropertyValueSpecification","valueRequired":true,"valueName":"search_term_string"}}],"inLanguage":"it-IT"},{"@type":"Person","@id":"https:\/\/www.abf.eu\/treviglio\/#\/schema\/person\/80f5096f53d6372bff33bd37524f0d97","name":"valentinalamperti","image":{"@type":"ImageObject","inLanguage":"it-IT","@id":"https:\/\/www.abf.eu\/treviglio\/#\/schema\/person\/image\/","url":"https:\/\/secure.gravatar.com\/avatar\/d11c73440097a8b15885a92d8badf2db088be4f45591c073a5b9afd6e287e84f?s=96&d=mm&r=g","contentUrl":"https:\/\/secure.gravatar.com\/avatar\/d11c73440097a8b15885a92d8badf2db088be4f45591c073a5b9afd6e287e84f?s=96&d=mm&r=g","caption":"valentinalamperti"},"url":"https:\/\/www.abf.eu\/treviglio\/author\/valentinalamperti\/"}]}},"_links":{"self":[{"href":"https:\/\/www.abf.eu\/treviglio\/wp-json\/wp\/v2\/posts\/17124","targetHints":{"allow":["GET"]}}],"collection":[{"href":"https:\/\/www.abf.eu\/treviglio\/wp-json\/wp\/v2\/posts"}],"about":[{"href":"https:\/\/www.abf.eu\/treviglio\/wp-json\/wp\/v2\/types\/post"}],"author":[{"embeddable":true,"href":"https:\/\/www.abf.eu\/treviglio\/wp-json\/wp\/v2\/users\/29"}],"replies":[{"embeddable":true,"href":"https:\/\/www.abf.eu\/treviglio\/wp-json\/wp\/v2\/comments?post=17124"}],"version-history":[{"count":3,"href":"https:\/\/www.abf.eu\/treviglio\/wp-json\/wp\/v2\/posts\/17124\/revisions"}],"predecessor-version":[{"id":17394,"href":"https:\/\/www.abf.eu\/treviglio\/wp-json\/wp\/v2\/posts\/17124\/revisions\/17394"}],"wp:featuredmedia":[{"embeddable":true,"href":"https:\/\/www.abf.eu\/treviglio\/wp-json\/wp\/v2\/media\/17127"}],"wp:attachment":[{"href":"https:\/\/www.abf.eu\/treviglio\/wp-json\/wp\/v2\/media?parent=17124"}],"wp:term":[{"taxonomy":"category","embeddable":true,"href":"https:\/\/www.abf.eu\/treviglio\/wp-json\/wp\/v2\/categories?post=17124"},{"taxonomy":"post_tag","embeddable":true,"href":"https:\/\/www.abf.eu\/treviglio\/wp-json\/wp\/v2\/tags?post=17124"}],"curies":[{"name":"wp","href":"https:\/\/api.w.org\/{rel}","templated":true}]}}