{"id":17215,"date":"2022-09-28T11:32:09","date_gmt":"2022-09-28T09:32:09","guid":{"rendered":"https:\/\/www.abf.eu\/treviglio\/?p=17215"},"modified":"2022-09-28T11:32:09","modified_gmt":"2022-09-28T09:32:09","slug":"terza-edizione-dellannuario-scolastico","status":"publish","type":"post","link":"https:\/\/www.abf.eu\/treviglio\/terza-edizione-dellannuario-scolastico\/","title":{"rendered":"Terza edizione dell&#8217;Annuario Scolastico"},"content":{"rendered":"\n<h3 class=\"wp-block-heading\">Le foto che raccontano un anno in ABF Treviglio<\/h3>\n\n\n\n<p>Anche quest&#8217;anno proponiamo la realizzazione dell&#8217;<strong>Annuario Scolastico<\/strong>. Si tratta della raccolta di foto che racchiude tutta la comunit\u00e0 scolastica e i momenti simbolici dell&#8217;intero anno scolastico in ABF Treviglio.<\/p>\n\n\n\n<h5 class=\"wp-block-heading\">Un ricordo speciale<\/h5>\n\n\n\n<p>Il progetto nasce dalla volont\u00e0 di conservare i ricordi di quelli che sono gli anni pi\u00f9 belli, ma anche dalla necessit\u00e0 di rafforzare il senso di <strong>appartenenza<\/strong> alla comunit\u00e0 scolastica. La scuola, infatti, \u00e8 il luogo in cui instaurare amicizie e legami profondi da portare con s\u00e9 per sempre.<br>Tuttavia si tratta anche di un&#8217;occasione per esprimere la propria<strong> unicit\u00e0<\/strong> all&#8217;interno del gruppo classe: gli studenti potranno portare con s\u00e9 indumenti e oggetti personali che rappresentino le loro passioni oppure la divisa con gli strumenti del proprio settore.<\/p>\n\n\n\n<h5 class=\"wp-block-heading\">Le novit\u00e0 della Terza Edizione<\/h5>\n\n\n\n<p>&#8220;Quest&#8217;anno saranno introdotte due <strong>novit\u00e0<\/strong>: la foto di classe e la possibilit\u00e0 di lasciare una firma o una dedica sulla pagina finale dell&#8217;Annuario&#8221;, dice la <strong>Prof.ssa Silvia Lorenzi<\/strong>, coordinatrice del progetto che con grande impegno si sta adoperando per scattare le foto e coinvolgere studenti, direzione, docenti e collaboratori. Cogliamo l&#8217;occasione per ringraziarla del lavoro svolto per far s\u00ec che i nostri studenti abbiano un ricordo indelebile di questa fase cos\u00ec importante della loro vita.<\/p>\n\n\n\n<p>Non ci resta che restare in attesa della realizzazione dell&#8217;Annuario Scolastico 2022\/2023 con la sua nuova grafica.<\/p>\n","protected":false},"excerpt":{"rendered":"<p>Le foto che raccontano un anno in ABF Treviglio Anche<\/p>\n","protected":false},"author":47,"featured_media":17227,"comment_status":"open","ping_status":"open","sticky":false,"template":"","format":"standard","meta":{"footnotes":""},"categories":[1],"tags":[],"class_list":["post-17215","post","type-post","status-publish","format-standard","has-post-thumbnail","hentry","category-senza-categoria"],"yoast_head":"<!-- This site is optimized with the Yoast SEO plugin v25.8 - https:\/\/yoast.com\/wordpress\/plugins\/seo\/ -->\n<title>Terza edizione dell&#039;Annuario Scolastico - Treviglio<\/title>\n<meta name=\"description\" content=\"Anche quest&#039;anno proponiamo la realizzazione dell&#039;Annuario Scolastico. Si tratta della raccolta di foto che racchiude tutta la comunit\u00e0 scolastica e i momenti simbolici dell&#039;intero anno scolastico in ABF Treviglio.\" \/>\n<meta name=\"robots\" content=\"index, follow, max-snippet:-1, max-image-preview:large, max-video-preview:-1\" \/>\n<link rel=\"canonical\" href=\"https:\/\/www.abf.eu\/treviglio\/terza-edizione-dellannuario-scolastico\/\" \/>\n<meta property=\"og:locale\" content=\"it_IT\" \/>\n<meta property=\"og:type\" content=\"article\" \/>\n<meta property=\"og:title\" content=\"Terza edizione dell&#039;Annuario Scolastico - Treviglio\" \/>\n<meta property=\"og:description\" content=\"Anche quest&#039;anno proponiamo la realizzazione dell&#039;Annuario Scolastico. Si tratta della raccolta di foto che racchiude tutta la comunit\u00e0 scolastica e i momenti simbolici dell&#039;intero anno scolastico in ABF Treviglio.\" \/>\n<meta property=\"og:url\" content=\"https:\/\/www.abf.eu\/treviglio\/terza-edizione-dellannuario-scolastico\/\" \/>\n<meta property=\"og:site_name\" content=\"Treviglio\" \/>\n<meta property=\"article:published_time\" content=\"2022-09-28T09:32:09+00:00\" \/>\n<meta property=\"og:image\" content=\"https:\/\/www.abf.eu\/treviglio\/wp-content\/uploads\/sites\/8\/2022\/09\/shutterstock_275971190-scaled-e1664357296808.jpg\" \/>\n\t<meta property=\"og:image:width\" content=\"1000\" \/>\n\t<meta property=\"og:image:height\" content=\"667\" \/>\n\t<meta property=\"og:image:type\" content=\"image\/jpeg\" \/>\n<meta name=\"author\" content=\"abfeditortreviglio\" \/>\n<meta name=\"twitter:card\" content=\"summary_large_image\" \/>\n<meta name=\"twitter:label1\" content=\"Scritto da\" \/>\n\t<meta name=\"twitter:data1\" content=\"abfeditortreviglio\" \/>\n\t<meta name=\"twitter:label2\" content=\"Tempo di lettura stimato\" \/>\n\t<meta name=\"twitter:data2\" content=\"2 minuti\" \/>\n<script type=\"application\/ld+json\" class=\"yoast-schema-graph\">{\"@context\":\"https:\/\/schema.org\",\"@graph\":[{\"@type\":\"WebPage\",\"@id\":\"https:\/\/www.abf.eu\/treviglio\/terza-edizione-dellannuario-scolastico\/\",\"url\":\"https:\/\/www.abf.eu\/treviglio\/terza-edizione-dellannuario-scolastico\/\",\"name\":\"Terza edizione dell'Annuario Scolastico - Treviglio\",\"isPartOf\":{\"@id\":\"https:\/\/www.abf.eu\/treviglio\/#website\"},\"primaryImageOfPage\":{\"@id\":\"https:\/\/www.abf.eu\/treviglio\/terza-edizione-dellannuario-scolastico\/#primaryimage\"},\"image\":{\"@id\":\"https:\/\/www.abf.eu\/treviglio\/terza-edizione-dellannuario-scolastico\/#primaryimage\"},\"thumbnailUrl\":\"https:\/\/www.abf.eu\/treviglio\/wp-content\/uploads\/sites\/8\/2022\/09\/shutterstock_275971190-scaled-e1664357296808.jpg\",\"datePublished\":\"2022-09-28T09:32:09+00:00\",\"author\":{\"@id\":\"https:\/\/www.abf.eu\/treviglio\/#\/schema\/person\/5e3592a67fae49949ed1c8bafe370c22\"},\"description\":\"Anche quest'anno proponiamo la realizzazione dell'Annuario Scolastico. Si tratta della raccolta di foto che racchiude tutta la comunit\u00e0 scolastica e i momenti simbolici dell'intero anno scolastico in ABF Treviglio.\",\"breadcrumb\":{\"@id\":\"https:\/\/www.abf.eu\/treviglio\/terza-edizione-dellannuario-scolastico\/#breadcrumb\"},\"inLanguage\":\"it-IT\",\"potentialAction\":[{\"@type\":\"ReadAction\",\"target\":[\"https:\/\/www.abf.eu\/treviglio\/terza-edizione-dellannuario-scolastico\/\"]}]},{\"@type\":\"ImageObject\",\"inLanguage\":\"it-IT\",\"@id\":\"https:\/\/www.abf.eu\/treviglio\/terza-edizione-dellannuario-scolastico\/#primaryimage\",\"url\":\"https:\/\/www.abf.eu\/treviglio\/wp-content\/uploads\/sites\/8\/2022\/09\/shutterstock_275971190-scaled-e1664357296808.jpg\",\"contentUrl\":\"https:\/\/www.abf.eu\/treviglio\/wp-content\/uploads\/sites\/8\/2022\/09\/shutterstock_275971190-scaled-e1664357296808.jpg\",\"width\":1000,\"height\":667,\"caption\":\"annuario\"},{\"@type\":\"BreadcrumbList\",\"@id\":\"https:\/\/www.abf.eu\/treviglio\/terza-edizione-dellannuario-scolastico\/#breadcrumb\",\"itemListElement\":[{\"@type\":\"ListItem\",\"position\":1,\"name\":\"Home\",\"item\":\"https:\/\/www.abf.eu\/treviglio\/\"},{\"@type\":\"ListItem\",\"position\":2,\"name\":\"Terza edizione dell&#8217;Annuario Scolastico\"}]},{\"@type\":\"WebSite\",\"@id\":\"https:\/\/www.abf.eu\/treviglio\/#website\",\"url\":\"https:\/\/www.abf.eu\/treviglio\/\",\"name\":\"Treviglio\",\"description\":\"Ecco un altro sito Abf siti\",\"potentialAction\":[{\"@type\":\"SearchAction\",\"target\":{\"@type\":\"EntryPoint\",\"urlTemplate\":\"https:\/\/www.abf.eu\/treviglio\/?s={search_term_string}\"},\"query-input\":{\"@type\":\"PropertyValueSpecification\",\"valueRequired\":true,\"valueName\":\"search_term_string\"}}],\"inLanguage\":\"it-IT\"},{\"@type\":\"Person\",\"@id\":\"https:\/\/www.abf.eu\/treviglio\/#\/schema\/person\/5e3592a67fae49949ed1c8bafe370c22\",\"name\":\"abfeditortreviglio\",\"image\":{\"@type\":\"ImageObject\",\"inLanguage\":\"it-IT\",\"@id\":\"https:\/\/www.abf.eu\/treviglio\/#\/schema\/person\/image\/\",\"url\":\"https:\/\/secure.gravatar.com\/avatar\/2a2bd997f9d05889242189dbdd9ed94b71a07f7131b18ac0e94f80ba02f3bff1?s=96&d=mm&r=g\",\"contentUrl\":\"https:\/\/secure.gravatar.com\/avatar\/2a2bd997f9d05889242189dbdd9ed94b71a07f7131b18ac0e94f80ba02f3bff1?s=96&d=mm&r=g\",\"caption\":\"abfeditortreviglio\"},\"sameAs\":[\"Genuine\"],\"url\":\"https:\/\/www.abf.eu\/treviglio\/author\/abfeditortreviglio\/\"}]}<\/script>\n<!-- \/ Yoast SEO plugin. -->","yoast_head_json":{"title":"Terza edizione dell'Annuario Scolastico - Treviglio","description":"Anche quest'anno proponiamo la realizzazione dell'Annuario Scolastico. Si tratta della raccolta di foto che racchiude tutta la comunit\u00e0 scolastica e i momenti simbolici dell'intero anno scolastico in ABF Treviglio.","robots":{"index":"index","follow":"follow","max-snippet":"max-snippet:-1","max-image-preview":"max-image-preview:large","max-video-preview":"max-video-preview:-1"},"canonical":"https:\/\/www.abf.eu\/treviglio\/terza-edizione-dellannuario-scolastico\/","og_locale":"it_IT","og_type":"article","og_title":"Terza edizione dell'Annuario Scolastico - Treviglio","og_description":"Anche quest'anno proponiamo la realizzazione dell'Annuario Scolastico. Si tratta della raccolta di foto che racchiude tutta la comunit\u00e0 scolastica e i momenti simbolici dell'intero anno scolastico in ABF Treviglio.","og_url":"https:\/\/www.abf.eu\/treviglio\/terza-edizione-dellannuario-scolastico\/","og_site_name":"Treviglio","article_published_time":"2022-09-28T09:32:09+00:00","og_image":[{"width":1000,"height":667,"url":"https:\/\/www.abf.eu\/treviglio\/wp-content\/uploads\/sites\/8\/2022\/09\/shutterstock_275971190-scaled-e1664357296808.jpg","type":"image\/jpeg"}],"author":"abfeditortreviglio","twitter_card":"summary_large_image","twitter_misc":{"Scritto da":"abfeditortreviglio","Tempo di lettura stimato":"2 minuti"},"schema":{"@context":"https:\/\/schema.org","@graph":[{"@type":"WebPage","@id":"https:\/\/www.abf.eu\/treviglio\/terza-edizione-dellannuario-scolastico\/","url":"https:\/\/www.abf.eu\/treviglio\/terza-edizione-dellannuario-scolastico\/","name":"Terza edizione dell'Annuario Scolastico - Treviglio","isPartOf":{"@id":"https:\/\/www.abf.eu\/treviglio\/#website"},"primaryImageOfPage":{"@id":"https:\/\/www.abf.eu\/treviglio\/terza-edizione-dellannuario-scolastico\/#primaryimage"},"image":{"@id":"https:\/\/www.abf.eu\/treviglio\/terza-edizione-dellannuario-scolastico\/#primaryimage"},"thumbnailUrl":"https:\/\/www.abf.eu\/treviglio\/wp-content\/uploads\/sites\/8\/2022\/09\/shutterstock_275971190-scaled-e1664357296808.jpg","datePublished":"2022-09-28T09:32:09+00:00","author":{"@id":"https:\/\/www.abf.eu\/treviglio\/#\/schema\/person\/5e3592a67fae49949ed1c8bafe370c22"},"description":"Anche quest'anno proponiamo la realizzazione dell'Annuario Scolastico. Si tratta della raccolta di foto che racchiude tutta la comunit\u00e0 scolastica e i momenti simbolici dell'intero anno scolastico in ABF Treviglio.","breadcrumb":{"@id":"https:\/\/www.abf.eu\/treviglio\/terza-edizione-dellannuario-scolastico\/#breadcrumb"},"inLanguage":"it-IT","potentialAction":[{"@type":"ReadAction","target":["https:\/\/www.abf.eu\/treviglio\/terza-edizione-dellannuario-scolastico\/"]}]},{"@type":"ImageObject","inLanguage":"it-IT","@id":"https:\/\/www.abf.eu\/treviglio\/terza-edizione-dellannuario-scolastico\/#primaryimage","url":"https:\/\/www.abf.eu\/treviglio\/wp-content\/uploads\/sites\/8\/2022\/09\/shutterstock_275971190-scaled-e1664357296808.jpg","contentUrl":"https:\/\/www.abf.eu\/treviglio\/wp-content\/uploads\/sites\/8\/2022\/09\/shutterstock_275971190-scaled-e1664357296808.jpg","width":1000,"height":667,"caption":"annuario"},{"@type":"BreadcrumbList","@id":"https:\/\/www.abf.eu\/treviglio\/terza-edizione-dellannuario-scolastico\/#breadcrumb","itemListElement":[{"@type":"ListItem","position":1,"name":"Home","item":"https:\/\/www.abf.eu\/treviglio\/"},{"@type":"ListItem","position":2,"name":"Terza edizione dell&#8217;Annuario Scolastico"}]},{"@type":"WebSite","@id":"https:\/\/www.abf.eu\/treviglio\/#website","url":"https:\/\/www.abf.eu\/treviglio\/","name":"Treviglio","description":"Ecco un altro sito Abf siti","potentialAction":[{"@type":"SearchAction","target":{"@type":"EntryPoint","urlTemplate":"https:\/\/www.abf.eu\/treviglio\/?s={search_term_string}"},"query-input":{"@type":"PropertyValueSpecification","valueRequired":true,"valueName":"search_term_string"}}],"inLanguage":"it-IT"},{"@type":"Person","@id":"https:\/\/www.abf.eu\/treviglio\/#\/schema\/person\/5e3592a67fae49949ed1c8bafe370c22","name":"abfeditortreviglio","image":{"@type":"ImageObject","inLanguage":"it-IT","@id":"https:\/\/www.abf.eu\/treviglio\/#\/schema\/person\/image\/","url":"https:\/\/secure.gravatar.com\/avatar\/2a2bd997f9d05889242189dbdd9ed94b71a07f7131b18ac0e94f80ba02f3bff1?s=96&d=mm&r=g","contentUrl":"https:\/\/secure.gravatar.com\/avatar\/2a2bd997f9d05889242189dbdd9ed94b71a07f7131b18ac0e94f80ba02f3bff1?s=96&d=mm&r=g","caption":"abfeditortreviglio"},"sameAs":["Genuine"],"url":"https:\/\/www.abf.eu\/treviglio\/author\/abfeditortreviglio\/"}]}},"_links":{"self":[{"href":"https:\/\/www.abf.eu\/treviglio\/wp-json\/wp\/v2\/posts\/17215","targetHints":{"allow":["GET"]}}],"collection":[{"href":"https:\/\/www.abf.eu\/treviglio\/wp-json\/wp\/v2\/posts"}],"about":[{"href":"https:\/\/www.abf.eu\/treviglio\/wp-json\/wp\/v2\/types\/post"}],"author":[{"embeddable":true,"href":"https:\/\/www.abf.eu\/treviglio\/wp-json\/wp\/v2\/users\/47"}],"replies":[{"embeddable":true,"href":"https:\/\/www.abf.eu\/treviglio\/wp-json\/wp\/v2\/comments?post=17215"}],"version-history":[{"count":3,"href":"https:\/\/www.abf.eu\/treviglio\/wp-json\/wp\/v2\/posts\/17215\/revisions"}],"predecessor-version":[{"id":17228,"href":"https:\/\/www.abf.eu\/treviglio\/wp-json\/wp\/v2\/posts\/17215\/revisions\/17228"}],"wp:featuredmedia":[{"embeddable":true,"href":"https:\/\/www.abf.eu\/treviglio\/wp-json\/wp\/v2\/media\/17227"}],"wp:attachment":[{"href":"https:\/\/www.abf.eu\/treviglio\/wp-json\/wp\/v2\/media?parent=17215"}],"wp:term":[{"taxonomy":"category","embeddable":true,"href":"https:\/\/www.abf.eu\/treviglio\/wp-json\/wp\/v2\/categories?post=17215"},{"taxonomy":"post_tag","embeddable":true,"href":"https:\/\/www.abf.eu\/treviglio\/wp-json\/wp\/v2\/tags?post=17215"}],"curies":[{"name":"wp","href":"https:\/\/api.w.org\/{rel}","templated":true}]}}