{"id":17326,"date":"2022-10-12T11:59:12","date_gmt":"2022-10-12T09:59:12","guid":{"rendered":"https:\/\/www.abf.eu\/treviglio\/?p=17326"},"modified":"2023-03-13T11:28:00","modified_gmt":"2023-03-13T10:28:00","slug":"ritorno-al-futuro","status":"publish","type":"post","link":"https:\/\/www.abf.eu\/treviglio\/ritorno-al-futuro\/","title":{"rendered":"ABF Treviglio per i giovani con &#8220;Ritorno al futuro&#8221;"},"content":{"rendered":"\n<h3 class=\"wp-block-heading\">ABF partecipa al progetto &#8220;Ritorno al futuro&#8221;, vincitore del bando &#8220;<em>Giovani Smart<\/em>&#8221; indetto da Regione Lombardia<\/h3>\n\n\n\n<h5 class=\"wp-block-heading\">Il progetto<\/h5>\n\n\n\n<p>Il Comune di Treviglio ha unito <strong>4 eccellenze territoriali <\/strong>(ABF Treviglio, Fondazione Portaluppi, Associazione Atena e Grow ASD) nell&#8217;impegno comune verso il contrasto del disagio giovanile. <\/p>\n\n\n\n<p>Il progetto, che prende il nome di &#8220;<strong>Ritorno al futuro<\/strong>&#8220;, prevede 4 &#8220;puntate&#8221; (per rimanere in ambito cinematografico) in cui il fattore comune sar\u00e0 la socialit\u00e0 e la battaglia a tutte le varie forme di disagio giovanile attraverso lo sviluppo di percorsi di crescita, supporto psico-fisico e attivit\u00e0 laboratoriali ad accesso libero e gratuito.<\/p>\n\n\n\n<p>Le puntate avranno un luogo e un tema proprio, favorendo la multidisciplinariet\u00e0 e quindi la fusione tra arti, tecniche e attivit\u00e0 diverse.<\/p>\n\n\n\n<p>Cos\u00ec l\u2019assessora <strong>Valentina Tugnoli<\/strong> ha descritto l&#8217;iniziativa: \u201c<em>Ritorno al futuro incarna lo spirito con il quale l\u2019amministrazione ha preso in carico le cause delle nuove generazioni. Crediamo nei fatti e che l\u2019ascolto e le proposte vadano ricevute dal basso<\/em>\u201d. L&#8217;intervento si conclude con una considerazione sul coinvolgimento dei giovani: \u201c<em>Uno dei luoghi centrali di \u201cRitorno al futuro\u201d sar\u00e0 l\u2019ex Centro per l\u2019impiego di Treviglio, a cui prontamente i giovani dovranno trovare un nome. Questo rappresenta il campo base della progettualit\u00e0, nonch\u00e9 un\u2019importante operazione di rigenerazione d\u2019uso del luogo fungendo da info-point per le diverse puntate. Lo spazio torna a rivivere, sotto un\u2019altra veste. Qui i giovani avranno l\u2019opportunit\u00e0 di trovare informazioni e svolgere una parte degli appuntamenti previsti<\/em>\u201d<\/p>\n\n\n\n<figure class=\"wp-block-image size-full\"><img loading=\"lazy\" decoding=\"async\" width=\"1000\" height=\"666\" src=\"https:\/\/www.abf.eu\/treviglio\/wp-content\/uploads\/sites\/8\/2022\/10\/Image-9-1.jpeg\" alt=\"valentina tugnoli presenta ritorno al futuro\" class=\"wp-image-17351\" srcset=\"https:\/\/www.abf.eu\/treviglio\/wp-content\/uploads\/sites\/8\/2022\/10\/Image-9-1.jpeg 1000w, https:\/\/www.abf.eu\/treviglio\/wp-content\/uploads\/sites\/8\/2022\/10\/Image-9-1-300x200.jpeg 300w, https:\/\/www.abf.eu\/treviglio\/wp-content\/uploads\/sites\/8\/2022\/10\/Image-9-1-768x511.jpeg 768w, https:\/\/www.abf.eu\/treviglio\/wp-content\/uploads\/sites\/8\/2022\/10\/Image-9-1-600x400.jpeg 600w\" sizes=\"auto, (max-width: 1000px) 100vw, 1000px\" \/><figcaption class=\"wp-element-caption\">L&#8217;Assessora Valentina Tugnoli presenta &#8220;Ritorno al futuro&#8221;<\/figcaption><\/figure>\n\n\n\n<h5 class=\"wp-block-heading\">L&#8217;impegno e il programma di ABF Treviglio<\/h5>\n\n\n\n<p>ABF Treviglio si impegna da sempre nell&#8217;orientamento e nella formazione di giovani, lavoratori, inoccupati e disoccupati. Per questo motivo non poteva mancare all&#8217;appello in un&#8217;iniziativa cos\u00ec importante a livello regionale. <\/p>\n\n\n\n<p>Il Direttore e coordinatore <strong>Davide Finazzi<\/strong> annuncia che l&#8217;obiettivo \u00e8 quello di proporre un laboratorio di <strong>cucina<\/strong> della durata di 14 ore in cui si far\u00e0 leva non solo sulla tecnica e l&#8217;abilit\u00e0 manuale ma anche sulla creativit\u00e0, sullo spirito di gruppo e sull&#8217;inserimento nel mondo del lavoro. In questo modo verranno valorizzate le potenzialit\u00e0 di ognuno e l&#8217;inserimento di ogni singola identit\u00e0 all&#8217;interno della societ\u00e0.<\/p>\n\n\n\n<figure class=\"wp-block-image size-full\"><img loading=\"lazy\" decoding=\"async\" width=\"1000\" height=\"666\" src=\"https:\/\/www.abf.eu\/treviglio\/wp-content\/uploads\/sites\/8\/2022\/10\/Image-11-1.jpeg\" alt=\"direttore programma abf\" class=\"wp-image-17352\" srcset=\"https:\/\/www.abf.eu\/treviglio\/wp-content\/uploads\/sites\/8\/2022\/10\/Image-11-1.jpeg 1000w, https:\/\/www.abf.eu\/treviglio\/wp-content\/uploads\/sites\/8\/2022\/10\/Image-11-1-300x200.jpeg 300w, https:\/\/www.abf.eu\/treviglio\/wp-content\/uploads\/sites\/8\/2022\/10\/Image-11-1-768x511.jpeg 768w, https:\/\/www.abf.eu\/treviglio\/wp-content\/uploads\/sites\/8\/2022\/10\/Image-11-1-600x400.jpeg 600w\" sizes=\"auto, (max-width: 1000px) 100vw, 1000px\" \/><figcaption class=\"wp-element-caption\">Il Direttore Davide Finazzi introduce il contributo di  ABF Treviglio<\/figcaption><\/figure>\n\n\n\n<hr class=\"wp-block-separator has-alpha-channel-opacity\"\/>\n\n\n\n<h3 class=\"wp-block-heading\">I corsi proposti presso la sede di Treviglio<\/h3>\n\n\n\n<h5 class=\"wp-block-heading\"><mark style=\"background-color:#fcb900\" class=\"has-inline-color has-black-color\">Laboratorio di orientamento al lavoro<\/mark><\/h5>\n\n\n\n<ul class=\"wp-block-list\">\n<li><strong>Durata<\/strong>: 30h (dalle 15 alle 17)<\/li>\n\n\n\n<li><strong>Periodo<\/strong>: Aprile-Maggio 2023. <\/li>\n\n\n\n<li><strong>Target<\/strong>: 15-35 anni<\/li>\n<\/ul>\n\n\n\n<p>Si tratta di un laboratorio interattivo in cui si apprendono numerose informazioni sul mondo del lavoro e su come poter ottimizzare la ricerca di lavoro. Si parte quindi dall\u2019esplorazione delle proprie inclinazioni attraverso esercitazioni di gruppo per comprendere quali sono le modalit\u00e0 per riuscire a creare il proprio bilancio di competenze. Lo scopo \u00e8 quello di trasmettere tutti gli strumenti necessari per orientarsi tra offerte di lavoro, autocandidature, redazione del curriculum, creazione della propria rete professionale, mappatura del territorio, segmentazione delle organizzazioni, colloquio, personal branding, etc.<\/p>\n\n\n\n<p>Lo scambio di informazioni diventa fondamentale se il gruppo condivide l\u2019obiettivo. Ogni informazione riguardo a una azienda, ogni contatto utile e la facolt\u00e0 di mettere insieme le esperienze di vita e professionali di ciascuno determina un circolo virtuoso che attiva il singolo e lo rende indispensabile per il gruppo. Al tempo stesso il giovane esce dalla sua condizione di marginalit\u00e0 e vive una esperienza formativa utile a s\u00e9 e al gruppo. Sono previste esercitazioni, letture, visioni di video, condivisioni di esperienze e modalit\u00e0 di candidatura, lezioni frontali.<\/p>\n\n\n\n<p>Calendario delle lezioni:<\/p>\n\n\n\n<ul class=\"wp-block-list\">\n<li>Aprile: 3-5-12-17-19-26-28 Aprile<\/li>\n\n\n\n<li>Maggio: 2-3-8-10-15-17-22-24 Maggio<\/li>\n<\/ul>\n\n\n\n<div id=\"linkcontent-block_640eebf96d0e6\" class=\"link-content \">\n    <a class='animated-arrow font-weight-bold' href='https:\/\/www.ritornoalfuturotreviglio.it\/' target=\"_blank\">\n        <span class='the-arrow -left'>\n            <span class='shaft'><\/span>\n        <\/span>\n        <span class='main'>\n            <span class='text'>ISCRIVITI QUI<\/span>\n            <span class='the-arrow -right'>\n                <span class='shaft'><\/span>\n            <\/span>\n        <\/span>\n    <\/a>\n<\/div>\n\n\n\n\n\n<hr class=\"wp-block-separator has-alpha-channel-opacity\"\/>\n\n\n\n<h5 class=\"wp-block-heading\"><mark><mark style=\"background-color:#fcb900\" class=\"has-inline-color has-black-color\">Laboratorio di cucina<\/mark><\/mark><\/h5>\n\n\n\n<ul class=\"wp-block-list\">\n<li><strong>Durata<\/strong>: 12h (dalle 16 alle 20)<\/li>\n\n\n\n<li><strong>Periodo<\/strong>: Marzo-Aprile 2023<\/li>\n\n\n\n<li><strong>Target<\/strong>: 13-35 anni<\/li>\n<\/ul>\n\n\n\n<p>In questo breve corso andremo ad esplorare le tecniche base di cucina, ci avventuriamo nelle portate classiche di un men\u00f9.<\/p>\n\n\n\n<p>Scopriremo quali sono i trucchi per fare una eccellente pasta fresca o una perfetta salsa per accompagnare il nostro secondo piatto preferito. Vedremo insieme qual \u00e8 il segreto per fare una ottima pasta frolla.<\/p>\n\n\n\n<p>Tre incontri dedicati ognuno ad un argomento specifico: i primi piatti (pasta commerciale, fresca e i sughi base), i secondi con contorni e i dolci.<\/p>\n\n\n\n<p>Che aspetti? Entra a far parte della nostra squadra per conoscere i piccoli trucchi di questo lavoro.<\/p>\n\n\n\n<p><strong>Contenuti<\/strong><\/p>\n\n\n\n<ul class=\"wp-block-list\">\n<li>Lezione 1 Pasta commerciale e fresca. Le salse madri e i condimenti pi\u00f9 famosi.<\/li>\n\n\n\n<li>Lezione 2 Pollo alla cacciatora, maialino al latte. Patate al forno, pomme duchesse e dadolata mediterranea.<\/li>\n\n\n\n<li>Lezione 3 Pasta frolla e crema pasticcera, tortino al cioccolato.<\/li>\n<\/ul>\n\n\n\n<p>Calendario delle lezioni:<\/p>\n\n\n\n<ul class=\"wp-block-list\">\n<li>31 marzo<\/li>\n\n\n\n<li>14 aprile<\/li>\n\n\n\n<li>21 aprile<\/li>\n<\/ul>\n\n\n\n<p>Modalit\u00e0 didattiche: in coppia con un altro partecipante si andranno a svolgere le preparazioni guidati dallo chef. Durante la lezione ci saranno anche dei piccoli momenti dove vedremo anche la parte tecnica e i termini base.<\/p>\n\n\n\n<p>\u00c8 possibile frequentare anche solo 1 o 2 degli appuntamenti in base alle proprie preferenze.<\/p>\n\n\n\n<div id=\"linkcontent-block_640eec216d0e7\" class=\"link-content \">\n    <a class='animated-arrow font-weight-bold' href='https:\/\/www.ritornoalfuturotreviglio.it\/' target=\"_blank\">\n        <span class='the-arrow -left'>\n            <span class='shaft'><\/span>\n        <\/span>\n        <span class='main'>\n            <span class='text'>ISCRIVITI QUI<\/span>\n            <span class='the-arrow -right'>\n                <span class='shaft'><\/span>\n            <\/span>\n        <\/span>\n    <\/a>\n<\/div>\n\n\n\n\n\n<hr class=\"wp-block-separator has-alpha-channel-opacity\"\/>\n\n\n\n<h5 class=\"wp-block-heading\">Il pranzo in ABF con gli organizzatori<\/h5>\n\n\n\n<p>Dopo la presentazione, ABF \u00e8 stata lieta di accogliere organizzatori e partner del progetto nella sua sede di Treviglio. I ragazzi di cucina e sala\/bar hanno preparato e servito un pranzo eccezionale a tema autunnale:<\/p>\n\n\n\n<ul class=\"wp-block-list\">\n<li>cannolo al parmigiano su vellutata di patate viola;<\/li>\n<\/ul>\n\n\n\n<figure class=\"wp-block-image size-full\"><img loading=\"lazy\" decoding=\"async\" width=\"1000\" height=\"665\" src=\"https:\/\/www.abf.eu\/treviglio\/wp-content\/uploads\/sites\/8\/2022\/10\/Image-14-1.jpeg\" alt=\"cannolo al parmigiano\" class=\"wp-image-17353\" srcset=\"https:\/\/www.abf.eu\/treviglio\/wp-content\/uploads\/sites\/8\/2022\/10\/Image-14-1.jpeg 1000w, https:\/\/www.abf.eu\/treviglio\/wp-content\/uploads\/sites\/8\/2022\/10\/Image-14-1-300x200.jpeg 300w, https:\/\/www.abf.eu\/treviglio\/wp-content\/uploads\/sites\/8\/2022\/10\/Image-14-1-768x511.jpeg 768w, https:\/\/www.abf.eu\/treviglio\/wp-content\/uploads\/sites\/8\/2022\/10\/Image-14-1-600x400.jpeg 600w\" sizes=\"auto, (max-width: 1000px) 100vw, 1000px\" \/><\/figure>\n\n\n\n<ul class=\"wp-block-list\">\n<li>risotto alla zucca, speck e amaretti;<\/li>\n<\/ul>\n\n\n\n<figure class=\"wp-block-image size-full\"><img loading=\"lazy\" decoding=\"async\" width=\"1000\" height=\"666\" src=\"https:\/\/www.abf.eu\/treviglio\/wp-content\/uploads\/sites\/8\/2022\/10\/Image-8-1.jpeg\" alt=\"risotto alla zucca\" class=\"wp-image-17354\" srcset=\"https:\/\/www.abf.eu\/treviglio\/wp-content\/uploads\/sites\/8\/2022\/10\/Image-8-1.jpeg 1000w, https:\/\/www.abf.eu\/treviglio\/wp-content\/uploads\/sites\/8\/2022\/10\/Image-8-1-300x200.jpeg 300w, https:\/\/www.abf.eu\/treviglio\/wp-content\/uploads\/sites\/8\/2022\/10\/Image-8-1-768x511.jpeg 768w, https:\/\/www.abf.eu\/treviglio\/wp-content\/uploads\/sites\/8\/2022\/10\/Image-8-1-600x400.jpeg 600w\" sizes=\"auto, (max-width: 1000px) 100vw, 1000px\" \/><\/figure>\n\n\n\n<ul class=\"wp-block-list\">\n<li>lasagna con salsiccia e funghi;<\/li>\n<\/ul>\n\n\n\n<figure class=\"wp-block-image size-full\"><img loading=\"lazy\" decoding=\"async\" width=\"1000\" height=\"666\" src=\"https:\/\/www.abf.eu\/treviglio\/wp-content\/uploads\/sites\/8\/2022\/10\/Image-13-1.jpeg\" alt=\"lasagne ai funghi\" class=\"wp-image-17355\" srcset=\"https:\/\/www.abf.eu\/treviglio\/wp-content\/uploads\/sites\/8\/2022\/10\/Image-13-1.jpeg 1000w, https:\/\/www.abf.eu\/treviglio\/wp-content\/uploads\/sites\/8\/2022\/10\/Image-13-1-300x200.jpeg 300w, https:\/\/www.abf.eu\/treviglio\/wp-content\/uploads\/sites\/8\/2022\/10\/Image-13-1-768x511.jpeg 768w, https:\/\/www.abf.eu\/treviglio\/wp-content\/uploads\/sites\/8\/2022\/10\/Image-13-1-600x400.jpeg 600w\" sizes=\"auto, (max-width: 1000px) 100vw, 1000px\" \/><\/figure>\n\n\n\n<ul class=\"wp-block-list\">\n<li>torta sacher.<\/li>\n<\/ul>\n\n\n\n<figure class=\"wp-block-image size-full\"><img loading=\"lazy\" decoding=\"async\" width=\"1000\" height=\"666\" src=\"https:\/\/www.abf.eu\/treviglio\/wp-content\/uploads\/sites\/8\/2022\/10\/Image-12-1.jpeg\" alt=\"torta sacher\" class=\"wp-image-17356\" srcset=\"https:\/\/www.abf.eu\/treviglio\/wp-content\/uploads\/sites\/8\/2022\/10\/Image-12-1.jpeg 1000w, https:\/\/www.abf.eu\/treviglio\/wp-content\/uploads\/sites\/8\/2022\/10\/Image-12-1-300x200.jpeg 300w, https:\/\/www.abf.eu\/treviglio\/wp-content\/uploads\/sites\/8\/2022\/10\/Image-12-1-768x511.jpeg 768w, https:\/\/www.abf.eu\/treviglio\/wp-content\/uploads\/sites\/8\/2022\/10\/Image-12-1-600x400.jpeg 600w\" sizes=\"auto, (max-width: 1000px) 100vw, 1000px\" \/><\/figure>\n\n\n\n<h5 class=\"wp-block-heading\">Iscrizioni<\/h5>\n\n\n\n<p>Le iscrizioni saranno aperte a partire da Dicembre ma \u00e8 gi\u00e0 possibile pre-iscriversi cliccando qui: <a href=\"https:\/\/www.ritornoalfuturotreviglio.it\/\" target=\"_blank\" rel=\"noreferrer noopener\">https:\/\/www.ritornoalfuturotreviglio.it\/<\/a>.<\/p>\n\n\n\n<p>Non perdere quest&#8217;occasione unica di sviluppare competenze in cucina ma allo stesso tempo socializzare e imparare a inserirti nel contesto lavorativo.<\/p>\n","protected":false},"excerpt":{"rendered":"<p>ABF partecipa al progetto &#8220;Ritorno al futuro&#8221;, vincitore del bando<\/p>\n","protected":false},"author":47,"featured_media":17345,"comment_status":"open","ping_status":"open","sticky":false,"template":"","format":"standard","meta":{"footnotes":""},"categories":[1],"tags":[],"class_list":["post-17326","post","type-post","status-publish","format-standard","has-post-thumbnail","hentry","category-senza-categoria"],"yoast_head":"<!-- This site is optimized with the Yoast SEO plugin v25.8 - https:\/\/yoast.com\/wordpress\/plugins\/seo\/ -->\n<title>ABF Treviglio per i giovani con &quot;Ritorno al futuro&quot; - Treviglio<\/title>\n<meta name=\"description\" content=\"&quot;Ritorno al futuro&quot; ha unito 4 eccellenze territoriali, tra cui ABF Treviglio, nell&#039;impegno verso il contrasto del disagio giovanile.\" \/>\n<meta name=\"robots\" content=\"index, follow, max-snippet:-1, max-image-preview:large, max-video-preview:-1\" \/>\n<link rel=\"canonical\" href=\"https:\/\/www.abf.eu\/treviglio\/ritorno-al-futuro\/\" \/>\n<meta property=\"og:locale\" content=\"it_IT\" \/>\n<meta property=\"og:type\" content=\"article\" \/>\n<meta property=\"og:title\" content=\"ABF Treviglio per i giovani con &quot;Ritorno al futuro&quot; - Treviglio\" \/>\n<meta property=\"og:description\" content=\"&quot;Ritorno al futuro&quot; ha unito 4 eccellenze territoriali, tra cui ABF Treviglio, nell&#039;impegno verso il contrasto del disagio giovanile.\" \/>\n<meta property=\"og:url\" content=\"https:\/\/www.abf.eu\/treviglio\/ritorno-al-futuro\/\" \/>\n<meta property=\"og:site_name\" content=\"Treviglio\" \/>\n<meta property=\"article:published_time\" content=\"2022-10-12T09:59:12+00:00\" \/>\n<meta property=\"article:modified_time\" content=\"2023-03-13T10:28:00+00:00\" \/>\n<meta property=\"og:image\" content=\"https:\/\/www.abf.eu\/treviglio\/wp-content\/uploads\/sites\/8\/2022\/10\/Image-16-1.jpeg\" \/>\n\t<meta property=\"og:image:width\" content=\"999\" \/>\n\t<meta property=\"og:image:height\" content=\"667\" \/>\n\t<meta property=\"og:image:type\" content=\"image\/jpeg\" \/>\n<meta name=\"author\" content=\"abfeditortreviglio\" \/>\n<meta name=\"twitter:card\" content=\"summary_large_image\" \/>\n<meta name=\"twitter:label1\" content=\"Scritto da\" \/>\n\t<meta name=\"twitter:data1\" content=\"abfeditortreviglio\" \/>\n\t<meta name=\"twitter:label2\" content=\"Tempo di lettura stimato\" \/>\n\t<meta name=\"twitter:data2\" content=\"6 minuti\" \/>\n<script type=\"application\/ld+json\" class=\"yoast-schema-graph\">{\"@context\":\"https:\/\/schema.org\",\"@graph\":[{\"@type\":\"WebPage\",\"@id\":\"https:\/\/www.abf.eu\/treviglio\/ritorno-al-futuro\/\",\"url\":\"https:\/\/www.abf.eu\/treviglio\/ritorno-al-futuro\/\",\"name\":\"ABF Treviglio per i giovani con \\\"Ritorno al futuro\\\" - Treviglio\",\"isPartOf\":{\"@id\":\"https:\/\/www.abf.eu\/treviglio\/#website\"},\"primaryImageOfPage\":{\"@id\":\"https:\/\/www.abf.eu\/treviglio\/ritorno-al-futuro\/#primaryimage\"},\"image\":{\"@id\":\"https:\/\/www.abf.eu\/treviglio\/ritorno-al-futuro\/#primaryimage\"},\"thumbnailUrl\":\"https:\/\/www.abf.eu\/treviglio\/wp-content\/uploads\/sites\/8\/2022\/10\/Image-16-1.jpeg\",\"datePublished\":\"2022-10-12T09:59:12+00:00\",\"dateModified\":\"2023-03-13T10:28:00+00:00\",\"author\":{\"@id\":\"https:\/\/www.abf.eu\/treviglio\/#\/schema\/person\/5e3592a67fae49949ed1c8bafe370c22\"},\"description\":\"\\\"Ritorno al futuro\\\" ha unito 4 eccellenze territoriali, tra cui ABF Treviglio, nell'impegno verso il contrasto del disagio giovanile.\",\"breadcrumb\":{\"@id\":\"https:\/\/www.abf.eu\/treviglio\/ritorno-al-futuro\/#breadcrumb\"},\"inLanguage\":\"it-IT\",\"potentialAction\":[{\"@type\":\"ReadAction\",\"target\":[\"https:\/\/www.abf.eu\/treviglio\/ritorno-al-futuro\/\"]}]},{\"@type\":\"ImageObject\",\"inLanguage\":\"it-IT\",\"@id\":\"https:\/\/www.abf.eu\/treviglio\/ritorno-al-futuro\/#primaryimage\",\"url\":\"https:\/\/www.abf.eu\/treviglio\/wp-content\/uploads\/sites\/8\/2022\/10\/Image-16-1.jpeg\",\"contentUrl\":\"https:\/\/www.abf.eu\/treviglio\/wp-content\/uploads\/sites\/8\/2022\/10\/Image-16-1.jpeg\",\"width\":999,\"height\":667,\"caption\":\"partner ritorno al futuro\"},{\"@type\":\"BreadcrumbList\",\"@id\":\"https:\/\/www.abf.eu\/treviglio\/ritorno-al-futuro\/#breadcrumb\",\"itemListElement\":[{\"@type\":\"ListItem\",\"position\":1,\"name\":\"Home\",\"item\":\"https:\/\/www.abf.eu\/treviglio\/\"},{\"@type\":\"ListItem\",\"position\":2,\"name\":\"ABF Treviglio per i giovani con &#8220;Ritorno al futuro&#8221;\"}]},{\"@type\":\"WebSite\",\"@id\":\"https:\/\/www.abf.eu\/treviglio\/#website\",\"url\":\"https:\/\/www.abf.eu\/treviglio\/\",\"name\":\"Treviglio\",\"description\":\"Ecco un altro sito Abf siti\",\"potentialAction\":[{\"@type\":\"SearchAction\",\"target\":{\"@type\":\"EntryPoint\",\"urlTemplate\":\"https:\/\/www.abf.eu\/treviglio\/?s={search_term_string}\"},\"query-input\":{\"@type\":\"PropertyValueSpecification\",\"valueRequired\":true,\"valueName\":\"search_term_string\"}}],\"inLanguage\":\"it-IT\"},{\"@type\":\"Person\",\"@id\":\"https:\/\/www.abf.eu\/treviglio\/#\/schema\/person\/5e3592a67fae49949ed1c8bafe370c22\",\"name\":\"abfeditortreviglio\",\"image\":{\"@type\":\"ImageObject\",\"inLanguage\":\"it-IT\",\"@id\":\"https:\/\/www.abf.eu\/treviglio\/#\/schema\/person\/image\/\",\"url\":\"https:\/\/secure.gravatar.com\/avatar\/2a2bd997f9d05889242189dbdd9ed94b71a07f7131b18ac0e94f80ba02f3bff1?s=96&d=mm&r=g\",\"contentUrl\":\"https:\/\/secure.gravatar.com\/avatar\/2a2bd997f9d05889242189dbdd9ed94b71a07f7131b18ac0e94f80ba02f3bff1?s=96&d=mm&r=g\",\"caption\":\"abfeditortreviglio\"},\"sameAs\":[\"Genuine\"],\"url\":\"https:\/\/www.abf.eu\/treviglio\/author\/abfeditortreviglio\/\"}]}<\/script>\n<!-- \/ Yoast SEO plugin. -->","yoast_head_json":{"title":"ABF Treviglio per i giovani con \"Ritorno al futuro\" - Treviglio","description":"\"Ritorno al futuro\" ha unito 4 eccellenze territoriali, tra cui ABF Treviglio, nell'impegno verso il contrasto del disagio giovanile.","robots":{"index":"index","follow":"follow","max-snippet":"max-snippet:-1","max-image-preview":"max-image-preview:large","max-video-preview":"max-video-preview:-1"},"canonical":"https:\/\/www.abf.eu\/treviglio\/ritorno-al-futuro\/","og_locale":"it_IT","og_type":"article","og_title":"ABF Treviglio per i giovani con \"Ritorno al futuro\" - Treviglio","og_description":"\"Ritorno al futuro\" ha unito 4 eccellenze territoriali, tra cui ABF Treviglio, nell'impegno verso il contrasto del disagio giovanile.","og_url":"https:\/\/www.abf.eu\/treviglio\/ritorno-al-futuro\/","og_site_name":"Treviglio","article_published_time":"2022-10-12T09:59:12+00:00","article_modified_time":"2023-03-13T10:28:00+00:00","og_image":[{"width":999,"height":667,"url":"https:\/\/www.abf.eu\/treviglio\/wp-content\/uploads\/sites\/8\/2022\/10\/Image-16-1.jpeg","type":"image\/jpeg"}],"author":"abfeditortreviglio","twitter_card":"summary_large_image","twitter_misc":{"Scritto da":"abfeditortreviglio","Tempo di lettura stimato":"6 minuti"},"schema":{"@context":"https:\/\/schema.org","@graph":[{"@type":"WebPage","@id":"https:\/\/www.abf.eu\/treviglio\/ritorno-al-futuro\/","url":"https:\/\/www.abf.eu\/treviglio\/ritorno-al-futuro\/","name":"ABF Treviglio per i giovani con \"Ritorno al futuro\" - Treviglio","isPartOf":{"@id":"https:\/\/www.abf.eu\/treviglio\/#website"},"primaryImageOfPage":{"@id":"https:\/\/www.abf.eu\/treviglio\/ritorno-al-futuro\/#primaryimage"},"image":{"@id":"https:\/\/www.abf.eu\/treviglio\/ritorno-al-futuro\/#primaryimage"},"thumbnailUrl":"https:\/\/www.abf.eu\/treviglio\/wp-content\/uploads\/sites\/8\/2022\/10\/Image-16-1.jpeg","datePublished":"2022-10-12T09:59:12+00:00","dateModified":"2023-03-13T10:28:00+00:00","author":{"@id":"https:\/\/www.abf.eu\/treviglio\/#\/schema\/person\/5e3592a67fae49949ed1c8bafe370c22"},"description":"\"Ritorno al futuro\" ha unito 4 eccellenze territoriali, tra cui ABF Treviglio, nell'impegno verso il contrasto del disagio giovanile.","breadcrumb":{"@id":"https:\/\/www.abf.eu\/treviglio\/ritorno-al-futuro\/#breadcrumb"},"inLanguage":"it-IT","potentialAction":[{"@type":"ReadAction","target":["https:\/\/www.abf.eu\/treviglio\/ritorno-al-futuro\/"]}]},{"@type":"ImageObject","inLanguage":"it-IT","@id":"https:\/\/www.abf.eu\/treviglio\/ritorno-al-futuro\/#primaryimage","url":"https:\/\/www.abf.eu\/treviglio\/wp-content\/uploads\/sites\/8\/2022\/10\/Image-16-1.jpeg","contentUrl":"https:\/\/www.abf.eu\/treviglio\/wp-content\/uploads\/sites\/8\/2022\/10\/Image-16-1.jpeg","width":999,"height":667,"caption":"partner ritorno al futuro"},{"@type":"BreadcrumbList","@id":"https:\/\/www.abf.eu\/treviglio\/ritorno-al-futuro\/#breadcrumb","itemListElement":[{"@type":"ListItem","position":1,"name":"Home","item":"https:\/\/www.abf.eu\/treviglio\/"},{"@type":"ListItem","position":2,"name":"ABF Treviglio per i giovani con &#8220;Ritorno al futuro&#8221;"}]},{"@type":"WebSite","@id":"https:\/\/www.abf.eu\/treviglio\/#website","url":"https:\/\/www.abf.eu\/treviglio\/","name":"Treviglio","description":"Ecco un altro sito Abf siti","potentialAction":[{"@type":"SearchAction","target":{"@type":"EntryPoint","urlTemplate":"https:\/\/www.abf.eu\/treviglio\/?s={search_term_string}"},"query-input":{"@type":"PropertyValueSpecification","valueRequired":true,"valueName":"search_term_string"}}],"inLanguage":"it-IT"},{"@type":"Person","@id":"https:\/\/www.abf.eu\/treviglio\/#\/schema\/person\/5e3592a67fae49949ed1c8bafe370c22","name":"abfeditortreviglio","image":{"@type":"ImageObject","inLanguage":"it-IT","@id":"https:\/\/www.abf.eu\/treviglio\/#\/schema\/person\/image\/","url":"https:\/\/secure.gravatar.com\/avatar\/2a2bd997f9d05889242189dbdd9ed94b71a07f7131b18ac0e94f80ba02f3bff1?s=96&d=mm&r=g","contentUrl":"https:\/\/secure.gravatar.com\/avatar\/2a2bd997f9d05889242189dbdd9ed94b71a07f7131b18ac0e94f80ba02f3bff1?s=96&d=mm&r=g","caption":"abfeditortreviglio"},"sameAs":["Genuine"],"url":"https:\/\/www.abf.eu\/treviglio\/author\/abfeditortreviglio\/"}]}},"_links":{"self":[{"href":"https:\/\/www.abf.eu\/treviglio\/wp-json\/wp\/v2\/posts\/17326","targetHints":{"allow":["GET"]}}],"collection":[{"href":"https:\/\/www.abf.eu\/treviglio\/wp-json\/wp\/v2\/posts"}],"about":[{"href":"https:\/\/www.abf.eu\/treviglio\/wp-json\/wp\/v2\/types\/post"}],"author":[{"embeddable":true,"href":"https:\/\/www.abf.eu\/treviglio\/wp-json\/wp\/v2\/users\/47"}],"replies":[{"embeddable":true,"href":"https:\/\/www.abf.eu\/treviglio\/wp-json\/wp\/v2\/comments?post=17326"}],"version-history":[{"count":17,"href":"https:\/\/www.abf.eu\/treviglio\/wp-json\/wp\/v2\/posts\/17326\/revisions"}],"predecessor-version":[{"id":17985,"href":"https:\/\/www.abf.eu\/treviglio\/wp-json\/wp\/v2\/posts\/17326\/revisions\/17985"}],"wp:featuredmedia":[{"embeddable":true,"href":"https:\/\/www.abf.eu\/treviglio\/wp-json\/wp\/v2\/media\/17345"}],"wp:attachment":[{"href":"https:\/\/www.abf.eu\/treviglio\/wp-json\/wp\/v2\/media?parent=17326"}],"wp:term":[{"taxonomy":"category","embeddable":true,"href":"https:\/\/www.abf.eu\/treviglio\/wp-json\/wp\/v2\/categories?post=17326"},{"taxonomy":"post_tag","embeddable":true,"href":"https:\/\/www.abf.eu\/treviglio\/wp-json\/wp\/v2\/tags?post=17326"}],"curies":[{"name":"wp","href":"https:\/\/api.w.org\/{rel}","templated":true}]}}