{"id":17960,"date":"2023-03-09T09:28:49","date_gmt":"2023-03-09T08:28:49","guid":{"rendered":"https:\/\/www.abf.eu\/treviglio\/?p=17960"},"modified":"2023-03-13T11:11:20","modified_gmt":"2023-03-13T10:11:20","slug":"la-ricettivita-nel-trevigliese-da-criticita-a-opportunita","status":"publish","type":"post","link":"https:\/\/www.abf.eu\/treviglio\/la-ricettivita-nel-trevigliese-da-criticita-a-opportunita\/","title":{"rendered":"La ricettivit\u00e0 nel trevigliese. Da criticit\u00e0 a opportunit\u00e0."},"content":{"rendered":"\n<h3 class=\"wp-block-heading\">Alla scoperta di B&amp;B, affittacamere, casa vacanze e altre formule<\/h3>\n\n\n\n<h5 class=\"wp-block-heading\">Trevigliofiera ospita il convegno dedicato alle alternative al pernottamento alberghiero. Tra gli ospiti anche ABF<\/h5>\n\n\n\n<p>L&#8217;Amministrazione Comunale di Treviglio, in collaborazione con il Distretto del Commercio, ha organizzato un convegno per discutere della ricettivit\u00e0 extra-alberghiera nel Trevigliese e delle opportunit\u00e0 che offre. Il convegno si terr\u00e0 il <strong>20 marzo all&#8217;auditorium di TreviglioFIERA<\/strong> e sar\u00e0 incentrato su normative, regole e scenari delle formule alternative al pernottamento in hotel.<\/p>\n\n\n\n<p>L&#8217;obiettivo del convegno \u00e8 quello di fare chiarezza sulle opportunit\u00e0 offerte dalla ricettivit\u00e0 extra-alberghiera, fornendo spunti di riflessione e di investimento, e di chiarire gli obblighi amministrativi e burocratici necessari per gestire queste attivit\u00e0. Tra i partecipanti ci sar\u00e0 anche ABF rappresentata dalla sua docente <strong>Marilisa Tiraboschi<\/strong>, insegnante di inglese e titolare di un B&amp;B, oltre ad essere docente del corso online <strong>&#8220;<a href=\"https:\/\/www.abf.eu\/bergamo\/corsi\/aprire-un-bb\/\">Aprire e gestire un B&amp;B<\/a><\/strong>&#8220;.<\/p>\n\n\n\n<blockquote class=\"wp-block-quote is-layout-flow wp-block-quote-is-layout-flow\">\n<p>L&#8217;iscrizione al convegno &#8220;La ricettivit\u00e0 nel trevigliese&#8221; \u00e8 gratuita ed aperta a tutti gli interessati.<\/p>\n<\/blockquote>\n\n\n\n<p>Secondo il sindaco <strong>Juri Fabio Imeri<\/strong>, la richiesta di camere e posti letto a Treviglio \u00e8 in costante aumento, soprattutto legata al mondo del lavoro, ma anche a eventi o tappe brevi di soggiorno turistico. Tuttavia, spesso la citt\u00e0 e il territorio non riescono a soddisfare la domanda, a causa della mancanza di camere disponibili: <em>\u201cSono sempre pi\u00f9 crescenti le richieste di camere e posti letto in citt\u00e0, legate prevalentemente al mondo del lavoro: la presenza di molti servizi sanitari, scuole, cantieri e imprese agevola scambi e trasferimenti anche di breve durata. Negli ultimi mesi la richiesta \u00e8 cresciuta notevolmente anche per eventi o tappe brevi di soggiorno turistico, anche grazie alla presenza della fiera e della stazione. Spesso per\u00f2 le risposte che la citt\u00e0 e il territorio riescono a dare non sono adeguate, perch\u00e9 le camere sono tutte occupate e bisogna spostarsi in altre zone della provincia o nel milanese. Con disagi evidenti. Abbiamo registrato alcune manifestazioni d\u2019interesse informali per la realizzazione di nuove strutture alberghiere, ma poi \u2013 anche a causa del Covid \u2013 nessuno ha concretizzato il progetto. Non possiamo per\u00f2 rassegnarci o stare fermi, e da qui \u00e8 nata l\u2019idea del convegno, che coinvolge tanti attori istituzionali e privati e diventa anche una occasione di riflessione per tutto il territorio: vogliamo far conoscere le possibili alternative che offre la ricettivit\u00e0 extra-alberghiera affinch\u00e9 possano aumentare i servizi che la citt\u00e0 offre e diventare anche opportunit\u00e0 di lavoro e\/o di valorizzazione degli immobili\u201c.<\/em><\/p>\n\n\n\n<p>Il convegno \u00e8 aperto al pubblico fino a esaurimento posti e seguir\u00e0 un breve rinfresco al termine. Gli interessati possono prenotarsi <a href=\"https:\/\/docs.google.com\/forms\/d\/e\/1FAIpQLScOpkvd5dxADdJzIZL1eEp7Mj5D4WX3CjVAiNrc__ovh04zdw\/viewform\">cliccando su questo link<\/a> o inviando una mail alla segreteria del Sindaco.<\/p>\n\n\n\n<hr class=\"wp-block-separator has-alpha-channel-opacity\"\/>\n\n\n\n<div id=\"linkcontent-block_640997e72db95\" class=\"link-content \">\n    <a class='animated-arrow font-weight-bold' href='https:\/\/www.abf.eu\/treviglio\/wp-content\/uploads\/sites\/8\/2023\/03\/Immagine-Evento-La-ricettivita-nel-trevigliese.jpeg' target=\"_blank\">\n        <span class='the-arrow -left'>\n            <span class='shaft'><\/span>\n        <\/span>\n        <span class='main'>\n            <span class='text'>Scarica la locandina dell&#8217;evento<\/span>\n            <span class='the-arrow -right'>\n                <span class='shaft'><\/span>\n            <\/span>\n        <\/span>\n    <\/a>\n<\/div>\n\n\n\n\n\n<hr class=\"wp-block-separator has-alpha-channel-opacity\"\/>\n\n\n\n<div id=\"linkcontent-block_6409980e2db96\" class=\"link-content \">\n    <a class='animated-arrow font-weight-bold' href='https:\/\/www.abf.eu\/bergamo\/corsi\/aprire-un-bb\/' target=\"_blank\">\n        <span class='the-arrow -left'>\n            <span class='shaft'><\/span>\n        <\/span>\n        <span class='main'>\n            <span class='text'>Scopri di pi\u00f9 sul corso &#8220;Aprire un B&#038;B: guida e consigli&#8221;<\/span>\n            <span class='the-arrow -right'>\n                <span class='shaft'><\/span>\n            <\/span>\n        <\/span>\n    <\/a>\n<\/div>\n\n\n","protected":false},"excerpt":{"rendered":"<p>Alla scoperta di B&amp;B, affittacamere, casa vacanze e altre formule<\/p>\n","protected":false},"author":31,"featured_media":17961,"comment_status":"open","ping_status":"open","sticky":false,"template":"","format":"standard","meta":{"footnotes":""},"categories":[1],"tags":[],"class_list":["post-17960","post","type-post","status-publish","format-standard","has-post-thumbnail","hentry","category-senza-categoria"],"yoast_head":"<!-- This site is optimized with the Yoast SEO plugin v25.8 - https:\/\/yoast.com\/wordpress\/plugins\/seo\/ -->\n<title>La ricettivit\u00e0 nel trevigliese. Da criticit\u00e0 a opportunit\u00e0. - Treviglio<\/title>\n<meta name=\"description\" content=\"&quot;La ricettivit\u00e0 nel trevigliese: da criticit\u00e0 a opportunit\u00e0&quot; \u00e8 il titolo del convegno gratuito dedicato all&#039;apertura e gestione di B&amp;B\" \/>\n<meta name=\"robots\" content=\"index, follow, max-snippet:-1, max-image-preview:large, max-video-preview:-1\" \/>\n<link rel=\"canonical\" href=\"https:\/\/www.abf.eu\/treviglio\/la-ricettivita-nel-trevigliese-da-criticita-a-opportunita\/\" \/>\n<meta property=\"og:locale\" content=\"it_IT\" \/>\n<meta property=\"og:type\" content=\"article\" \/>\n<meta property=\"og:title\" content=\"La ricettivit\u00e0 nel trevigliese. Da criticit\u00e0 a opportunit\u00e0. - Treviglio\" \/>\n<meta property=\"og:description\" content=\"&quot;La ricettivit\u00e0 nel trevigliese: da criticit\u00e0 a opportunit\u00e0&quot; \u00e8 il titolo del convegno gratuito dedicato all&#039;apertura e gestione di B&amp;B\" \/>\n<meta property=\"og:url\" content=\"https:\/\/www.abf.eu\/treviglio\/la-ricettivita-nel-trevigliese-da-criticita-a-opportunita\/\" \/>\n<meta property=\"og:site_name\" content=\"Treviglio\" \/>\n<meta property=\"article:published_time\" content=\"2023-03-09T08:28:49+00:00\" \/>\n<meta property=\"article:modified_time\" content=\"2023-03-13T10:11:20+00:00\" \/>\n<meta property=\"og:image\" content=\"https:\/\/www.abf.eu\/treviglio\/wp-content\/uploads\/sites\/8\/2023\/03\/aprire-BB-treviglio.png\" \/>\n\t<meta property=\"og:image:width\" content=\"1000\" \/>\n\t<meta property=\"og:image:height\" content=\"666\" \/>\n\t<meta property=\"og:image:type\" content=\"image\/png\" \/>\n<meta name=\"author\" content=\"danilocaccia\" \/>\n<meta name=\"twitter:card\" content=\"summary_large_image\" \/>\n<meta name=\"twitter:label1\" content=\"Scritto da\" \/>\n\t<meta name=\"twitter:data1\" content=\"danilocaccia\" \/>\n\t<meta name=\"twitter:label2\" content=\"Tempo di lettura stimato\" \/>\n\t<meta name=\"twitter:data2\" content=\"3 minuti\" \/>\n<script type=\"application\/ld+json\" class=\"yoast-schema-graph\">{\"@context\":\"https:\/\/schema.org\",\"@graph\":[{\"@type\":\"WebPage\",\"@id\":\"https:\/\/www.abf.eu\/treviglio\/la-ricettivita-nel-trevigliese-da-criticita-a-opportunita\/\",\"url\":\"https:\/\/www.abf.eu\/treviglio\/la-ricettivita-nel-trevigliese-da-criticita-a-opportunita\/\",\"name\":\"La ricettivit\u00e0 nel trevigliese. Da criticit\u00e0 a opportunit\u00e0. - Treviglio\",\"isPartOf\":{\"@id\":\"https:\/\/www.abf.eu\/treviglio\/#website\"},\"primaryImageOfPage\":{\"@id\":\"https:\/\/www.abf.eu\/treviglio\/la-ricettivita-nel-trevigliese-da-criticita-a-opportunita\/#primaryimage\"},\"image\":{\"@id\":\"https:\/\/www.abf.eu\/treviglio\/la-ricettivita-nel-trevigliese-da-criticita-a-opportunita\/#primaryimage\"},\"thumbnailUrl\":\"https:\/\/www.abf.eu\/treviglio\/wp-content\/uploads\/sites\/8\/2023\/03\/aprire-BB-treviglio.png\",\"datePublished\":\"2023-03-09T08:28:49+00:00\",\"dateModified\":\"2023-03-13T10:11:20+00:00\",\"author\":{\"@id\":\"https:\/\/www.abf.eu\/treviglio\/#\/schema\/person\/8a78d772811de95e251d66b4d5491f76\"},\"description\":\"\\\"La ricettivit\u00e0 nel trevigliese: da criticit\u00e0 a opportunit\u00e0\\\" \u00e8 il titolo del convegno gratuito dedicato all'apertura e gestione di B&B\",\"breadcrumb\":{\"@id\":\"https:\/\/www.abf.eu\/treviglio\/la-ricettivita-nel-trevigliese-da-criticita-a-opportunita\/#breadcrumb\"},\"inLanguage\":\"it-IT\",\"potentialAction\":[{\"@type\":\"ReadAction\",\"target\":[\"https:\/\/www.abf.eu\/treviglio\/la-ricettivita-nel-trevigliese-da-criticita-a-opportunita\/\"]}]},{\"@type\":\"ImageObject\",\"inLanguage\":\"it-IT\",\"@id\":\"https:\/\/www.abf.eu\/treviglio\/la-ricettivita-nel-trevigliese-da-criticita-a-opportunita\/#primaryimage\",\"url\":\"https:\/\/www.abf.eu\/treviglio\/wp-content\/uploads\/sites\/8\/2023\/03\/aprire-BB-treviglio.png\",\"contentUrl\":\"https:\/\/www.abf.eu\/treviglio\/wp-content\/uploads\/sites\/8\/2023\/03\/aprire-BB-treviglio.png\",\"width\":1000,\"height\":666},{\"@type\":\"BreadcrumbList\",\"@id\":\"https:\/\/www.abf.eu\/treviglio\/la-ricettivita-nel-trevigliese-da-criticita-a-opportunita\/#breadcrumb\",\"itemListElement\":[{\"@type\":\"ListItem\",\"position\":1,\"name\":\"Home\",\"item\":\"https:\/\/www.abf.eu\/treviglio\/\"},{\"@type\":\"ListItem\",\"position\":2,\"name\":\"La ricettivit\u00e0 nel trevigliese. Da criticit\u00e0 a opportunit\u00e0.\"}]},{\"@type\":\"WebSite\",\"@id\":\"https:\/\/www.abf.eu\/treviglio\/#website\",\"url\":\"https:\/\/www.abf.eu\/treviglio\/\",\"name\":\"Treviglio\",\"description\":\"Ecco un altro sito Abf siti\",\"potentialAction\":[{\"@type\":\"SearchAction\",\"target\":{\"@type\":\"EntryPoint\",\"urlTemplate\":\"https:\/\/www.abf.eu\/treviglio\/?s={search_term_string}\"},\"query-input\":{\"@type\":\"PropertyValueSpecification\",\"valueRequired\":true,\"valueName\":\"search_term_string\"}}],\"inLanguage\":\"it-IT\"},{\"@type\":\"Person\",\"@id\":\"https:\/\/www.abf.eu\/treviglio\/#\/schema\/person\/8a78d772811de95e251d66b4d5491f76\",\"name\":\"danilocaccia\",\"image\":{\"@type\":\"ImageObject\",\"inLanguage\":\"it-IT\",\"@id\":\"https:\/\/www.abf.eu\/treviglio\/#\/schema\/person\/image\/\",\"url\":\"https:\/\/secure.gravatar.com\/avatar\/d87f496e2092d70f0bc729633c0c70a56c54c4f8ce3eefdacc36b91c04c2e1c0?s=96&d=mm&r=g\",\"contentUrl\":\"https:\/\/secure.gravatar.com\/avatar\/d87f496e2092d70f0bc729633c0c70a56c54c4f8ce3eefdacc36b91c04c2e1c0?s=96&d=mm&r=g\",\"caption\":\"danilocaccia\"},\"sameAs\":[\"https:\/\/www.linkedin.com\/in\/danilocaccia\/\"],\"url\":\"https:\/\/www.abf.eu\/treviglio\/author\/danilocaccia\/\"}]}<\/script>\n<!-- \/ Yoast SEO plugin. -->","yoast_head_json":{"title":"La ricettivit\u00e0 nel trevigliese. Da criticit\u00e0 a opportunit\u00e0. - Treviglio","description":"\"La ricettivit\u00e0 nel trevigliese: da criticit\u00e0 a opportunit\u00e0\" \u00e8 il titolo del convegno gratuito dedicato all'apertura e gestione di B&B","robots":{"index":"index","follow":"follow","max-snippet":"max-snippet:-1","max-image-preview":"max-image-preview:large","max-video-preview":"max-video-preview:-1"},"canonical":"https:\/\/www.abf.eu\/treviglio\/la-ricettivita-nel-trevigliese-da-criticita-a-opportunita\/","og_locale":"it_IT","og_type":"article","og_title":"La ricettivit\u00e0 nel trevigliese. Da criticit\u00e0 a opportunit\u00e0. - Treviglio","og_description":"\"La ricettivit\u00e0 nel trevigliese: da criticit\u00e0 a opportunit\u00e0\" \u00e8 il titolo del convegno gratuito dedicato all'apertura e gestione di B&B","og_url":"https:\/\/www.abf.eu\/treviglio\/la-ricettivita-nel-trevigliese-da-criticita-a-opportunita\/","og_site_name":"Treviglio","article_published_time":"2023-03-09T08:28:49+00:00","article_modified_time":"2023-03-13T10:11:20+00:00","og_image":[{"width":1000,"height":666,"url":"https:\/\/www.abf.eu\/treviglio\/wp-content\/uploads\/sites\/8\/2023\/03\/aprire-BB-treviglio.png","type":"image\/png"}],"author":"danilocaccia","twitter_card":"summary_large_image","twitter_misc":{"Scritto da":"danilocaccia","Tempo di lettura stimato":"3 minuti"},"schema":{"@context":"https:\/\/schema.org","@graph":[{"@type":"WebPage","@id":"https:\/\/www.abf.eu\/treviglio\/la-ricettivita-nel-trevigliese-da-criticita-a-opportunita\/","url":"https:\/\/www.abf.eu\/treviglio\/la-ricettivita-nel-trevigliese-da-criticita-a-opportunita\/","name":"La ricettivit\u00e0 nel trevigliese. Da criticit\u00e0 a opportunit\u00e0. - Treviglio","isPartOf":{"@id":"https:\/\/www.abf.eu\/treviglio\/#website"},"primaryImageOfPage":{"@id":"https:\/\/www.abf.eu\/treviglio\/la-ricettivita-nel-trevigliese-da-criticita-a-opportunita\/#primaryimage"},"image":{"@id":"https:\/\/www.abf.eu\/treviglio\/la-ricettivita-nel-trevigliese-da-criticita-a-opportunita\/#primaryimage"},"thumbnailUrl":"https:\/\/www.abf.eu\/treviglio\/wp-content\/uploads\/sites\/8\/2023\/03\/aprire-BB-treviglio.png","datePublished":"2023-03-09T08:28:49+00:00","dateModified":"2023-03-13T10:11:20+00:00","author":{"@id":"https:\/\/www.abf.eu\/treviglio\/#\/schema\/person\/8a78d772811de95e251d66b4d5491f76"},"description":"\"La ricettivit\u00e0 nel trevigliese: da criticit\u00e0 a opportunit\u00e0\" \u00e8 il titolo del convegno gratuito dedicato all'apertura e gestione di B&B","breadcrumb":{"@id":"https:\/\/www.abf.eu\/treviglio\/la-ricettivita-nel-trevigliese-da-criticita-a-opportunita\/#breadcrumb"},"inLanguage":"it-IT","potentialAction":[{"@type":"ReadAction","target":["https:\/\/www.abf.eu\/treviglio\/la-ricettivita-nel-trevigliese-da-criticita-a-opportunita\/"]}]},{"@type":"ImageObject","inLanguage":"it-IT","@id":"https:\/\/www.abf.eu\/treviglio\/la-ricettivita-nel-trevigliese-da-criticita-a-opportunita\/#primaryimage","url":"https:\/\/www.abf.eu\/treviglio\/wp-content\/uploads\/sites\/8\/2023\/03\/aprire-BB-treviglio.png","contentUrl":"https:\/\/www.abf.eu\/treviglio\/wp-content\/uploads\/sites\/8\/2023\/03\/aprire-BB-treviglio.png","width":1000,"height":666},{"@type":"BreadcrumbList","@id":"https:\/\/www.abf.eu\/treviglio\/la-ricettivita-nel-trevigliese-da-criticita-a-opportunita\/#breadcrumb","itemListElement":[{"@type":"ListItem","position":1,"name":"Home","item":"https:\/\/www.abf.eu\/treviglio\/"},{"@type":"ListItem","position":2,"name":"La ricettivit\u00e0 nel trevigliese. Da criticit\u00e0 a opportunit\u00e0."}]},{"@type":"WebSite","@id":"https:\/\/www.abf.eu\/treviglio\/#website","url":"https:\/\/www.abf.eu\/treviglio\/","name":"Treviglio","description":"Ecco un altro sito Abf siti","potentialAction":[{"@type":"SearchAction","target":{"@type":"EntryPoint","urlTemplate":"https:\/\/www.abf.eu\/treviglio\/?s={search_term_string}"},"query-input":{"@type":"PropertyValueSpecification","valueRequired":true,"valueName":"search_term_string"}}],"inLanguage":"it-IT"},{"@type":"Person","@id":"https:\/\/www.abf.eu\/treviglio\/#\/schema\/person\/8a78d772811de95e251d66b4d5491f76","name":"danilocaccia","image":{"@type":"ImageObject","inLanguage":"it-IT","@id":"https:\/\/www.abf.eu\/treviglio\/#\/schema\/person\/image\/","url":"https:\/\/secure.gravatar.com\/avatar\/d87f496e2092d70f0bc729633c0c70a56c54c4f8ce3eefdacc36b91c04c2e1c0?s=96&d=mm&r=g","contentUrl":"https:\/\/secure.gravatar.com\/avatar\/d87f496e2092d70f0bc729633c0c70a56c54c4f8ce3eefdacc36b91c04c2e1c0?s=96&d=mm&r=g","caption":"danilocaccia"},"sameAs":["https:\/\/www.linkedin.com\/in\/danilocaccia\/"],"url":"https:\/\/www.abf.eu\/treviglio\/author\/danilocaccia\/"}]}},"_links":{"self":[{"href":"https:\/\/www.abf.eu\/treviglio\/wp-json\/wp\/v2\/posts\/17960","targetHints":{"allow":["GET"]}}],"collection":[{"href":"https:\/\/www.abf.eu\/treviglio\/wp-json\/wp\/v2\/posts"}],"about":[{"href":"https:\/\/www.abf.eu\/treviglio\/wp-json\/wp\/v2\/types\/post"}],"author":[{"embeddable":true,"href":"https:\/\/www.abf.eu\/treviglio\/wp-json\/wp\/v2\/users\/31"}],"replies":[{"embeddable":true,"href":"https:\/\/www.abf.eu\/treviglio\/wp-json\/wp\/v2\/comments?post=17960"}],"version-history":[{"count":8,"href":"https:\/\/www.abf.eu\/treviglio\/wp-json\/wp\/v2\/posts\/17960\/revisions"}],"predecessor-version":[{"id":17984,"href":"https:\/\/www.abf.eu\/treviglio\/wp-json\/wp\/v2\/posts\/17960\/revisions\/17984"}],"wp:featuredmedia":[{"embeddable":true,"href":"https:\/\/www.abf.eu\/treviglio\/wp-json\/wp\/v2\/media\/17961"}],"wp:attachment":[{"href":"https:\/\/www.abf.eu\/treviglio\/wp-json\/wp\/v2\/media?parent=17960"}],"wp:term":[{"taxonomy":"category","embeddable":true,"href":"https:\/\/www.abf.eu\/treviglio\/wp-json\/wp\/v2\/categories?post=17960"},{"taxonomy":"post_tag","embeddable":true,"href":"https:\/\/www.abf.eu\/treviglio\/wp-json\/wp\/v2\/tags?post=17960"}],"curies":[{"name":"wp","href":"https:\/\/api.w.org\/{rel}","templated":true}]}}