{"id":18136,"date":"2023-05-05T08:50:29","date_gmt":"2023-05-05T06:50:29","guid":{"rendered":"https:\/\/www.abf.eu\/treviglio\/?p=18136"},"modified":"2023-05-11T12:21:58","modified_gmt":"2023-05-11T10:21:58","slug":"caseificio-taddei","status":"publish","type":"post","link":"https:\/\/www.abf.eu\/treviglio\/caseificio-taddei\/","title":{"rendered":"ABF e il Caseificio Taddei: la valorizzazione della tradizione casearia del territorio"},"content":{"rendered":"\n<h3 class=\"wp-block-heading\">ABF e il naming del nuovo formaggio del Caseificio Taddei: un percorso di collaborazione<\/h3>\n\n\n\n<h5 class=\"wp-block-heading\">Il valore delle connessioni col territorio per ABF<\/h5>\n\n\n\n<p>ABF crede nella formazione che parte dal territorio e si rivolge al territorio, per questo motivo abbiamo creato una fitta rete di relazioni con enti, aziende e istituzioni locali.<\/p>\n\n\n\n<p>Le nostre sedi sono dislocate sul territorio bergamasco e ci\u00f2 ci permette di essere vicini alle realt\u00e0 aziendali e produttive del nostro territorio. Grazie a questa vicinanza, siamo in grado di capire le reali esigenze delle imprese. La sede di Treviglio propone i corsi del settore HoReCa, ed \u00e8 quindi vicino a tutte le aziende del settore alimentare. Siamo sempre alla ricerca di materie prime di qualit\u00e0 e di prodotti tipici legati alla tradizione casearia e culinaria bergamasca. Proprio per questo motivo, abbiamo stretto una collaborazione con il Caseificio Taddei per valorizzare un nuovo formaggio legato alla tradizione casearia del nostro territorio.<\/p>\n\n\n\n<p>Crediamo che l&#8217;importanza delle connessioni col territorio si rifletta anche sulla formazione dei nostri allievi. \u00c8 fondamentale che gli allievi iscritti ai percorsi triennali o al quarto anno di Tecnico imparino a relazionarsi sul territorio, conoscendolo e valorizzando ci\u00f2 che da esso arriva. In questo modo, gli allievi potranno apprendere le dinamiche produttive e le eccellenze del nostro territorio, diventando professionisti in grado di valorizzare e promuovere il made in Italy.<\/p>\n\n\n\n<h5 class=\"wp-block-heading\">Il caseificio Taddei<\/h5>\n\n\n\n<p>In quest&#8217;ottica di legame con il territorio, \u00e8 nata la collaborazione col <strong>Caseificio Taddei<\/strong>. Si tratta di un&#8217;azienda casearia che ha la sua sede a Fornovo San Giovanni in provincia di Bergamo. Fondata nel 1885 da Giandomenico Taddei, l&#8217;azienda si \u00e8 evoluta nel corso degli anni diventando una moderna e funzionale struttura che produce formaggi legati alla tradizione casearia bergamasca. <\/p>\n\n\n\n<p>La collaborazione tra ABF e il Caseificio Taddei ha come obiettivo la ricerca di materie prime di qualit\u00e0 e la valorizzazione dei prodotti locali. Grazie a questa partnership, gli allievi della scuola possono apprendere l&#8217;importanza della selezione degli ingredienti nella creazione di piatti di alta qualit\u00e0. <\/p>\n\n\n\n<p>L&#8217;azienda casearia \u00e8 iscritta al Consorzio per la tutela del Taleggio DOP, del Salva Cremasco e alla Camera di Commercio di Bergamo con il marchio &#8220;<strong><em>Bergamo Citt\u00e0 dei Mille Sapori<\/em><\/strong>&#8220;. La lavorazione del latte e dei formaggi avviene manualmente, seguendo le ricette tramandate di generazione in generazione e fedeli ad elevati standard qualitativi.<\/p>\n\n\n\n<h5 class=\"wp-block-heading\">L&#8217;unit\u00e0 Formativa sul &#8216;naming&#8217;: troviamo un nome al formaggio<\/h5>\n\n\n\n<p>L&#8217;unit\u00e0 formativa sul &#8220;naming&#8221; \u00e8 stata un&#8217;occasione unica per gli allievi del Centro di Formazione Professionale di Treviglio di approfondire un tema che rappresenta un elemento cruciale nella creazione di un brand e nella sua comunicazione. Grazie alla collaborazione con il Caseificio Taddei, gli studenti hanno avuto modo di applicare le nozioni teoriche acquisite e di mettere in pratica i concetti di branding e di naming.<\/p>\n\n\n\n<p>Durante l&#8217;unit\u00e0 formativa, i ragazzi hanno imparato a individuare gli elementi chiave per la creazione di un nome efficace, capace di rappresentare al meglio un prodotto e di comunicare i suoi valori distintivi. Attraverso esempi concreti e casi studio, gli allievi hanno sviluppato competenze fondamentali per la creazione di un marchio, come la scelta del tono di voce, la coerenza con l&#8217;immagine aziendale e la facilit\u00e0 di memorizzazione.<\/p>\n\n\n\n<p>Il progetto \u00e8 stato un successo, dimostrando come la didattica di ABF possa essere applicata in modo concreto alla realt\u00e0 aziendale del territorio. La collaborazione con il Caseificio Taddei \u00e8 stata una testimonianza di come l&#8217;istituzione possa fare la differenza, promuovendo la ricerca di materie prime di qualit\u00e0 e sviluppando competenze professionali utili per l&#8217;inserimento nel mondo del lavoro.<\/p>\n\n\n\n<h5 class=\"wp-block-heading\">La cena di presentazione<\/h5>\n\n\n\n<p>Il Caseificio Taddei ha deciso di valorizzare un nuovo formaggio legato alla tradizione casearia del territorio bergamasco e si \u00e8 rivolto ad Azienda Bergamasca Formazione per trovare un nome adatto. Gli allievi del Centro di Formazione Professionale di Treviglio hanno partecipato a un percorso di degustazione e formazione sul naming, proponendo infine un nome per il nuovo formaggio. La collaborazione tra ABF e il Caseificio Taddei ha l&#8217;obiettivo di valorizzare le materie prime di qualit\u00e0 del territorio e di promuovere la conoscenza e l&#8217;apprezzamento delle produzioni tipiche.<\/p>\n\n\n\n<p>La cena di presentazione del nuovo formaggio, che si terr\u00e0 nella sala ricevimenti della sede di Treviglio, rappresenta l&#8217;occasione ideale per premiare il lavoro degli studenti di ABF e valorizzare il formaggio anche dal punto di vista gastronomico. Gli allievi cucineranno personalmente i piatti della cena nel laboratorio professionale di cucina, sotto la guida dei nostri chef, valorizzando al massimo il nuovo prodotto.<\/p>\n\n\n\n<p>L&#8217;evento, che si terr\u00e0 <strong>VENERD\u00cc 5 MAGGIO 2023 alle ore 20:00<\/strong>, sar\u00e0 un momento di celebrazione dell&#8217;eccellenza delle produzioni locali e della formazione professionale di alta qualit\u00e0 offerta da ABF. Durante la serata verr\u00e0 ufficializzato il nome scelto per il nuovo formaggio e verr\u00e0 premiato il ragazzo o il gruppo di ragazzi che lo hanno proposto.<\/p>\n\n\n\n<p>In questo modo, Azienda Bergamasca Formazione rinnova il suo impegno a sostenere le produzioni tipiche del territorio e a formare giovani professionisti in grado di valorizzarle al meglio.<\/p>\n\n\n\n<hr class=\"wp-block-separator has-alpha-channel-opacity\" \/>\n","protected":false},"excerpt":{"rendered":"<p>ABF e il naming del nuovo formaggio del Caseificio Taddei:<\/p>\n","protected":false},"author":31,"featured_media":18145,"comment_status":"open","ping_status":"open","sticky":false,"template":"","format":"standard","meta":{"footnotes":""},"categories":[1],"tags":[],"class_list":["post-18136","post","type-post","status-publish","format-standard","has-post-thumbnail","hentry","category-senza-categoria"],"yoast_head":"<!-- This site is optimized with the Yoast SEO plugin v25.8 - https:\/\/yoast.com\/wordpress\/plugins\/seo\/ -->\n<title>ABF e il Caseificio Taddei: la valorizzazione del territorio<\/title>\n<meta name=\"description\" content=\"Il Caseificio Taddei ha collaborato con ABF per scegliere il nome del nuovo formaggio che sar\u00e0 presentato venerd\u00ec 5 maggio.\" \/>\n<meta name=\"robots\" content=\"index, follow, max-snippet:-1, max-image-preview:large, max-video-preview:-1\" \/>\n<link rel=\"canonical\" href=\"https:\/\/www.abf.eu\/treviglio\/caseificio-taddei\/\" \/>\n<meta property=\"og:locale\" content=\"it_IT\" \/>\n<meta property=\"og:type\" content=\"article\" \/>\n<meta property=\"og:title\" content=\"ABF e il Caseificio Taddei: la valorizzazione del territorio\" \/>\n<meta property=\"og:description\" content=\"Il Caseificio Taddei ha collaborato con ABF per scegliere il nome del nuovo formaggio che sar\u00e0 presentato venerd\u00ec 5 maggio.\" \/>\n<meta property=\"og:url\" content=\"https:\/\/www.abf.eu\/treviglio\/caseificio-taddei\/\" \/>\n<meta property=\"og:site_name\" content=\"Treviglio\" \/>\n<meta property=\"article:published_time\" content=\"2023-05-05T06:50:29+00:00\" \/>\n<meta property=\"article:modified_time\" content=\"2023-05-11T10:21:58+00:00\" \/>\n<meta property=\"og:image\" content=\"https:\/\/www.abf.eu\/treviglio\/wp-content\/uploads\/sites\/8\/2023\/05\/caseificio-taddei.png\" \/>\n\t<meta property=\"og:image:width\" content=\"1000\" \/>\n\t<meta property=\"og:image:height\" content=\"666\" \/>\n\t<meta property=\"og:image:type\" content=\"image\/png\" \/>\n<meta name=\"author\" content=\"danilocaccia\" \/>\n<meta name=\"twitter:card\" content=\"summary_large_image\" \/>\n<meta name=\"twitter:label1\" content=\"Scritto da\" \/>\n\t<meta name=\"twitter:data1\" content=\"danilocaccia\" \/>\n\t<meta name=\"twitter:label2\" content=\"Tempo di lettura stimato\" \/>\n\t<meta name=\"twitter:data2\" content=\"5 minuti\" \/>\n<script type=\"application\/ld+json\" class=\"yoast-schema-graph\">{\"@context\":\"https:\/\/schema.org\",\"@graph\":[{\"@type\":\"WebPage\",\"@id\":\"https:\/\/www.abf.eu\/treviglio\/caseificio-taddei\/\",\"url\":\"https:\/\/www.abf.eu\/treviglio\/caseificio-taddei\/\",\"name\":\"ABF e il Caseificio Taddei: la valorizzazione del territorio\",\"isPartOf\":{\"@id\":\"https:\/\/www.abf.eu\/treviglio\/#website\"},\"primaryImageOfPage\":{\"@id\":\"https:\/\/www.abf.eu\/treviglio\/caseificio-taddei\/#primaryimage\"},\"image\":{\"@id\":\"https:\/\/www.abf.eu\/treviglio\/caseificio-taddei\/#primaryimage\"},\"thumbnailUrl\":\"https:\/\/www.abf.eu\/treviglio\/wp-content\/uploads\/sites\/8\/2023\/05\/caseificio-taddei.png\",\"datePublished\":\"2023-05-05T06:50:29+00:00\",\"dateModified\":\"2023-05-11T10:21:58+00:00\",\"author\":{\"@id\":\"https:\/\/www.abf.eu\/treviglio\/#\/schema\/person\/8a78d772811de95e251d66b4d5491f76\"},\"description\":\"Il Caseificio Taddei ha collaborato con ABF per scegliere il nome del nuovo formaggio che sar\u00e0 presentato venerd\u00ec 5 maggio.\",\"breadcrumb\":{\"@id\":\"https:\/\/www.abf.eu\/treviglio\/caseificio-taddei\/#breadcrumb\"},\"inLanguage\":\"it-IT\",\"potentialAction\":[{\"@type\":\"ReadAction\",\"target\":[\"https:\/\/www.abf.eu\/treviglio\/caseificio-taddei\/\"]}]},{\"@type\":\"ImageObject\",\"inLanguage\":\"it-IT\",\"@id\":\"https:\/\/www.abf.eu\/treviglio\/caseificio-taddei\/#primaryimage\",\"url\":\"https:\/\/www.abf.eu\/treviglio\/wp-content\/uploads\/sites\/8\/2023\/05\/caseificio-taddei.png\",\"contentUrl\":\"https:\/\/www.abf.eu\/treviglio\/wp-content\/uploads\/sites\/8\/2023\/05\/caseificio-taddei.png\",\"width\":1000,\"height\":666,\"caption\":\"Caseificio Taddei\"},{\"@type\":\"BreadcrumbList\",\"@id\":\"https:\/\/www.abf.eu\/treviglio\/caseificio-taddei\/#breadcrumb\",\"itemListElement\":[{\"@type\":\"ListItem\",\"position\":1,\"name\":\"Home\",\"item\":\"https:\/\/www.abf.eu\/treviglio\/\"},{\"@type\":\"ListItem\",\"position\":2,\"name\":\"ABF e il Caseificio Taddei: la valorizzazione della tradizione casearia del territorio\"}]},{\"@type\":\"WebSite\",\"@id\":\"https:\/\/www.abf.eu\/treviglio\/#website\",\"url\":\"https:\/\/www.abf.eu\/treviglio\/\",\"name\":\"Treviglio\",\"description\":\"Ecco un altro sito Abf siti\",\"potentialAction\":[{\"@type\":\"SearchAction\",\"target\":{\"@type\":\"EntryPoint\",\"urlTemplate\":\"https:\/\/www.abf.eu\/treviglio\/?s={search_term_string}\"},\"query-input\":{\"@type\":\"PropertyValueSpecification\",\"valueRequired\":true,\"valueName\":\"search_term_string\"}}],\"inLanguage\":\"it-IT\"},{\"@type\":\"Person\",\"@id\":\"https:\/\/www.abf.eu\/treviglio\/#\/schema\/person\/8a78d772811de95e251d66b4d5491f76\",\"name\":\"danilocaccia\",\"image\":{\"@type\":\"ImageObject\",\"inLanguage\":\"it-IT\",\"@id\":\"https:\/\/www.abf.eu\/treviglio\/#\/schema\/person\/image\/\",\"url\":\"https:\/\/secure.gravatar.com\/avatar\/d87f496e2092d70f0bc729633c0c70a56c54c4f8ce3eefdacc36b91c04c2e1c0?s=96&d=mm&r=g\",\"contentUrl\":\"https:\/\/secure.gravatar.com\/avatar\/d87f496e2092d70f0bc729633c0c70a56c54c4f8ce3eefdacc36b91c04c2e1c0?s=96&d=mm&r=g\",\"caption\":\"danilocaccia\"},\"sameAs\":[\"https:\/\/www.linkedin.com\/in\/danilocaccia\/\"],\"url\":\"https:\/\/www.abf.eu\/treviglio\/author\/danilocaccia\/\"}]}<\/script>\n<!-- \/ Yoast SEO plugin. -->","yoast_head_json":{"title":"ABF e il Caseificio Taddei: la valorizzazione del territorio","description":"Il Caseificio Taddei ha collaborato con ABF per scegliere il nome del nuovo formaggio che sar\u00e0 presentato venerd\u00ec 5 maggio.","robots":{"index":"index","follow":"follow","max-snippet":"max-snippet:-1","max-image-preview":"max-image-preview:large","max-video-preview":"max-video-preview:-1"},"canonical":"https:\/\/www.abf.eu\/treviglio\/caseificio-taddei\/","og_locale":"it_IT","og_type":"article","og_title":"ABF e il Caseificio Taddei: la valorizzazione del territorio","og_description":"Il Caseificio Taddei ha collaborato con ABF per scegliere il nome del nuovo formaggio che sar\u00e0 presentato venerd\u00ec 5 maggio.","og_url":"https:\/\/www.abf.eu\/treviglio\/caseificio-taddei\/","og_site_name":"Treviglio","article_published_time":"2023-05-05T06:50:29+00:00","article_modified_time":"2023-05-11T10:21:58+00:00","og_image":[{"width":1000,"height":666,"url":"https:\/\/www.abf.eu\/treviglio\/wp-content\/uploads\/sites\/8\/2023\/05\/caseificio-taddei.png","type":"image\/png"}],"author":"danilocaccia","twitter_card":"summary_large_image","twitter_misc":{"Scritto da":"danilocaccia","Tempo di lettura stimato":"5 minuti"},"schema":{"@context":"https:\/\/schema.org","@graph":[{"@type":"WebPage","@id":"https:\/\/www.abf.eu\/treviglio\/caseificio-taddei\/","url":"https:\/\/www.abf.eu\/treviglio\/caseificio-taddei\/","name":"ABF e il Caseificio Taddei: la valorizzazione del territorio","isPartOf":{"@id":"https:\/\/www.abf.eu\/treviglio\/#website"},"primaryImageOfPage":{"@id":"https:\/\/www.abf.eu\/treviglio\/caseificio-taddei\/#primaryimage"},"image":{"@id":"https:\/\/www.abf.eu\/treviglio\/caseificio-taddei\/#primaryimage"},"thumbnailUrl":"https:\/\/www.abf.eu\/treviglio\/wp-content\/uploads\/sites\/8\/2023\/05\/caseificio-taddei.png","datePublished":"2023-05-05T06:50:29+00:00","dateModified":"2023-05-11T10:21:58+00:00","author":{"@id":"https:\/\/www.abf.eu\/treviglio\/#\/schema\/person\/8a78d772811de95e251d66b4d5491f76"},"description":"Il Caseificio Taddei ha collaborato con ABF per scegliere il nome del nuovo formaggio che sar\u00e0 presentato venerd\u00ec 5 maggio.","breadcrumb":{"@id":"https:\/\/www.abf.eu\/treviglio\/caseificio-taddei\/#breadcrumb"},"inLanguage":"it-IT","potentialAction":[{"@type":"ReadAction","target":["https:\/\/www.abf.eu\/treviglio\/caseificio-taddei\/"]}]},{"@type":"ImageObject","inLanguage":"it-IT","@id":"https:\/\/www.abf.eu\/treviglio\/caseificio-taddei\/#primaryimage","url":"https:\/\/www.abf.eu\/treviglio\/wp-content\/uploads\/sites\/8\/2023\/05\/caseificio-taddei.png","contentUrl":"https:\/\/www.abf.eu\/treviglio\/wp-content\/uploads\/sites\/8\/2023\/05\/caseificio-taddei.png","width":1000,"height":666,"caption":"Caseificio Taddei"},{"@type":"BreadcrumbList","@id":"https:\/\/www.abf.eu\/treviglio\/caseificio-taddei\/#breadcrumb","itemListElement":[{"@type":"ListItem","position":1,"name":"Home","item":"https:\/\/www.abf.eu\/treviglio\/"},{"@type":"ListItem","position":2,"name":"ABF e il Caseificio Taddei: la valorizzazione della tradizione casearia del territorio"}]},{"@type":"WebSite","@id":"https:\/\/www.abf.eu\/treviglio\/#website","url":"https:\/\/www.abf.eu\/treviglio\/","name":"Treviglio","description":"Ecco un altro sito Abf siti","potentialAction":[{"@type":"SearchAction","target":{"@type":"EntryPoint","urlTemplate":"https:\/\/www.abf.eu\/treviglio\/?s={search_term_string}"},"query-input":{"@type":"PropertyValueSpecification","valueRequired":true,"valueName":"search_term_string"}}],"inLanguage":"it-IT"},{"@type":"Person","@id":"https:\/\/www.abf.eu\/treviglio\/#\/schema\/person\/8a78d772811de95e251d66b4d5491f76","name":"danilocaccia","image":{"@type":"ImageObject","inLanguage":"it-IT","@id":"https:\/\/www.abf.eu\/treviglio\/#\/schema\/person\/image\/","url":"https:\/\/secure.gravatar.com\/avatar\/d87f496e2092d70f0bc729633c0c70a56c54c4f8ce3eefdacc36b91c04c2e1c0?s=96&d=mm&r=g","contentUrl":"https:\/\/secure.gravatar.com\/avatar\/d87f496e2092d70f0bc729633c0c70a56c54c4f8ce3eefdacc36b91c04c2e1c0?s=96&d=mm&r=g","caption":"danilocaccia"},"sameAs":["https:\/\/www.linkedin.com\/in\/danilocaccia\/"],"url":"https:\/\/www.abf.eu\/treviglio\/author\/danilocaccia\/"}]}},"_links":{"self":[{"href":"https:\/\/www.abf.eu\/treviglio\/wp-json\/wp\/v2\/posts\/18136","targetHints":{"allow":["GET"]}}],"collection":[{"href":"https:\/\/www.abf.eu\/treviglio\/wp-json\/wp\/v2\/posts"}],"about":[{"href":"https:\/\/www.abf.eu\/treviglio\/wp-json\/wp\/v2\/types\/post"}],"author":[{"embeddable":true,"href":"https:\/\/www.abf.eu\/treviglio\/wp-json\/wp\/v2\/users\/31"}],"replies":[{"embeddable":true,"href":"https:\/\/www.abf.eu\/treviglio\/wp-json\/wp\/v2\/comments?post=18136"}],"version-history":[{"count":6,"href":"https:\/\/www.abf.eu\/treviglio\/wp-json\/wp\/v2\/posts\/18136\/revisions"}],"predecessor-version":[{"id":18185,"href":"https:\/\/www.abf.eu\/treviglio\/wp-json\/wp\/v2\/posts\/18136\/revisions\/18185"}],"wp:featuredmedia":[{"embeddable":true,"href":"https:\/\/www.abf.eu\/treviglio\/wp-json\/wp\/v2\/media\/18145"}],"wp:attachment":[{"href":"https:\/\/www.abf.eu\/treviglio\/wp-json\/wp\/v2\/media?parent=18136"}],"wp:term":[{"taxonomy":"category","embeddable":true,"href":"https:\/\/www.abf.eu\/treviglio\/wp-json\/wp\/v2\/categories?post=18136"},{"taxonomy":"post_tag","embeddable":true,"href":"https:\/\/www.abf.eu\/treviglio\/wp-json\/wp\/v2\/tags?post=18136"}],"curies":[{"name":"wp","href":"https:\/\/api.w.org\/{rel}","templated":true}]}}