{"id":18687,"date":"2023-10-26T11:09:05","date_gmt":"2023-10-26T09:09:05","guid":{"rendered":"https:\/\/www.abf.eu\/treviglio\/?p=18687"},"modified":"2023-11-17T16:18:39","modified_gmt":"2023-11-17T15:18:39","slug":"si-va-in-scena","status":"publish","type":"post","link":"https:\/\/www.abf.eu\/treviglio\/si-va-in-scena\/","title":{"rendered":"Si va in scena!"},"content":{"rendered":"\n<h3 class=\"wp-block-heading\">La fusione di due arti: la formazione e il teatro<\/h3>\n\n\n\n<p>Il mese di Ottobre ha offerto numerose opportunit\u00e0 di incontro tra lo staff di <strong>ABF<\/strong> Treviglio e gli attori dell\u2019<strong>Odin Teatret<\/strong>, nel corso del progetto &#8220;Le radici e il volo &#8211; Omaggio ai maestri del \u2018900 teatrale tra spettacoli, pedagogia, formazione\u201d svoltosi dall&#8217; 11 al 15 Ottobre, nelle localit\u00e0 di Treviglio e di Pontirolo Nuovo.<\/p>\n\n\n\n<h5 class=\"wp-block-heading\">Cos&#8217;\u00e8 Odin Teatret<\/h5>\n\n\n\n<p>L&#8217;<strong>Odin Teatret<\/strong> \u00e8 una <strong>realt\u00e0 teatrale<\/strong> nata a Oslo, Norvegia, nel 1964, trasferitasi poi a Holstebro (Danimarca) nel 1966, cambiando il suo nome in <em>Nordisk Teaterlaboratorium\/Odin Teatret<\/em>. Nel dicembre 2022 l&#8217;Odin Teatret ha lasciato il Nordisk Teaterlaboratorium per continuare autonomamente i suoi spettacoli e le sue attivit\u00e0 culturali a Holstebro e all&#8217;estero.<\/p>\n\n\n\n<p>Oggi le attivit\u00e0 dell\u2019Odin Teatret includono: <\/p>\n\n\n\n<ul class=\"wp-block-list\">\n<li>produzioni dell\u2019Odin presentate in loco e in tourn\u00e9e in Danimarca e all\u2019estero; <\/li>\n\n\n\n<li>iniziative culturali; <\/li>\n\n\n\n<li>incontri per gruppi teatrali e molte altre affascinanti attivit\u00e0!<\/li>\n<\/ul>\n\n\n\n<p>L\u2019Odin Teatret come laboratorio ha portato alla crescita di un <strong>ambiente professionale e accademico<\/strong> caratterizzato da <strong>progetti interdisciplinari<\/strong> e <strong>collaborazione internazionale<\/strong>. Un esempio significativo \u00e8 rappresentato dal campo di ricerca &#8220;ISTA&#8221; (Scuola Internazionale di Antropologia Teatrale), dove attori e ballerini incontrano studiosi al fine di confrontare ed esaminare i fondamenti tecnici della presenza scenica.<\/p>\n\n\n\n<p>L&#8217;Odin Teatret ha realizzato fino ad ora 81 spettacoli diretti da <strong>Eugenio Barba<\/strong>, rappresentati in 65 paesi e contesti sociali diversi. <\/p>\n\n\n\n<h5 class=\"wp-block-heading\">Come si sono conosciute le due realt\u00e0?<\/h5>\n\n\n\n<p>Il mondo di <strong>ABF <\/strong>e quello di <strong>Odin Teatret<\/strong>, si sono conosciuti nel corso di varie circostanze: una prima volta in cui gli attori hanno avuto modo di spiegare ai nostri ragazzi la loro <strong>forma di teatro<\/strong>, una seconda guardando insieme il film \u201c<em><strong>L&#8217;Albero<\/strong><\/em>\u201d e una terza durante il <strong>pranzo<\/strong>, cucinato dagli allievi delle classi 3C e 3B, che si \u00e8 svolto nella giornata di Mercoled\u00ec 11 Ottobre nella Salabar di ABF Treviglio.<\/p>\n\n\n\n<p>Nel corso di quest&#8217;ultima giornata i ragazzi del <strong>giornalino<\/strong> hanno avuto modo di intervistare i protagonisti di Odin Teatret. Se siete interessati a scoprire le conversazioni che sono state condivise, non perdetevi l&#8217;<a href=\"https:\/\/www.canva.com\/design\/DAFw3fssTOY\/t4uQfmax3_M-u4M7RZOijw\/view?utm_content=DAFw3fssTOY&amp;utm_campaign=designshare&amp;utm_medium=link&amp;utm_source=publishsharelink#1\" target=\"_blank\" rel=\"noreferrer noopener\">articolo<\/a> su <a href=\"https:\/\/giornalediabftreviglio.my.canva.site\/\" target=\"_blank\" rel=\"noreferrer noopener\">\u201cFuori la notizia!\u201d<\/a><\/p>\n\n\n\n<h5 class=\"wp-block-heading\">Un convegno formativo<\/h5>\n\n\n\n<p>L&#8217;ultima occasione d\u2019incontro, almeno per ora, si \u00e8 manifestata durante il <strong>convegno<\/strong> \u201cPensiero e azione fra teatro e scuola; trasmissione del sapere &#8211; formazione del fare\u201d di Sabato 14 Ottobre dalle 14:30 alle 17:30.<\/p>\n\n\n\n<p>Durante questo interessante scambio di riflessioni il direttore di ABF Treviglio, <strong>Davide Finazzi<\/strong>, \u00e8 intervenuto spiegando i <strong>legami<\/strong> esistenti <strong>tra la formazione professionale e il mondo del teatro<\/strong>. Egli ha illustrato come le dinamiche di gruppo, la preparazione e la possibilit\u00e0 per chi \u00e8 pi\u00f9 fragile di poter mettersi in gioco, siano caratteristiche che accomunano queste due realt\u00e0. Inoltre, ha evidenziato il ruolo educativo delle scuole, che oggi si spingono oltre la loro tradizionale funzione, fornendo supporto alle famiglie e, talvolta, assumendo un ruolo sostitutivo. <\/p>\n\n\n\n<p>Di seguito viene riportato il suo discorso:<\/p>\n\n\n\n<p>&lt;&lt;<em>Quando \u00e8 stata fatta questa proposta del teatro mi sono chiesto: \u201dChe correlazione pu\u00f2 esserci tra teatro, formazione e attivit\u00e0 laboratoriale?\u201d<\/em><\/p>\n\n\n\n<p><em>Ogni gruppo teatrale, cos\u00ec come ogni gruppo di laboratorio od ogni gruppo classe, \u00e8 composto da persone che lavorano e gestiscono determinate attivit\u00e0, ed \u00e8 importante ricordare che queste persone sono prima di tutto <strong>singoli individui<\/strong>. Dunque ognuno, come individuo che crea il gruppo, pu\u00f2 esprimere il proprio talento, le proprie <strong>capacit\u00e0<\/strong>, la propria visione, ma allo stesso tempo pu\u00f2 essere utile anche a chi ha pi\u00f9 difficolt\u00e0. Questa logica, che sia nel teatro, nell\u2019attivit\u00e0 del fare, nella formazione professionale, nell\u2019attivit\u00e0 laboratoriale, permette s\u00ec a chi ha capacit\u00e0 e talento di emergere, ma consente anche a chi ha pi\u00f9 difficolt\u00e0 di <strong>sentirsi parte<\/strong> del gruppo stesso ed essere aiutato a sviluppare le competenze.<\/em><\/p>\n\n\n\n<p><em>Questo significa che, ripeto, ognuno di noi \u00e8 un singolo individuo che possiede delle caratteristiche, e naturalmente c\u2019\u00e8 chi ha capacit\u00e0 maggiori e chi ne ha minori, per\u00f2 il lavoro di gruppo permette anche a chi ha magari minori abilit\u00e0 di poterle esercitare al meglio, acquisirne di nuove e identificare la propria persona, la propria <strong>personalit\u00e0<\/strong>, oltre che sviluppare l\u2019aspetto tecnico.<\/em><\/p>\n\n\n\n<p><em>Durante la formazione ci sono dunque s\u00ec delle competenze tecniche da sviluppare, che nel teatro sono l\u2019abilit\u00e0 comunicativa, l\u2019aspetto motorio e quindi il sapersi muovere, o nel laboratorio lo sviluppo di competenze tecniche e di gestione, ma c\u2019\u00e8 anche un altro <strong>aspetto<\/strong> importante da considerare: quello <strong>sociale<\/strong>!<\/em><\/p>\n\n\n\n<p><em>Inoltre, nel corso di quella conferenza \u00e8 stata posta una domanda molto interessante da parte di alcuni docenti universitari: \u201cChe fine hanno fatto i bambini?\u201d, che poi, attuando una correlazione con la nostra scuola, si \u00e8 tramutata in \u201cDove sono finiti i giovani?\u201d. Io ho risposto che di <strong>giovani <\/strong>ce ne sono ancora tanti bravi, <strong>volenterosi<\/strong> e con la voglia di mettersi in gioco. A questo proposito, quindi, \u00e8 bene chiedersi quale sia la funzione della <strong>scuola<\/strong>: essa \u00e8 quella di saper sviluppare abilit\u00e0 e competenze per <strong>far emergere da ognuno di noi le abilit\u00e0 innate<\/strong>.<\/em>&gt;&gt;<\/p>\n\n\n\n<p>Queste occasioni di collaborazione si sono mostrate di grande valore per aprire le porte a realt\u00e0 diverse, scambiare riflessioni e rivelare che persino mondi apparentemente lontani possono avere molti punti di convergenza da condividere!<\/p>\n\n\n\n<hr class=\"wp-block-separator has-alpha-channel-opacity\"\/>\n\n\n\n<figure class=\"wp-block-image size-large\"><img loading=\"lazy\" decoding=\"async\" width=\"1024\" height=\"768\" src=\"https:\/\/www.abf.eu\/treviglio\/wp-content\/uploads\/sites\/8\/2023\/10\/WhatsApp-Image-2023-10-17-at-12.51.22-1024x768.jpeg\" alt=\"Pranzo con attori di Odin Teater\" class=\"wp-image-18698\" srcset=\"https:\/\/www.abf.eu\/treviglio\/wp-content\/uploads\/sites\/8\/2023\/10\/WhatsApp-Image-2023-10-17-at-12.51.22-1024x768.jpeg 1024w, https:\/\/www.abf.eu\/treviglio\/wp-content\/uploads\/sites\/8\/2023\/10\/WhatsApp-Image-2023-10-17-at-12.51.22-300x225.jpeg 300w, https:\/\/www.abf.eu\/treviglio\/wp-content\/uploads\/sites\/8\/2023\/10\/WhatsApp-Image-2023-10-17-at-12.51.22-768x576.jpeg 768w, https:\/\/www.abf.eu\/treviglio\/wp-content\/uploads\/sites\/8\/2023\/10\/WhatsApp-Image-2023-10-17-at-12.51.22-1536x1152.jpeg 1536w, https:\/\/www.abf.eu\/treviglio\/wp-content\/uploads\/sites\/8\/2023\/10\/WhatsApp-Image-2023-10-17-at-12.51.22-533x400.jpeg 533w, https:\/\/www.abf.eu\/treviglio\/wp-content\/uploads\/sites\/8\/2023\/10\/WhatsApp-Image-2023-10-17-at-12.51.22.jpeg 2000w\" sizes=\"auto, (max-width: 1024px) 100vw, 1024px\" \/><figcaption class=\"wp-element-caption\">Pranzo con gli attori di Odin Teatret<\/figcaption><\/figure>\n\n\n\n<figure class=\"wp-block-image size-large\"><img loading=\"lazy\" decoding=\"async\" width=\"1024\" height=\"768\" src=\"https:\/\/www.abf.eu\/treviglio\/wp-content\/uploads\/sites\/8\/2023\/10\/odin-teatret-1-1024x768.jpeg\" alt=\"Convegno con gli attori di Odin Teater\" class=\"wp-image-18697\" srcset=\"https:\/\/www.abf.eu\/treviglio\/wp-content\/uploads\/sites\/8\/2023\/10\/odin-teatret-1-1024x768.jpeg 1024w, https:\/\/www.abf.eu\/treviglio\/wp-content\/uploads\/sites\/8\/2023\/10\/odin-teatret-1-300x225.jpeg 300w, https:\/\/www.abf.eu\/treviglio\/wp-content\/uploads\/sites\/8\/2023\/10\/odin-teatret-1-768x576.jpeg 768w, https:\/\/www.abf.eu\/treviglio\/wp-content\/uploads\/sites\/8\/2023\/10\/odin-teatret-1-1536x1152.jpeg 1536w, https:\/\/www.abf.eu\/treviglio\/wp-content\/uploads\/sites\/8\/2023\/10\/odin-teatret-1-533x400.jpeg 533w, https:\/\/www.abf.eu\/treviglio\/wp-content\/uploads\/sites\/8\/2023\/10\/odin-teatret-1.jpeg 2048w\" sizes=\"auto, (max-width: 1024px) 100vw, 1024px\" \/><figcaption class=\"wp-element-caption\">Convegno con gli attori di Odin Teatret<\/figcaption><\/figure>\n\n\n\n<hr class=\"wp-block-separator has-alpha-channel-opacity\"\/>\n\n\n\n<p>Vuoi avere anche tu la possibilit\u00e0 di partecipare a queste esperienze? Ottimo! Ad ABF Treviglio partono sempre nuovi corsi, tra cui pasticceria, barman, cucina e molto altro ancora. Scoprili tutti cliccando <a href=\"https:\/\/www.abf.eu\/treviglio\/\" target=\"_blank\" rel=\"noreferrer noopener\">qui<\/a>.<\/p>\n\n\n\n<p class=\"has-text-align-right\">JB<\/p>\n","protected":false},"excerpt":{"rendered":"<p>La fusione di due arti: la formazione e il teatro<\/p>\n","protected":false},"author":60,"featured_media":18756,"comment_status":"open","ping_status":"open","sticky":false,"template":"","format":"standard","meta":{"footnotes":""},"categories":[1],"tags":[],"class_list":["post-18687","post","type-post","status-publish","format-standard","has-post-thumbnail","hentry","category-senza-categoria"],"yoast_head":"<!-- This site is optimized with the Yoast SEO plugin v25.8 - https:\/\/yoast.com\/wordpress\/plugins\/seo\/ -->\n<title>Si va in scena! - Treviglio<\/title>\n<meta name=\"description\" content=\"Opportunit\u00e0 d&#039;incontro tra ABF Treviglio e Odin Teatret, ricche di scambi di riflessioni, opinioni e conoscenze.\" \/>\n<meta name=\"robots\" content=\"index, follow, max-snippet:-1, max-image-preview:large, max-video-preview:-1\" \/>\n<link rel=\"canonical\" href=\"https:\/\/www.abf.eu\/treviglio\/si-va-in-scena\/\" \/>\n<meta property=\"og:locale\" content=\"it_IT\" \/>\n<meta property=\"og:type\" content=\"article\" \/>\n<meta property=\"og:title\" content=\"Si va in scena! - Treviglio\" \/>\n<meta property=\"og:description\" content=\"Opportunit\u00e0 d&#039;incontro tra ABF Treviglio e Odin Teatret, ricche di scambi di riflessioni, opinioni e conoscenze.\" \/>\n<meta property=\"og:url\" content=\"https:\/\/www.abf.eu\/treviglio\/si-va-in-scena\/\" \/>\n<meta property=\"og:site_name\" content=\"Treviglio\" \/>\n<meta property=\"article:published_time\" content=\"2023-10-26T09:09:05+00:00\" \/>\n<meta property=\"article:modified_time\" content=\"2023-11-17T15:18:39+00:00\" \/>\n<meta property=\"og:image\" content=\"https:\/\/www.abf.eu\/treviglio\/wp-content\/uploads\/sites\/8\/2023\/10\/Progetto-senza-titolo-6-3.png\" \/>\n\t<meta property=\"og:image:width\" content=\"1000\" \/>\n\t<meta property=\"og:image:height\" content=\"666\" \/>\n\t<meta property=\"og:image:type\" content=\"image\/png\" \/>\n<meta name=\"author\" content=\"comunicazione\" \/>\n<meta name=\"twitter:card\" content=\"summary_large_image\" \/>\n<meta name=\"twitter:label1\" content=\"Scritto da\" \/>\n\t<meta name=\"twitter:data1\" content=\"comunicazione\" \/>\n\t<meta name=\"twitter:label2\" content=\"Tempo di lettura stimato\" \/>\n\t<meta name=\"twitter:data2\" content=\"6 minuti\" \/>\n<script type=\"application\/ld+json\" class=\"yoast-schema-graph\">{\"@context\":\"https:\/\/schema.org\",\"@graph\":[{\"@type\":\"WebPage\",\"@id\":\"https:\/\/www.abf.eu\/treviglio\/si-va-in-scena\/\",\"url\":\"https:\/\/www.abf.eu\/treviglio\/si-va-in-scena\/\",\"name\":\"Si va in scena! - Treviglio\",\"isPartOf\":{\"@id\":\"https:\/\/www.abf.eu\/treviglio\/#website\"},\"primaryImageOfPage\":{\"@id\":\"https:\/\/www.abf.eu\/treviglio\/si-va-in-scena\/#primaryimage\"},\"image\":{\"@id\":\"https:\/\/www.abf.eu\/treviglio\/si-va-in-scena\/#primaryimage\"},\"thumbnailUrl\":\"https:\/\/www.abf.eu\/treviglio\/wp-content\/uploads\/sites\/8\/2023\/10\/Progetto-senza-titolo-6-3.png\",\"datePublished\":\"2023-10-26T09:09:05+00:00\",\"dateModified\":\"2023-11-17T15:18:39+00:00\",\"author\":{\"@id\":\"https:\/\/www.abf.eu\/treviglio\/#\/schema\/person\/fba29fdd25ac883d91d01aac3a0d4b27\"},\"description\":\"Opportunit\u00e0 d'incontro tra ABF Treviglio e Odin Teatret, ricche di scambi di riflessioni, opinioni e conoscenze.\",\"breadcrumb\":{\"@id\":\"https:\/\/www.abf.eu\/treviglio\/si-va-in-scena\/#breadcrumb\"},\"inLanguage\":\"it-IT\",\"potentialAction\":[{\"@type\":\"ReadAction\",\"target\":[\"https:\/\/www.abf.eu\/treviglio\/si-va-in-scena\/\"]}]},{\"@type\":\"ImageObject\",\"inLanguage\":\"it-IT\",\"@id\":\"https:\/\/www.abf.eu\/treviglio\/si-va-in-scena\/#primaryimage\",\"url\":\"https:\/\/www.abf.eu\/treviglio\/wp-content\/uploads\/sites\/8\/2023\/10\/Progetto-senza-titolo-6-3.png\",\"contentUrl\":\"https:\/\/www.abf.eu\/treviglio\/wp-content\/uploads\/sites\/8\/2023\/10\/Progetto-senza-titolo-6-3.png\",\"width\":1000,\"height\":666,\"caption\":\"Incontro tra lo staff di Abf Treviglio e gli attori dell'Odin Teatret\"},{\"@type\":\"BreadcrumbList\",\"@id\":\"https:\/\/www.abf.eu\/treviglio\/si-va-in-scena\/#breadcrumb\",\"itemListElement\":[{\"@type\":\"ListItem\",\"position\":1,\"name\":\"Home\",\"item\":\"https:\/\/www.abf.eu\/treviglio\/\"},{\"@type\":\"ListItem\",\"position\":2,\"name\":\"Si va in scena!\"}]},{\"@type\":\"WebSite\",\"@id\":\"https:\/\/www.abf.eu\/treviglio\/#website\",\"url\":\"https:\/\/www.abf.eu\/treviglio\/\",\"name\":\"Treviglio\",\"description\":\"Ecco un altro sito Abf siti\",\"potentialAction\":[{\"@type\":\"SearchAction\",\"target\":{\"@type\":\"EntryPoint\",\"urlTemplate\":\"https:\/\/www.abf.eu\/treviglio\/?s={search_term_string}\"},\"query-input\":{\"@type\":\"PropertyValueSpecification\",\"valueRequired\":true,\"valueName\":\"search_term_string\"}}],\"inLanguage\":\"it-IT\"},{\"@type\":\"Person\",\"@id\":\"https:\/\/www.abf.eu\/treviglio\/#\/schema\/person\/fba29fdd25ac883d91d01aac3a0d4b27\",\"name\":\"comunicazione\",\"image\":{\"@type\":\"ImageObject\",\"inLanguage\":\"it-IT\",\"@id\":\"https:\/\/www.abf.eu\/treviglio\/#\/schema\/person\/image\/\",\"url\":\"https:\/\/secure.gravatar.com\/avatar\/445d3edd207d3c273c1713623b756ae97548765fd51b7e026d88829d477e9bad?s=96&d=mm&r=g\",\"contentUrl\":\"https:\/\/secure.gravatar.com\/avatar\/445d3edd207d3c273c1713623b756ae97548765fd51b7e026d88829d477e9bad?s=96&d=mm&r=g\",\"caption\":\"comunicazione\"},\"url\":\"https:\/\/www.abf.eu\/treviglio\/author\/comunicazione\/\"}]}<\/script>\n<!-- \/ Yoast SEO plugin. -->","yoast_head_json":{"title":"Si va in scena! - Treviglio","description":"Opportunit\u00e0 d'incontro tra ABF Treviglio e Odin Teatret, ricche di scambi di riflessioni, opinioni e conoscenze.","robots":{"index":"index","follow":"follow","max-snippet":"max-snippet:-1","max-image-preview":"max-image-preview:large","max-video-preview":"max-video-preview:-1"},"canonical":"https:\/\/www.abf.eu\/treviglio\/si-va-in-scena\/","og_locale":"it_IT","og_type":"article","og_title":"Si va in scena! - Treviglio","og_description":"Opportunit\u00e0 d'incontro tra ABF Treviglio e Odin Teatret, ricche di scambi di riflessioni, opinioni e conoscenze.","og_url":"https:\/\/www.abf.eu\/treviglio\/si-va-in-scena\/","og_site_name":"Treviglio","article_published_time":"2023-10-26T09:09:05+00:00","article_modified_time":"2023-11-17T15:18:39+00:00","og_image":[{"width":1000,"height":666,"url":"https:\/\/www.abf.eu\/treviglio\/wp-content\/uploads\/sites\/8\/2023\/10\/Progetto-senza-titolo-6-3.png","type":"image\/png"}],"author":"comunicazione","twitter_card":"summary_large_image","twitter_misc":{"Scritto da":"comunicazione","Tempo di lettura stimato":"6 minuti"},"schema":{"@context":"https:\/\/schema.org","@graph":[{"@type":"WebPage","@id":"https:\/\/www.abf.eu\/treviglio\/si-va-in-scena\/","url":"https:\/\/www.abf.eu\/treviglio\/si-va-in-scena\/","name":"Si va in scena! - Treviglio","isPartOf":{"@id":"https:\/\/www.abf.eu\/treviglio\/#website"},"primaryImageOfPage":{"@id":"https:\/\/www.abf.eu\/treviglio\/si-va-in-scena\/#primaryimage"},"image":{"@id":"https:\/\/www.abf.eu\/treviglio\/si-va-in-scena\/#primaryimage"},"thumbnailUrl":"https:\/\/www.abf.eu\/treviglio\/wp-content\/uploads\/sites\/8\/2023\/10\/Progetto-senza-titolo-6-3.png","datePublished":"2023-10-26T09:09:05+00:00","dateModified":"2023-11-17T15:18:39+00:00","author":{"@id":"https:\/\/www.abf.eu\/treviglio\/#\/schema\/person\/fba29fdd25ac883d91d01aac3a0d4b27"},"description":"Opportunit\u00e0 d'incontro tra ABF Treviglio e Odin Teatret, ricche di scambi di riflessioni, opinioni e conoscenze.","breadcrumb":{"@id":"https:\/\/www.abf.eu\/treviglio\/si-va-in-scena\/#breadcrumb"},"inLanguage":"it-IT","potentialAction":[{"@type":"ReadAction","target":["https:\/\/www.abf.eu\/treviglio\/si-va-in-scena\/"]}]},{"@type":"ImageObject","inLanguage":"it-IT","@id":"https:\/\/www.abf.eu\/treviglio\/si-va-in-scena\/#primaryimage","url":"https:\/\/www.abf.eu\/treviglio\/wp-content\/uploads\/sites\/8\/2023\/10\/Progetto-senza-titolo-6-3.png","contentUrl":"https:\/\/www.abf.eu\/treviglio\/wp-content\/uploads\/sites\/8\/2023\/10\/Progetto-senza-titolo-6-3.png","width":1000,"height":666,"caption":"Incontro tra lo staff di Abf Treviglio e gli attori dell'Odin Teatret"},{"@type":"BreadcrumbList","@id":"https:\/\/www.abf.eu\/treviglio\/si-va-in-scena\/#breadcrumb","itemListElement":[{"@type":"ListItem","position":1,"name":"Home","item":"https:\/\/www.abf.eu\/treviglio\/"},{"@type":"ListItem","position":2,"name":"Si va in scena!"}]},{"@type":"WebSite","@id":"https:\/\/www.abf.eu\/treviglio\/#website","url":"https:\/\/www.abf.eu\/treviglio\/","name":"Treviglio","description":"Ecco un altro sito Abf siti","potentialAction":[{"@type":"SearchAction","target":{"@type":"EntryPoint","urlTemplate":"https:\/\/www.abf.eu\/treviglio\/?s={search_term_string}"},"query-input":{"@type":"PropertyValueSpecification","valueRequired":true,"valueName":"search_term_string"}}],"inLanguage":"it-IT"},{"@type":"Person","@id":"https:\/\/www.abf.eu\/treviglio\/#\/schema\/person\/fba29fdd25ac883d91d01aac3a0d4b27","name":"comunicazione","image":{"@type":"ImageObject","inLanguage":"it-IT","@id":"https:\/\/www.abf.eu\/treviglio\/#\/schema\/person\/image\/","url":"https:\/\/secure.gravatar.com\/avatar\/445d3edd207d3c273c1713623b756ae97548765fd51b7e026d88829d477e9bad?s=96&d=mm&r=g","contentUrl":"https:\/\/secure.gravatar.com\/avatar\/445d3edd207d3c273c1713623b756ae97548765fd51b7e026d88829d477e9bad?s=96&d=mm&r=g","caption":"comunicazione"},"url":"https:\/\/www.abf.eu\/treviglio\/author\/comunicazione\/"}]}},"_links":{"self":[{"href":"https:\/\/www.abf.eu\/treviglio\/wp-json\/wp\/v2\/posts\/18687","targetHints":{"allow":["GET"]}}],"collection":[{"href":"https:\/\/www.abf.eu\/treviglio\/wp-json\/wp\/v2\/posts"}],"about":[{"href":"https:\/\/www.abf.eu\/treviglio\/wp-json\/wp\/v2\/types\/post"}],"author":[{"embeddable":true,"href":"https:\/\/www.abf.eu\/treviglio\/wp-json\/wp\/v2\/users\/60"}],"replies":[{"embeddable":true,"href":"https:\/\/www.abf.eu\/treviglio\/wp-json\/wp\/v2\/comments?post=18687"}],"version-history":[{"count":48,"href":"https:\/\/www.abf.eu\/treviglio\/wp-json\/wp\/v2\/posts\/18687\/revisions"}],"predecessor-version":[{"id":18888,"href":"https:\/\/www.abf.eu\/treviglio\/wp-json\/wp\/v2\/posts\/18687\/revisions\/18888"}],"wp:featuredmedia":[{"embeddable":true,"href":"https:\/\/www.abf.eu\/treviglio\/wp-json\/wp\/v2\/media\/18756"}],"wp:attachment":[{"href":"https:\/\/www.abf.eu\/treviglio\/wp-json\/wp\/v2\/media?parent=18687"}],"wp:term":[{"taxonomy":"category","embeddable":true,"href":"https:\/\/www.abf.eu\/treviglio\/wp-json\/wp\/v2\/categories?post=18687"},{"taxonomy":"post_tag","embeddable":true,"href":"https:\/\/www.abf.eu\/treviglio\/wp-json\/wp\/v2\/tags?post=18687"}],"curies":[{"name":"wp","href":"https:\/\/api.w.org\/{rel}","templated":true}]}}