{"id":19176,"date":"2023-12-08T13:26:43","date_gmt":"2023-12-08T12:26:43","guid":{"rendered":"https:\/\/www.abf.eu\/treviglio\/?p=19176"},"modified":"2023-12-22T14:33:24","modified_gmt":"2023-12-22T13:33:24","slug":"graduation-day-la-fine-di-un-percorso-la-celebrazione-di-un-traguardo","status":"publish","type":"post","link":"https:\/\/www.abf.eu\/treviglio\/graduation-day-la-fine-di-un-percorso-la-celebrazione-di-un-traguardo\/","title":{"rendered":"Graduation day: la fine di un percorso, la celebrazione di un traguardo"},"content":{"rendered":"\n<h3 class=\"wp-block-heading\">Consegna degli attestati di qualifica e dei diplomi<\/h3>\n\n\n\n<h5 class=\"wp-block-heading\">La cerimonia<\/h5>\n\n\n\n<p>Marted\u00ec <strong>5 dicembre 2023<\/strong> presso l&#8217;aula magna dell&#8217;Istituto Archimede si \u00e8 svolta la <strong>cerimonia di consegna degli attestati di qualifica e dei diplomi<\/strong> agli allievi di ABF Treviglio. L&#8217;Istituto ha organizzato uno spazio dedicato agli studenti che durante l&#8217;anno formativo 2022\/2023 hanno raggiunto la qualifica di III anno e il diploma di IV anno.<\/p>\n\n\n\n<p>Dopo il discorso di presentazione gli allievi sono stati chiamati per ricevere l&#8217;attestato e per raccontare la loro esperienza di formazione presso ABF Treviglio.<br>ABF ha voluto celebrare il termine del percorso di formazione degli allievi consegnando i diplomi di IV anno a coloro che si sono diplomati lo scorso giugno, e un attestato di qualifica agli allievi del III anno. Inoltre gli allievi meritevoli hanno ricevuto in regalo un buono Amazon per aver dimostrato impegno e determinazione durante il loro percorso in ABF.<\/p>\n\n\n\n<figure class=\"wp-block-image size-large\"><img loading=\"lazy\" decoding=\"async\" width=\"1024\" height=\"683\" src=\"https:\/\/www.abf.eu\/treviglio\/wp-content\/uploads\/sites\/8\/2023\/12\/Presentazione-1-2-1024x683.jpg\" alt=\"\" class=\"wp-image-19197\" srcset=\"https:\/\/www.abf.eu\/treviglio\/wp-content\/uploads\/sites\/8\/2023\/12\/Presentazione-1-2-1024x683.jpg 1024w, https:\/\/www.abf.eu\/treviglio\/wp-content\/uploads\/sites\/8\/2023\/12\/Presentazione-1-2-300x200.jpg 300w, https:\/\/www.abf.eu\/treviglio\/wp-content\/uploads\/sites\/8\/2023\/12\/Presentazione-1-2-768x512.jpg 768w, https:\/\/www.abf.eu\/treviglio\/wp-content\/uploads\/sites\/8\/2023\/12\/Presentazione-1-2-600x400.jpg 600w, https:\/\/www.abf.eu\/treviglio\/wp-content\/uploads\/sites\/8\/2023\/12\/Presentazione-1-2.jpg 1368w\" sizes=\"auto, (max-width: 1024px) 100vw, 1024px\" \/><\/figure>\n\n\n\n<h5 class=\"wp-block-heading\">La festa per gli allievi<\/h5>\n\n\n\n<p>Dopo la cerimonia i festeggiamenti sono proseguiti presso il laboratorio di Sala Bar, dove gli allievi hanno potuto trascorrere un momento di scambio e condivisione insieme ai loro compagni e insegnanti.<\/p>\n\n\n\n<figure class=\"wp-block-image size-large\"><img loading=\"lazy\" decoding=\"async\" width=\"1024\" height=\"494\" src=\"https:\/\/www.abf.eu\/treviglio\/wp-content\/uploads\/sites\/8\/2023\/12\/Sala-Bar-1024x494.jpg\" alt=\"\" class=\"wp-image-19198\" srcset=\"https:\/\/www.abf.eu\/treviglio\/wp-content\/uploads\/sites\/8\/2023\/12\/Sala-Bar-1024x494.jpg 1024w, https:\/\/www.abf.eu\/treviglio\/wp-content\/uploads\/sites\/8\/2023\/12\/Sala-Bar-300x145.jpg 300w, https:\/\/www.abf.eu\/treviglio\/wp-content\/uploads\/sites\/8\/2023\/12\/Sala-Bar-768x370.jpg 768w, https:\/\/www.abf.eu\/treviglio\/wp-content\/uploads\/sites\/8\/2023\/12\/Sala-Bar-1536x740.jpg 1536w, https:\/\/www.abf.eu\/treviglio\/wp-content\/uploads\/sites\/8\/2023\/12\/Sala-Bar-600x289.jpg 600w, https:\/\/www.abf.eu\/treviglio\/wp-content\/uploads\/sites\/8\/2023\/12\/Sala-Bar.jpg 2048w\" sizes=\"auto, (max-width: 1024px) 100vw, 1024px\" \/><\/figure>\n\n\n\n<h5 class=\"wp-block-heading\">La parola agli studenti<\/h5>\n\n\n\n<p>Durante la cerimonia di consegna degli attestati di qualifica e dei diplomi abbiamo potuto raccogliere alcuni pensieri degli allievi.<\/p>\n\n\n\n<p>Gli allievi hanno gradito partecipare alla cerimonia conclusiva del loro percorso formativo in ABF Treviglio e sono stati contenti di condividere questo traguardo speciale in compagnia dei loro compagni e insegnanti.<\/p>\n\n\n\n<blockquote class=\"wp-block-quote is-layout-flow wp-block-quote-is-layout-flow\">\n<p>&#8220;Mi \u00e8 piaciuto molto essere in compagnia dei miei amici e poter condividere con loro un momento cos\u00ec speciale&#8221;.<\/p>\n<\/blockquote>\n\n\n\n<blockquote class=\"wp-block-quote is-layout-flow wp-block-quote-is-layout-flow\">\n<p>&#8220;\u00c8 stato piacevole avere l&#8217;occasione di stare ancora con i miei compagni anche dopo la fine della scuola. Inoltre la cerimonia mi ha fatto sentire apprezzata&#8221;<\/p>\n<\/blockquote>\n\n\n\n<figure class=\"wp-block-image size-large\"><img loading=\"lazy\" decoding=\"async\" width=\"1024\" height=\"683\" src=\"https:\/\/www.abf.eu\/treviglio\/wp-content\/uploads\/sites\/8\/2023\/12\/Festa-1-2-1024x683.jpg\" alt=\"\" class=\"wp-image-19200\" srcset=\"https:\/\/www.abf.eu\/treviglio\/wp-content\/uploads\/sites\/8\/2023\/12\/Festa-1-2-1024x683.jpg 1024w, https:\/\/www.abf.eu\/treviglio\/wp-content\/uploads\/sites\/8\/2023\/12\/Festa-1-2-300x200.jpg 300w, https:\/\/www.abf.eu\/treviglio\/wp-content\/uploads\/sites\/8\/2023\/12\/Festa-1-2-768x512.jpg 768w, https:\/\/www.abf.eu\/treviglio\/wp-content\/uploads\/sites\/8\/2023\/12\/Festa-1-2-600x400.jpg 600w, https:\/\/www.abf.eu\/treviglio\/wp-content\/uploads\/sites\/8\/2023\/12\/Festa-1-2.jpg 1368w\" sizes=\"auto, (max-width: 1024px) 100vw, 1024px\" \/><\/figure>\n\n\n\n<figure class=\"wp-block-image size-large\"><img loading=\"lazy\" decoding=\"async\" width=\"1024\" height=\"683\" src=\"https:\/\/www.abf.eu\/treviglio\/wp-content\/uploads\/sites\/8\/2023\/12\/Festa-3-1-1024x683.jpg\" alt=\"\" class=\"wp-image-19201\" srcset=\"https:\/\/www.abf.eu\/treviglio\/wp-content\/uploads\/sites\/8\/2023\/12\/Festa-3-1-1024x683.jpg 1024w, https:\/\/www.abf.eu\/treviglio\/wp-content\/uploads\/sites\/8\/2023\/12\/Festa-3-1-300x200.jpg 300w, https:\/\/www.abf.eu\/treviglio\/wp-content\/uploads\/sites\/8\/2023\/12\/Festa-3-1-768x512.jpg 768w, https:\/\/www.abf.eu\/treviglio\/wp-content\/uploads\/sites\/8\/2023\/12\/Festa-3-1-600x400.jpg 600w, https:\/\/www.abf.eu\/treviglio\/wp-content\/uploads\/sites\/8\/2023\/12\/Festa-3-1.jpg 1368w\" sizes=\"auto, (max-width: 1024px) 100vw, 1024px\" \/><\/figure>\n\n\n\n<h5 class=\"wp-block-heading\">ABF Treviglio: una grande famiglia<\/h5>\n\n\n\n<p>La cerimonia \u00e8 stata un&#8217;occasione di ritrovo e di festa per celebrare i nostri allievi che, insieme agli insegnanti e a tutto il personale scolastico, costituiscono le fondamenta del nostro Istituto. Anche se il percorso di questi allievi \u00e8 ormai giunto al termine siamo fiduciosi che la relazione che abbiamo stretto con loro in questi anni non termini qui. ABF Treviglio, con tutti gli insegnanti e i collaboratori, sar\u00e0 sempre un riferimento per i nostri allievi e il punto di partenza dal quale \u00e8 fiorita la passione per ci\u00f2 a cui si dedicheranno nella loro carriera professionale. Questo \u00e8 stato possibile soprattutto grazie ai professori, che hanno saputo trasmettere agli allievi la passione per il proprio lavoro, educandoli alla cura, all&#8217;impegno e alla determinazione per realizzare gli obbiettivi a cui aspirano nella loro carriera futura.<\/p>\n\n\n\n<p>Il traguardo raggiunto dagli allievi \u00e8 stato uno spunto per riflettere sull&#8217;importanza della formazione che ogni giorno diamo ai nostri ragazzi. Una delle frasi pronunciate dagli allievi che pi\u00f9 ci ha emozionato \u00e8 la seguente:<\/p>\n\n\n\n<blockquote class=\"wp-block-quote is-layout-flow wp-block-quote-is-layout-flow\">\n<p>&#8220;Lo rifarei volentieri il prossimo anno: mi ha fatto sentire parte di una famiglia&#8221;.<\/p>\n<\/blockquote>\n\n\n\n<p>Al netto di ci\u00f2 possiamo dunque affermare che anche ABF Treviglio, con gli insegnanti e i collaboratori, ha raggiunto un traguardo importante: trasmettere agli allievi l&#8217;importanza del sostegno reciproco e della condivisione, principi cardini del nostro Istituto che fanno in modo che i nostri ragazzi possano sentirsi parte di una grande famiglia!<\/p>\n\n\n\n<h5 class=\"wp-block-heading\">Un ringraziamento speciale<\/h5>\n\n\n\n<p>A questo proposito vogliamo ringraziare loro, i nostri ragazzi, che sono sempre una fonte di ispirazione per tutto il personale di ABF Treviglio e il punto di partenza di ogni scelta, progetto e iniziativa organizzati dal nostro Istituto.<\/p>\n","protected":false},"excerpt":{"rendered":"<p>Consegna degli attestati di qualifica e dei diplomi La cerimonia<\/p>\n","protected":false},"author":60,"featured_media":19210,"comment_status":"open","ping_status":"open","sticky":false,"template":"","format":"standard","meta":{"footnotes":""},"categories":[1],"tags":[],"class_list":["post-19176","post","type-post","status-publish","format-standard","has-post-thumbnail","hentry","category-senza-categoria"],"yoast_head":"<!-- This site is optimized with the Yoast SEO plugin v25.8 - https:\/\/yoast.com\/wordpress\/plugins\/seo\/ -->\n<title>Graduation day: la fine di un percorso, la celebrazione di un traguardo - Treviglio<\/title>\n<meta name=\"description\" content=\"Marted\u00ec 5 dicembre 2023 si \u00e8 svolta la cerimonia di consegna degli attestati di qualifica e dei diplomi agli allievi di ABF Treviglio.\" \/>\n<meta name=\"robots\" content=\"index, follow, max-snippet:-1, max-image-preview:large, max-video-preview:-1\" \/>\n<link rel=\"canonical\" href=\"https:\/\/www.abf.eu\/treviglio\/graduation-day-la-fine-di-un-percorso-la-celebrazione-di-un-traguardo\/\" \/>\n<meta property=\"og:locale\" content=\"it_IT\" \/>\n<meta property=\"og:type\" content=\"article\" \/>\n<meta property=\"og:title\" content=\"Graduation day: la fine di un percorso, la celebrazione di un traguardo - Treviglio\" \/>\n<meta property=\"og:description\" content=\"Marted\u00ec 5 dicembre 2023 si \u00e8 svolta la cerimonia di consegna degli attestati di qualifica e dei diplomi agli allievi di ABF Treviglio.\" \/>\n<meta property=\"og:url\" content=\"https:\/\/www.abf.eu\/treviglio\/graduation-day-la-fine-di-un-percorso-la-celebrazione-di-un-traguardo\/\" \/>\n<meta property=\"og:site_name\" content=\"Treviglio\" \/>\n<meta property=\"article:published_time\" content=\"2023-12-08T12:26:43+00:00\" \/>\n<meta property=\"article:modified_time\" content=\"2023-12-22T13:33:24+00:00\" \/>\n<meta property=\"og:image\" content=\"https:\/\/www.abf.eu\/treviglio\/wp-content\/uploads\/sites\/8\/2023\/12\/Progetto-senza-titolo-1.png\" \/>\n\t<meta property=\"og:image:width\" content=\"1000\" \/>\n\t<meta property=\"og:image:height\" content=\"666\" \/>\n\t<meta property=\"og:image:type\" content=\"image\/png\" \/>\n<meta name=\"author\" content=\"comunicazione\" \/>\n<meta name=\"twitter:card\" content=\"summary_large_image\" \/>\n<meta name=\"twitter:label1\" content=\"Scritto da\" \/>\n\t<meta name=\"twitter:data1\" content=\"comunicazione\" \/>\n\t<meta name=\"twitter:label2\" content=\"Tempo di lettura stimato\" \/>\n\t<meta name=\"twitter:data2\" content=\"4 minuti\" \/>\n<script type=\"application\/ld+json\" class=\"yoast-schema-graph\">{\"@context\":\"https:\/\/schema.org\",\"@graph\":[{\"@type\":\"WebPage\",\"@id\":\"https:\/\/www.abf.eu\/treviglio\/graduation-day-la-fine-di-un-percorso-la-celebrazione-di-un-traguardo\/\",\"url\":\"https:\/\/www.abf.eu\/treviglio\/graduation-day-la-fine-di-un-percorso-la-celebrazione-di-un-traguardo\/\",\"name\":\"Graduation day: la fine di un percorso, la celebrazione di un traguardo - Treviglio\",\"isPartOf\":{\"@id\":\"https:\/\/www.abf.eu\/treviglio\/#website\"},\"primaryImageOfPage\":{\"@id\":\"https:\/\/www.abf.eu\/treviglio\/graduation-day-la-fine-di-un-percorso-la-celebrazione-di-un-traguardo\/#primaryimage\"},\"image\":{\"@id\":\"https:\/\/www.abf.eu\/treviglio\/graduation-day-la-fine-di-un-percorso-la-celebrazione-di-un-traguardo\/#primaryimage\"},\"thumbnailUrl\":\"https:\/\/www.abf.eu\/treviglio\/wp-content\/uploads\/sites\/8\/2023\/12\/Progetto-senza-titolo-1.png\",\"datePublished\":\"2023-12-08T12:26:43+00:00\",\"dateModified\":\"2023-12-22T13:33:24+00:00\",\"author\":{\"@id\":\"https:\/\/www.abf.eu\/treviglio\/#\/schema\/person\/fba29fdd25ac883d91d01aac3a0d4b27\"},\"description\":\"Marted\u00ec 5 dicembre 2023 si \u00e8 svolta la cerimonia di consegna degli attestati di qualifica e dei diplomi agli allievi di ABF Treviglio.\",\"breadcrumb\":{\"@id\":\"https:\/\/www.abf.eu\/treviglio\/graduation-day-la-fine-di-un-percorso-la-celebrazione-di-un-traguardo\/#breadcrumb\"},\"inLanguage\":\"it-IT\",\"potentialAction\":[{\"@type\":\"ReadAction\",\"target\":[\"https:\/\/www.abf.eu\/treviglio\/graduation-day-la-fine-di-un-percorso-la-celebrazione-di-un-traguardo\/\"]}]},{\"@type\":\"ImageObject\",\"inLanguage\":\"it-IT\",\"@id\":\"https:\/\/www.abf.eu\/treviglio\/graduation-day-la-fine-di-un-percorso-la-celebrazione-di-un-traguardo\/#primaryimage\",\"url\":\"https:\/\/www.abf.eu\/treviglio\/wp-content\/uploads\/sites\/8\/2023\/12\/Progetto-senza-titolo-1.png\",\"contentUrl\":\"https:\/\/www.abf.eu\/treviglio\/wp-content\/uploads\/sites\/8\/2023\/12\/Progetto-senza-titolo-1.png\",\"width\":1000,\"height\":666},{\"@type\":\"BreadcrumbList\",\"@id\":\"https:\/\/www.abf.eu\/treviglio\/graduation-day-la-fine-di-un-percorso-la-celebrazione-di-un-traguardo\/#breadcrumb\",\"itemListElement\":[{\"@type\":\"ListItem\",\"position\":1,\"name\":\"Home\",\"item\":\"https:\/\/www.abf.eu\/treviglio\/\"},{\"@type\":\"ListItem\",\"position\":2,\"name\":\"Graduation day: la fine di un percorso, la celebrazione di un traguardo\"}]},{\"@type\":\"WebSite\",\"@id\":\"https:\/\/www.abf.eu\/treviglio\/#website\",\"url\":\"https:\/\/www.abf.eu\/treviglio\/\",\"name\":\"Treviglio\",\"description\":\"Ecco un altro sito Abf siti\",\"potentialAction\":[{\"@type\":\"SearchAction\",\"target\":{\"@type\":\"EntryPoint\",\"urlTemplate\":\"https:\/\/www.abf.eu\/treviglio\/?s={search_term_string}\"},\"query-input\":{\"@type\":\"PropertyValueSpecification\",\"valueRequired\":true,\"valueName\":\"search_term_string\"}}],\"inLanguage\":\"it-IT\"},{\"@type\":\"Person\",\"@id\":\"https:\/\/www.abf.eu\/treviglio\/#\/schema\/person\/fba29fdd25ac883d91d01aac3a0d4b27\",\"name\":\"comunicazione\",\"image\":{\"@type\":\"ImageObject\",\"inLanguage\":\"it-IT\",\"@id\":\"https:\/\/www.abf.eu\/treviglio\/#\/schema\/person\/image\/\",\"url\":\"https:\/\/secure.gravatar.com\/avatar\/445d3edd207d3c273c1713623b756ae97548765fd51b7e026d88829d477e9bad?s=96&d=mm&r=g\",\"contentUrl\":\"https:\/\/secure.gravatar.com\/avatar\/445d3edd207d3c273c1713623b756ae97548765fd51b7e026d88829d477e9bad?s=96&d=mm&r=g\",\"caption\":\"comunicazione\"},\"url\":\"https:\/\/www.abf.eu\/treviglio\/author\/comunicazione\/\"}]}<\/script>\n<!-- \/ Yoast SEO plugin. -->","yoast_head_json":{"title":"Graduation day: la fine di un percorso, la celebrazione di un traguardo - Treviglio","description":"Marted\u00ec 5 dicembre 2023 si \u00e8 svolta la cerimonia di consegna degli attestati di qualifica e dei diplomi agli allievi di ABF Treviglio.","robots":{"index":"index","follow":"follow","max-snippet":"max-snippet:-1","max-image-preview":"max-image-preview:large","max-video-preview":"max-video-preview:-1"},"canonical":"https:\/\/www.abf.eu\/treviglio\/graduation-day-la-fine-di-un-percorso-la-celebrazione-di-un-traguardo\/","og_locale":"it_IT","og_type":"article","og_title":"Graduation day: la fine di un percorso, la celebrazione di un traguardo - Treviglio","og_description":"Marted\u00ec 5 dicembre 2023 si \u00e8 svolta la cerimonia di consegna degli attestati di qualifica e dei diplomi agli allievi di ABF Treviglio.","og_url":"https:\/\/www.abf.eu\/treviglio\/graduation-day-la-fine-di-un-percorso-la-celebrazione-di-un-traguardo\/","og_site_name":"Treviglio","article_published_time":"2023-12-08T12:26:43+00:00","article_modified_time":"2023-12-22T13:33:24+00:00","og_image":[{"width":1000,"height":666,"url":"https:\/\/www.abf.eu\/treviglio\/wp-content\/uploads\/sites\/8\/2023\/12\/Progetto-senza-titolo-1.png","type":"image\/png"}],"author":"comunicazione","twitter_card":"summary_large_image","twitter_misc":{"Scritto da":"comunicazione","Tempo di lettura stimato":"4 minuti"},"schema":{"@context":"https:\/\/schema.org","@graph":[{"@type":"WebPage","@id":"https:\/\/www.abf.eu\/treviglio\/graduation-day-la-fine-di-un-percorso-la-celebrazione-di-un-traguardo\/","url":"https:\/\/www.abf.eu\/treviglio\/graduation-day-la-fine-di-un-percorso-la-celebrazione-di-un-traguardo\/","name":"Graduation day: la fine di un percorso, la celebrazione di un traguardo - Treviglio","isPartOf":{"@id":"https:\/\/www.abf.eu\/treviglio\/#website"},"primaryImageOfPage":{"@id":"https:\/\/www.abf.eu\/treviglio\/graduation-day-la-fine-di-un-percorso-la-celebrazione-di-un-traguardo\/#primaryimage"},"image":{"@id":"https:\/\/www.abf.eu\/treviglio\/graduation-day-la-fine-di-un-percorso-la-celebrazione-di-un-traguardo\/#primaryimage"},"thumbnailUrl":"https:\/\/www.abf.eu\/treviglio\/wp-content\/uploads\/sites\/8\/2023\/12\/Progetto-senza-titolo-1.png","datePublished":"2023-12-08T12:26:43+00:00","dateModified":"2023-12-22T13:33:24+00:00","author":{"@id":"https:\/\/www.abf.eu\/treviglio\/#\/schema\/person\/fba29fdd25ac883d91d01aac3a0d4b27"},"description":"Marted\u00ec 5 dicembre 2023 si \u00e8 svolta la cerimonia di consegna degli attestati di qualifica e dei diplomi agli allievi di ABF Treviglio.","breadcrumb":{"@id":"https:\/\/www.abf.eu\/treviglio\/graduation-day-la-fine-di-un-percorso-la-celebrazione-di-un-traguardo\/#breadcrumb"},"inLanguage":"it-IT","potentialAction":[{"@type":"ReadAction","target":["https:\/\/www.abf.eu\/treviglio\/graduation-day-la-fine-di-un-percorso-la-celebrazione-di-un-traguardo\/"]}]},{"@type":"ImageObject","inLanguage":"it-IT","@id":"https:\/\/www.abf.eu\/treviglio\/graduation-day-la-fine-di-un-percorso-la-celebrazione-di-un-traguardo\/#primaryimage","url":"https:\/\/www.abf.eu\/treviglio\/wp-content\/uploads\/sites\/8\/2023\/12\/Progetto-senza-titolo-1.png","contentUrl":"https:\/\/www.abf.eu\/treviglio\/wp-content\/uploads\/sites\/8\/2023\/12\/Progetto-senza-titolo-1.png","width":1000,"height":666},{"@type":"BreadcrumbList","@id":"https:\/\/www.abf.eu\/treviglio\/graduation-day-la-fine-di-un-percorso-la-celebrazione-di-un-traguardo\/#breadcrumb","itemListElement":[{"@type":"ListItem","position":1,"name":"Home","item":"https:\/\/www.abf.eu\/treviglio\/"},{"@type":"ListItem","position":2,"name":"Graduation day: la fine di un percorso, la celebrazione di un traguardo"}]},{"@type":"WebSite","@id":"https:\/\/www.abf.eu\/treviglio\/#website","url":"https:\/\/www.abf.eu\/treviglio\/","name":"Treviglio","description":"Ecco un altro sito Abf siti","potentialAction":[{"@type":"SearchAction","target":{"@type":"EntryPoint","urlTemplate":"https:\/\/www.abf.eu\/treviglio\/?s={search_term_string}"},"query-input":{"@type":"PropertyValueSpecification","valueRequired":true,"valueName":"search_term_string"}}],"inLanguage":"it-IT"},{"@type":"Person","@id":"https:\/\/www.abf.eu\/treviglio\/#\/schema\/person\/fba29fdd25ac883d91d01aac3a0d4b27","name":"comunicazione","image":{"@type":"ImageObject","inLanguage":"it-IT","@id":"https:\/\/www.abf.eu\/treviglio\/#\/schema\/person\/image\/","url":"https:\/\/secure.gravatar.com\/avatar\/445d3edd207d3c273c1713623b756ae97548765fd51b7e026d88829d477e9bad?s=96&d=mm&r=g","contentUrl":"https:\/\/secure.gravatar.com\/avatar\/445d3edd207d3c273c1713623b756ae97548765fd51b7e026d88829d477e9bad?s=96&d=mm&r=g","caption":"comunicazione"},"url":"https:\/\/www.abf.eu\/treviglio\/author\/comunicazione\/"}]}},"_links":{"self":[{"href":"https:\/\/www.abf.eu\/treviglio\/wp-json\/wp\/v2\/posts\/19176","targetHints":{"allow":["GET"]}}],"collection":[{"href":"https:\/\/www.abf.eu\/treviglio\/wp-json\/wp\/v2\/posts"}],"about":[{"href":"https:\/\/www.abf.eu\/treviglio\/wp-json\/wp\/v2\/types\/post"}],"author":[{"embeddable":true,"href":"https:\/\/www.abf.eu\/treviglio\/wp-json\/wp\/v2\/users\/60"}],"replies":[{"embeddable":true,"href":"https:\/\/www.abf.eu\/treviglio\/wp-json\/wp\/v2\/comments?post=19176"}],"version-history":[{"count":27,"href":"https:\/\/www.abf.eu\/treviglio\/wp-json\/wp\/v2\/posts\/19176\/revisions"}],"predecessor-version":[{"id":19227,"href":"https:\/\/www.abf.eu\/treviglio\/wp-json\/wp\/v2\/posts\/19176\/revisions\/19227"}],"wp:featuredmedia":[{"embeddable":true,"href":"https:\/\/www.abf.eu\/treviglio\/wp-json\/wp\/v2\/media\/19210"}],"wp:attachment":[{"href":"https:\/\/www.abf.eu\/treviglio\/wp-json\/wp\/v2\/media?parent=19176"}],"wp:term":[{"taxonomy":"category","embeddable":true,"href":"https:\/\/www.abf.eu\/treviglio\/wp-json\/wp\/v2\/categories?post=19176"},{"taxonomy":"post_tag","embeddable":true,"href":"https:\/\/www.abf.eu\/treviglio\/wp-json\/wp\/v2\/tags?post=19176"}],"curies":[{"name":"wp","href":"https:\/\/api.w.org\/{rel}","templated":true}]}}