{"id":19548,"date":"2024-03-13T14:12:09","date_gmt":"2024-03-13T13:12:09","guid":{"rendered":"https:\/\/www.abf.eu\/treviglio\/?p=19548"},"modified":"2024-03-13T14:12:09","modified_gmt":"2024-03-13T13:12:09","slug":"a-scuola-di-coffee-break","status":"publish","type":"post","link":"https:\/\/www.abf.eu\/treviglio\/a-scuola-di-coffee-break\/","title":{"rendered":"A scuola di coffee break"},"content":{"rendered":"\n<h3 class=\"wp-block-heading\">Momenti di condivisone: una pausa caff\u00e8 alternativa <\/h3>\n\n\n\n<h5 class=\"wp-block-heading\">Un&#8217;esperienza multidisciplinare: una fusione di gusti e conoscenze<\/h5>\n\n\n\n<p>Vorremmo presentarvi il nostro progetto \u201c<strong>A scuola di coffee break\u201d<\/strong>.<\/p>\n\n\n\n<p>Questa iniziativa unisce i professori di materie &#8220;classiche&#8221;, come italiano e inglese, insieme agli studenti e ai docenti dei corsi di pasticceria, panetteria e sala bar, nell&#8217;allestimento di una pausa caff\u00e8 che va oltre il semplice momento di relax.<\/p>\n\n\n\n<p>Il progetto ha preso vita grazie alla collaborazione e alla voglia di mettersi in gioco dei nostri docenti ma anche grazie ai ragazzi che hanno unito le loro passioni e abilit\u00e0 per dar vita a un\u2019esperienza speciale.<\/p>\n\n\n\n<figure class=\"wp-block-image size-full\"><img loading=\"lazy\" decoding=\"async\" width=\"1000\" height=\"666\" src=\"https:\/\/www.abf.eu\/treviglio\/wp-content\/uploads\/sites\/8\/2024\/03\/Progetto-senza-titolo.png\" alt=\"\" class=\"wp-image-19622\" srcset=\"https:\/\/www.abf.eu\/treviglio\/wp-content\/uploads\/sites\/8\/2024\/03\/Progetto-senza-titolo.png 1000w, https:\/\/www.abf.eu\/treviglio\/wp-content\/uploads\/sites\/8\/2024\/03\/Progetto-senza-titolo-300x200.png 300w, https:\/\/www.abf.eu\/treviglio\/wp-content\/uploads\/sites\/8\/2024\/03\/Progetto-senza-titolo-768x511.png 768w, https:\/\/www.abf.eu\/treviglio\/wp-content\/uploads\/sites\/8\/2024\/03\/Progetto-senza-titolo-600x400.png 600w\" sizes=\"auto, (max-width: 1000px) 100vw, 1000px\" \/><\/figure>\n\n\n\n<h5 class=\"wp-block-heading\"><strong>Il cuore del progetto<\/strong><\/h5>\n\n\n\n<p>Durante le giornate di marted\u00ec e mercoled\u00ec i professori di ABF, insieme ai ragazzi del PPD e alla classe presente in laboratorio, si destreggiano nell\u2019allestimento di un buffet variegato e delizioso che soddisfi i gusti di tutti.<\/p>\n\n\n\n<p>Durante i nostri coffee break infatti, i ragazzi si cimentano in creazioni tradizionali, come pizzette, focacce, macedonie, crostate, tiramis\u00f9\u2026 e innovative, come rivisitazioni di torte, tramezzini gourmet\u2026<\/p>\n\n\n\n<p>Inoltre, il nostro team di aspiranti barman si impegna nella creazione di bevande artigianali, dall&#8217;immancabile caff\u00e8 espresso al cremoso cappuccino, dalle centrifughe di frutta agli innovativi drink pensati e creati proprio dai ragazzi.<\/p>\n\n\n\n<p>Ad accompagnare allievi e professori in questo progetto troviamo i nostri docenti di sala bar, pasticceria e panetteria che sono sempre pronti a offrire il loro supporto e la loro esperienza.<\/p>\n\n\n\n<h5 class=\"wp-block-heading\">Un inizio gustoso: l\u2019esperienza del prof. Quinto<\/h5>\n\n\n\n<p>Il primo a cimentarsi in questa esperienza \u00e8 stato il prof. Quinto, educatore di sostegno in ABF, che ha collaborato alla preparazione della pausa caff\u00e8 aiutato dalla classe 3Abis, che ha preparato delle gustosissime frittelle.<\/p>\n\n\n\n<figure class=\"wp-block-image size-full\"><img loading=\"lazy\" decoding=\"async\" width=\"1000\" height=\"666\" src=\"https:\/\/www.abf.eu\/treviglio\/wp-content\/uploads\/sites\/8\/2024\/03\/frittelle-su-wordpress-1.png\" alt=\"\" class=\"wp-image-19581\" srcset=\"https:\/\/www.abf.eu\/treviglio\/wp-content\/uploads\/sites\/8\/2024\/03\/frittelle-su-wordpress-1.png 1000w, https:\/\/www.abf.eu\/treviglio\/wp-content\/uploads\/sites\/8\/2024\/03\/frittelle-su-wordpress-1-300x200.png 300w, https:\/\/www.abf.eu\/treviglio\/wp-content\/uploads\/sites\/8\/2024\/03\/frittelle-su-wordpress-1-768x511.png 768w, https:\/\/www.abf.eu\/treviglio\/wp-content\/uploads\/sites\/8\/2024\/03\/frittelle-su-wordpress-1-600x400.png 600w\" sizes=\"auto, (max-width: 1000px) 100vw, 1000px\" \/><\/figure>\n\n\n\n<h5 class=\"wp-block-heading\">Allestimento e panificazione: l\u2019esperienza della prof. Frigerio<\/h5>\n\n\n\n<p>Anche la nostra professoressa di inglese ha deciso di partecipare al progetto e insieme agli allievi della classe 3B ha preparato stuzzichini, tramezzini e insalate. Inoltre grazie alla collaborazione del prof. Russo di panetteria, sono state servite delle meravigliose tigelle.<\/p>\n\n\n\n<figure class=\"wp-block-image size-full\"><img loading=\"lazy\" decoding=\"async\" width=\"1000\" height=\"666\" src=\"https:\/\/www.abf.eu\/treviglio\/wp-content\/uploads\/sites\/8\/2024\/03\/tigelle.png\" alt=\"\" class=\"wp-image-19582\" srcset=\"https:\/\/www.abf.eu\/treviglio\/wp-content\/uploads\/sites\/8\/2024\/03\/tigelle.png 1000w, https:\/\/www.abf.eu\/treviglio\/wp-content\/uploads\/sites\/8\/2024\/03\/tigelle-300x200.png 300w, https:\/\/www.abf.eu\/treviglio\/wp-content\/uploads\/sites\/8\/2024\/03\/tigelle-768x511.png 768w, https:\/\/www.abf.eu\/treviglio\/wp-content\/uploads\/sites\/8\/2024\/03\/tigelle-600x400.png 600w\" sizes=\"auto, (max-width: 1000px) 100vw, 1000px\" \/><\/figure>\n\n\n\n<h5 class=\"wp-block-heading\">Aspiranti bar tender: l\u2019esperienza del prof. Sant\u2019Ambrogio e della prof. Mazza<\/h5>\n\n\n\n<p>Entrambi i nostri professori, rispettivamente di scienze alimentari e sostegno si sono cimentati nella preparazione di prodotti di caffetteria, dirigendo il bancone insieme ai ragazzi.<\/p>\n\n\n\n<figure class=\"wp-block-image size-full\"><img loading=\"lazy\" decoding=\"async\" width=\"1000\" height=\"666\" src=\"https:\/\/www.abf.eu\/treviglio\/wp-content\/uploads\/sites\/8\/2024\/03\/coffee.png\" alt=\"\" class=\"wp-image-19583\" srcset=\"https:\/\/www.abf.eu\/treviglio\/wp-content\/uploads\/sites\/8\/2024\/03\/coffee.png 1000w, https:\/\/www.abf.eu\/treviglio\/wp-content\/uploads\/sites\/8\/2024\/03\/coffee-300x200.png 300w, https:\/\/www.abf.eu\/treviglio\/wp-content\/uploads\/sites\/8\/2024\/03\/coffee-768x511.png 768w, https:\/\/www.abf.eu\/treviglio\/wp-content\/uploads\/sites\/8\/2024\/03\/coffee-600x400.png 600w\" sizes=\"auto, (max-width: 1000px) 100vw, 1000px\" \/><\/figure>\n\n\n\n<h5 class=\"wp-block-heading\">Pausa condivisione<\/h5>\n\n\n\n<p>Il nostro &#8220;a scuola di Coffee Break&#8221; \u00e8 un progetto che va oltre la semplice pausa caff\u00e8. Si tratta infatti di un momento di condivisione e di connessione tra membri della comunit\u00e0 Abf. \u00c8 un&#8217;opportunit\u00e0 per scambiare idee, riflettere e rilassarsi insieme, creando legami pi\u00f9 profondi e duraturi.<\/p>\n","protected":false},"excerpt":{"rendered":"<p>Momenti di condivisone: una pausa caff\u00e8 alternativa Un&#8217;esperienza multidisciplinare: una<\/p>\n","protected":false},"author":60,"featured_media":19605,"comment_status":"open","ping_status":"open","sticky":false,"template":"","format":"standard","meta":{"footnotes":""},"categories":[1],"tags":[],"class_list":["post-19548","post","type-post","status-publish","format-standard","has-post-thumbnail","hentry","category-senza-categoria"],"yoast_head":"<!-- This site is optimized with the Yoast SEO plugin v25.8 - https:\/\/yoast.com\/wordpress\/plugins\/seo\/ -->\n<title>A scuola di coffee break - Treviglio<\/title>\n<meta name=\"description\" content=\"Scopri il nostro progetto &quot;A scuola di Coffee Break&quot; che va oltre la semplice pausa caff\u00e8 e connette tutta la comunit\u00e0 ABF\" \/>\n<meta name=\"robots\" content=\"index, follow, max-snippet:-1, max-image-preview:large, max-video-preview:-1\" \/>\n<link rel=\"canonical\" href=\"https:\/\/www.abf.eu\/treviglio\/a-scuola-di-coffee-break\/\" \/>\n<meta property=\"og:locale\" content=\"it_IT\" \/>\n<meta property=\"og:type\" content=\"article\" \/>\n<meta property=\"og:title\" content=\"A scuola di coffee break - Treviglio\" \/>\n<meta property=\"og:description\" content=\"Scopri il nostro progetto &quot;A scuola di Coffee Break&quot; che va oltre la semplice pausa caff\u00e8 e connette tutta la comunit\u00e0 ABF\" \/>\n<meta property=\"og:url\" content=\"https:\/\/www.abf.eu\/treviglio\/a-scuola-di-coffee-break\/\" \/>\n<meta property=\"og:site_name\" content=\"Treviglio\" \/>\n<meta property=\"article:published_time\" content=\"2024-03-13T13:12:09+00:00\" \/>\n<meta property=\"og:image\" content=\"https:\/\/www.abf.eu\/treviglio\/wp-content\/uploads\/sites\/8\/2024\/03\/1708523797746-2.jpg\" \/>\n\t<meta property=\"og:image:width\" content=\"2000\" \/>\n\t<meta property=\"og:image:height\" content=\"1500\" \/>\n\t<meta property=\"og:image:type\" content=\"image\/jpeg\" \/>\n<meta name=\"author\" content=\"comunicazione\" \/>\n<meta name=\"twitter:card\" content=\"summary_large_image\" \/>\n<meta name=\"twitter:label1\" content=\"Scritto da\" \/>\n\t<meta name=\"twitter:data1\" content=\"comunicazione\" \/>\n\t<meta name=\"twitter:label2\" content=\"Tempo di lettura stimato\" \/>\n\t<meta name=\"twitter:data2\" content=\"4 minuti\" \/>\n<script type=\"application\/ld+json\" class=\"yoast-schema-graph\">{\"@context\":\"https:\/\/schema.org\",\"@graph\":[{\"@type\":\"WebPage\",\"@id\":\"https:\/\/www.abf.eu\/treviglio\/a-scuola-di-coffee-break\/\",\"url\":\"https:\/\/www.abf.eu\/treviglio\/a-scuola-di-coffee-break\/\",\"name\":\"A scuola di coffee break - Treviglio\",\"isPartOf\":{\"@id\":\"https:\/\/www.abf.eu\/treviglio\/#website\"},\"primaryImageOfPage\":{\"@id\":\"https:\/\/www.abf.eu\/treviglio\/a-scuola-di-coffee-break\/#primaryimage\"},\"image\":{\"@id\":\"https:\/\/www.abf.eu\/treviglio\/a-scuola-di-coffee-break\/#primaryimage\"},\"thumbnailUrl\":\"https:\/\/www.abf.eu\/treviglio\/wp-content\/uploads\/sites\/8\/2024\/03\/1708523797746-2.jpg\",\"datePublished\":\"2024-03-13T13:12:09+00:00\",\"author\":{\"@id\":\"https:\/\/www.abf.eu\/treviglio\/#\/schema\/person\/fba29fdd25ac883d91d01aac3a0d4b27\"},\"description\":\"Scopri il nostro progetto \\\"A scuola di Coffee Break\\\" che va oltre la semplice pausa caff\u00e8 e connette tutta la comunit\u00e0 ABF\",\"breadcrumb\":{\"@id\":\"https:\/\/www.abf.eu\/treviglio\/a-scuola-di-coffee-break\/#breadcrumb\"},\"inLanguage\":\"it-IT\",\"potentialAction\":[{\"@type\":\"ReadAction\",\"target\":[\"https:\/\/www.abf.eu\/treviglio\/a-scuola-di-coffee-break\/\"]}]},{\"@type\":\"ImageObject\",\"inLanguage\":\"it-IT\",\"@id\":\"https:\/\/www.abf.eu\/treviglio\/a-scuola-di-coffee-break\/#primaryimage\",\"url\":\"https:\/\/www.abf.eu\/treviglio\/wp-content\/uploads\/sites\/8\/2024\/03\/1708523797746-2.jpg\",\"contentUrl\":\"https:\/\/www.abf.eu\/treviglio\/wp-content\/uploads\/sites\/8\/2024\/03\/1708523797746-2.jpg\",\"width\":2000,\"height\":1500},{\"@type\":\"BreadcrumbList\",\"@id\":\"https:\/\/www.abf.eu\/treviglio\/a-scuola-di-coffee-break\/#breadcrumb\",\"itemListElement\":[{\"@type\":\"ListItem\",\"position\":1,\"name\":\"Home\",\"item\":\"https:\/\/www.abf.eu\/treviglio\/\"},{\"@type\":\"ListItem\",\"position\":2,\"name\":\"A scuola di coffee break\"}]},{\"@type\":\"WebSite\",\"@id\":\"https:\/\/www.abf.eu\/treviglio\/#website\",\"url\":\"https:\/\/www.abf.eu\/treviglio\/\",\"name\":\"Treviglio\",\"description\":\"Ecco un altro sito Abf siti\",\"potentialAction\":[{\"@type\":\"SearchAction\",\"target\":{\"@type\":\"EntryPoint\",\"urlTemplate\":\"https:\/\/www.abf.eu\/treviglio\/?s={search_term_string}\"},\"query-input\":{\"@type\":\"PropertyValueSpecification\",\"valueRequired\":true,\"valueName\":\"search_term_string\"}}],\"inLanguage\":\"it-IT\"},{\"@type\":\"Person\",\"@id\":\"https:\/\/www.abf.eu\/treviglio\/#\/schema\/person\/fba29fdd25ac883d91d01aac3a0d4b27\",\"name\":\"comunicazione\",\"image\":{\"@type\":\"ImageObject\",\"inLanguage\":\"it-IT\",\"@id\":\"https:\/\/www.abf.eu\/treviglio\/#\/schema\/person\/image\/\",\"url\":\"https:\/\/secure.gravatar.com\/avatar\/445d3edd207d3c273c1713623b756ae97548765fd51b7e026d88829d477e9bad?s=96&d=mm&r=g\",\"contentUrl\":\"https:\/\/secure.gravatar.com\/avatar\/445d3edd207d3c273c1713623b756ae97548765fd51b7e026d88829d477e9bad?s=96&d=mm&r=g\",\"caption\":\"comunicazione\"},\"url\":\"https:\/\/www.abf.eu\/treviglio\/author\/comunicazione\/\"}]}<\/script>\n<!-- \/ Yoast SEO plugin. -->","yoast_head_json":{"title":"A scuola di coffee break - Treviglio","description":"Scopri il nostro progetto \"A scuola di Coffee Break\" che va oltre la semplice pausa caff\u00e8 e connette tutta la comunit\u00e0 ABF","robots":{"index":"index","follow":"follow","max-snippet":"max-snippet:-1","max-image-preview":"max-image-preview:large","max-video-preview":"max-video-preview:-1"},"canonical":"https:\/\/www.abf.eu\/treviglio\/a-scuola-di-coffee-break\/","og_locale":"it_IT","og_type":"article","og_title":"A scuola di coffee break - Treviglio","og_description":"Scopri il nostro progetto \"A scuola di Coffee Break\" che va oltre la semplice pausa caff\u00e8 e connette tutta la comunit\u00e0 ABF","og_url":"https:\/\/www.abf.eu\/treviglio\/a-scuola-di-coffee-break\/","og_site_name":"Treviglio","article_published_time":"2024-03-13T13:12:09+00:00","og_image":[{"width":2000,"height":1500,"url":"https:\/\/www.abf.eu\/treviglio\/wp-content\/uploads\/sites\/8\/2024\/03\/1708523797746-2.jpg","type":"image\/jpeg"}],"author":"comunicazione","twitter_card":"summary_large_image","twitter_misc":{"Scritto da":"comunicazione","Tempo di lettura stimato":"4 minuti"},"schema":{"@context":"https:\/\/schema.org","@graph":[{"@type":"WebPage","@id":"https:\/\/www.abf.eu\/treviglio\/a-scuola-di-coffee-break\/","url":"https:\/\/www.abf.eu\/treviglio\/a-scuola-di-coffee-break\/","name":"A scuola di coffee break - Treviglio","isPartOf":{"@id":"https:\/\/www.abf.eu\/treviglio\/#website"},"primaryImageOfPage":{"@id":"https:\/\/www.abf.eu\/treviglio\/a-scuola-di-coffee-break\/#primaryimage"},"image":{"@id":"https:\/\/www.abf.eu\/treviglio\/a-scuola-di-coffee-break\/#primaryimage"},"thumbnailUrl":"https:\/\/www.abf.eu\/treviglio\/wp-content\/uploads\/sites\/8\/2024\/03\/1708523797746-2.jpg","datePublished":"2024-03-13T13:12:09+00:00","author":{"@id":"https:\/\/www.abf.eu\/treviglio\/#\/schema\/person\/fba29fdd25ac883d91d01aac3a0d4b27"},"description":"Scopri il nostro progetto \"A scuola di Coffee Break\" che va oltre la semplice pausa caff\u00e8 e connette tutta la comunit\u00e0 ABF","breadcrumb":{"@id":"https:\/\/www.abf.eu\/treviglio\/a-scuola-di-coffee-break\/#breadcrumb"},"inLanguage":"it-IT","potentialAction":[{"@type":"ReadAction","target":["https:\/\/www.abf.eu\/treviglio\/a-scuola-di-coffee-break\/"]}]},{"@type":"ImageObject","inLanguage":"it-IT","@id":"https:\/\/www.abf.eu\/treviglio\/a-scuola-di-coffee-break\/#primaryimage","url":"https:\/\/www.abf.eu\/treviglio\/wp-content\/uploads\/sites\/8\/2024\/03\/1708523797746-2.jpg","contentUrl":"https:\/\/www.abf.eu\/treviglio\/wp-content\/uploads\/sites\/8\/2024\/03\/1708523797746-2.jpg","width":2000,"height":1500},{"@type":"BreadcrumbList","@id":"https:\/\/www.abf.eu\/treviglio\/a-scuola-di-coffee-break\/#breadcrumb","itemListElement":[{"@type":"ListItem","position":1,"name":"Home","item":"https:\/\/www.abf.eu\/treviglio\/"},{"@type":"ListItem","position":2,"name":"A scuola di coffee break"}]},{"@type":"WebSite","@id":"https:\/\/www.abf.eu\/treviglio\/#website","url":"https:\/\/www.abf.eu\/treviglio\/","name":"Treviglio","description":"Ecco un altro sito Abf siti","potentialAction":[{"@type":"SearchAction","target":{"@type":"EntryPoint","urlTemplate":"https:\/\/www.abf.eu\/treviglio\/?s={search_term_string}"},"query-input":{"@type":"PropertyValueSpecification","valueRequired":true,"valueName":"search_term_string"}}],"inLanguage":"it-IT"},{"@type":"Person","@id":"https:\/\/www.abf.eu\/treviglio\/#\/schema\/person\/fba29fdd25ac883d91d01aac3a0d4b27","name":"comunicazione","image":{"@type":"ImageObject","inLanguage":"it-IT","@id":"https:\/\/www.abf.eu\/treviglio\/#\/schema\/person\/image\/","url":"https:\/\/secure.gravatar.com\/avatar\/445d3edd207d3c273c1713623b756ae97548765fd51b7e026d88829d477e9bad?s=96&d=mm&r=g","contentUrl":"https:\/\/secure.gravatar.com\/avatar\/445d3edd207d3c273c1713623b756ae97548765fd51b7e026d88829d477e9bad?s=96&d=mm&r=g","caption":"comunicazione"},"url":"https:\/\/www.abf.eu\/treviglio\/author\/comunicazione\/"}]}},"_links":{"self":[{"href":"https:\/\/www.abf.eu\/treviglio\/wp-json\/wp\/v2\/posts\/19548","targetHints":{"allow":["GET"]}}],"collection":[{"href":"https:\/\/www.abf.eu\/treviglio\/wp-json\/wp\/v2\/posts"}],"about":[{"href":"https:\/\/www.abf.eu\/treviglio\/wp-json\/wp\/v2\/types\/post"}],"author":[{"embeddable":true,"href":"https:\/\/www.abf.eu\/treviglio\/wp-json\/wp\/v2\/users\/60"}],"replies":[{"embeddable":true,"href":"https:\/\/www.abf.eu\/treviglio\/wp-json\/wp\/v2\/comments?post=19548"}],"version-history":[{"count":20,"href":"https:\/\/www.abf.eu\/treviglio\/wp-json\/wp\/v2\/posts\/19548\/revisions"}],"predecessor-version":[{"id":19627,"href":"https:\/\/www.abf.eu\/treviglio\/wp-json\/wp\/v2\/posts\/19548\/revisions\/19627"}],"wp:featuredmedia":[{"embeddable":true,"href":"https:\/\/www.abf.eu\/treviglio\/wp-json\/wp\/v2\/media\/19605"}],"wp:attachment":[{"href":"https:\/\/www.abf.eu\/treviglio\/wp-json\/wp\/v2\/media?parent=19548"}],"wp:term":[{"taxonomy":"category","embeddable":true,"href":"https:\/\/www.abf.eu\/treviglio\/wp-json\/wp\/v2\/categories?post=19548"},{"taxonomy":"post_tag","embeddable":true,"href":"https:\/\/www.abf.eu\/treviglio\/wp-json\/wp\/v2\/tags?post=19548"}],"curies":[{"name":"wp","href":"https:\/\/api.w.org\/{rel}","templated":true}]}}