{"id":19913,"date":"2024-04-24T13:21:38","date_gmt":"2024-04-24T11:21:38","guid":{"rendered":"https:\/\/www.abf.eu\/treviglio\/?p=19913"},"modified":"2024-04-24T13:21:39","modified_gmt":"2024-04-24T11:21:39","slug":"il-mercatino-dell-inclusione","status":"publish","type":"post","link":"https:\/\/www.abf.eu\/treviglio\/il-mercatino-dell-inclusione\/","title":{"rendered":"Il mercatino dell\u2019inclusione"},"content":{"rendered":"\n<h3 class=\"wp-block-heading\">Creazioni uniche fatte a mano dai ragazzi del PPD<\/h3>\n\n\n\n<p>ABF offre ai suoi allievi dei percorsi personalizzati per disabili la possibilit\u00e0 di frequentare diversi laboratori, in cui obiettivo principale \u00e8 l\u2019acquisizione di abilit\u00e0 e competenze trasversali utili a un futuro inserimento nel mondo del lavoro. <\/p>\n\n\n\n<h5 class=\"wp-block-heading\">La creativit\u00e0 dei ragazzi del PPD<\/h5>\n\n\n\n<p>I nostri ragazzi si divertono a mettere in mostra il loro talento e la loro creativit\u00e0 attraverso un mercatino speciale che non solo celebra le loro abilit\u00e0 manuali, ma promuove anche un&#8217;importante missione di inclusione e rispetto.<\/p>\n\n\n\n<figure class=\"wp-block-image size-full\"><img loading=\"lazy\" decoding=\"async\" width=\"1000\" height=\"666\" src=\"https:\/\/www.abf.eu\/treviglio\/wp-content\/uploads\/sites\/8\/2024\/04\/wordpress-3.png\" alt=\"\" class=\"wp-image-19919\" title=\"\" srcset=\"https:\/\/www.abf.eu\/treviglio\/wp-content\/uploads\/sites\/8\/2024\/04\/wordpress-3.png 1000w, https:\/\/www.abf.eu\/treviglio\/wp-content\/uploads\/sites\/8\/2024\/04\/wordpress-3-300x200.png 300w, https:\/\/www.abf.eu\/treviglio\/wp-content\/uploads\/sites\/8\/2024\/04\/wordpress-3-768x511.png 768w, https:\/\/www.abf.eu\/treviglio\/wp-content\/uploads\/sites\/8\/2024\/04\/wordpress-3-600x400.png 600w\" sizes=\"auto, (max-width: 1000px) 100vw, 1000px\" \/><\/figure>\n\n\n\n<h5 class=\"wp-block-heading\">Le loro creazioni<\/h5>\n\n\n\n<p>Ogni settimana, i ragazzi del PPD lavorano instancabilmente per creare una vasta gamma di oggetti unici. Dalle simpatiche spille, calamite e portachiavi ai pratici quaderni ad anelli, segnalibri e cartoline&#8230; la loro creativit\u00e0 non conosce limiti.<\/p>\n\n\n\n<p>Ad accompagnarli in questo processo di creazione, ci sono i nostri docenti, sempre pronti a sostenerli con la loro gentilezza e la loro esperienza.<\/p>\n\n\n\n<figure class=\"wp-block-image size-full\"><img loading=\"lazy\" decoding=\"async\" width=\"1000\" height=\"666\" src=\"https:\/\/www.abf.eu\/treviglio\/wp-content\/uploads\/sites\/8\/2024\/04\/wordpress-1-1.png\" alt=\"\" class=\"wp-image-19917\" title=\"\" srcset=\"https:\/\/www.abf.eu\/treviglio\/wp-content\/uploads\/sites\/8\/2024\/04\/wordpress-1-1.png 1000w, https:\/\/www.abf.eu\/treviglio\/wp-content\/uploads\/sites\/8\/2024\/04\/wordpress-1-1-300x200.png 300w, https:\/\/www.abf.eu\/treviglio\/wp-content\/uploads\/sites\/8\/2024\/04\/wordpress-1-1-768x511.png 768w, https:\/\/www.abf.eu\/treviglio\/wp-content\/uploads\/sites\/8\/2024\/04\/wordpress-1-1-600x400.png 600w\" sizes=\"auto, (max-width: 1000px) 100vw, 1000px\" \/><\/figure>\n\n\n\n<h5 class=\"wp-block-heading\">Integrazione e accettazione<\/h5>\n\n\n\n<p>Il mercatino dei nostri ragazzi \u00e8 pi\u00f9 di una semplice esposizione di creazioni artigianali.<\/p>\n\n\n\n<p>I ragazzi del PPD sono pienamente integrati nella gestione del mercatino, accogliendo i clienti, presentando le loro creazioni e scambiando storie e sorrisi.<\/p>\n\n\n\n<p>Ogni settimana, questo mercatino viene allestito all&#8217;interno della sede ABF di Treviglio, dove tutto il personale e i membri della comunit\u00e0 ABF possono sostenere i ragazzi.<\/p>\n\n\n\n<figure class=\"wp-block-image size-full\"><img loading=\"lazy\" decoding=\"async\" width=\"1000\" height=\"666\" src=\"https:\/\/www.abf.eu\/treviglio\/wp-content\/uploads\/sites\/8\/2024\/04\/wordpress-2.png\" alt=\"\" class=\"wp-image-19918\" title=\"\" srcset=\"https:\/\/www.abf.eu\/treviglio\/wp-content\/uploads\/sites\/8\/2024\/04\/wordpress-2.png 1000w, https:\/\/www.abf.eu\/treviglio\/wp-content\/uploads\/sites\/8\/2024\/04\/wordpress-2-300x200.png 300w, https:\/\/www.abf.eu\/treviglio\/wp-content\/uploads\/sites\/8\/2024\/04\/wordpress-2-768x511.png 768w, https:\/\/www.abf.eu\/treviglio\/wp-content\/uploads\/sites\/8\/2024\/04\/wordpress-2-600x400.png 600w\" sizes=\"auto, (max-width: 1000px) 100vw, 1000px\" \/><\/figure>\n\n\n\n<h5 class=\"wp-block-heading\">Il mercatino vola a Cassano D&#8217;Adda<\/h5>\n\n\n\n<p>Ma c&#8217;\u00e8 di pi\u00f9: ogni anno, i ragazzi del PPD sono invitati alla Fiera del Libro di Cassano, organizzata dal Comitato dei Genitori di Cassano D&#8217;Adda<\/p>\n\n\n\n<p>Quest&#8217;anno, la fiera si terr\u00e0 il 12 maggio e i ragazzi, con l&#8217;aiuto delle loro docenti, parteciperanno attivamente a questa bellissima iniziativa. Durante la fiera, infatti, organizzeranno attivit\u00e0 speciali, come la creazione sul momento di calamite personalizzate, e venderanno tutte le loro creazioni di cartotecnica.<\/p>\n\n\n\n<p>Questa \u00e8 un&#8217;opportunit\u00e0 straordinaria per loro di mostrare a un pubblico pi\u00f9 ampio le loro abilit\u00e0 e la loro dedizione.<\/p>\n\n\n\n<h5 class=\"wp-block-heading\">Sostieni l&#8217;inclusione<\/h5>\n\n\n\n<p>Ogni acquisto al mercatino dell&#8217;inclusione contribuisce a sostenere il lavoro dei nostri ragazzi.<\/p>\n\n\n\n<p>Vi invitiamo quindi a partecipare al mercatino di Cassano D&#8217;Adda, dove, non solo potrete acquistare oggetti belli e funzionali, ma potrete anche contribuire a sostenere questo grande progetto.<\/p>\n","protected":false},"excerpt":{"rendered":"<p>Creazioni uniche fatte a mano dai ragazzi del PPD ABF<\/p>\n","protected":false},"author":47,"featured_media":19915,"comment_status":"open","ping_status":"open","sticky":false,"template":"","format":"standard","meta":{"footnotes":""},"categories":[1],"tags":[],"class_list":["post-19913","post","type-post","status-publish","format-standard","has-post-thumbnail","hentry","category-senza-categoria"],"yoast_head":"<!-- This site is optimized with the Yoast SEO plugin v25.8 - https:\/\/yoast.com\/wordpress\/plugins\/seo\/ -->\n<title>Il mercatino dell\u2019inclusione - Treviglio<\/title>\n<meta name=\"description\" content=\"ABF promuove l&#039;inclusione attraverso una bellissima iniziativa in cui i ragazzi del PPD allestiscono un mercatino per vendere le loro creazioni\" \/>\n<meta name=\"robots\" content=\"index, follow, max-snippet:-1, max-image-preview:large, max-video-preview:-1\" \/>\n<link rel=\"canonical\" href=\"https:\/\/www.abf.eu\/treviglio\/il-mercatino-dell-inclusione\/\" \/>\n<meta property=\"og:locale\" content=\"it_IT\" \/>\n<meta property=\"og:type\" content=\"article\" \/>\n<meta property=\"og:title\" content=\"Il mercatino dell\u2019inclusione - Treviglio\" \/>\n<meta property=\"og:description\" content=\"ABF promuove l&#039;inclusione attraverso una bellissima iniziativa in cui i ragazzi del PPD allestiscono un mercatino per vendere le loro creazioni\" \/>\n<meta property=\"og:url\" content=\"https:\/\/www.abf.eu\/treviglio\/il-mercatino-dell-inclusione\/\" \/>\n<meta property=\"og:site_name\" content=\"Treviglio\" \/>\n<meta property=\"article:published_time\" content=\"2024-04-24T11:21:38+00:00\" \/>\n<meta property=\"article:modified_time\" content=\"2024-04-24T11:21:39+00:00\" \/>\n<meta property=\"og:image\" content=\"https:\/\/www.abf.eu\/treviglio\/wp-content\/uploads\/sites\/8\/2024\/04\/wordpress.png\" \/>\n\t<meta property=\"og:image:width\" content=\"1000\" \/>\n\t<meta property=\"og:image:height\" content=\"666\" \/>\n\t<meta property=\"og:image:type\" content=\"image\/png\" \/>\n<meta name=\"author\" content=\"abfeditortreviglio\" \/>\n<meta name=\"twitter:card\" content=\"summary_large_image\" \/>\n<meta name=\"twitter:label1\" content=\"Scritto da\" \/>\n\t<meta name=\"twitter:data1\" content=\"abfeditortreviglio\" \/>\n\t<meta name=\"twitter:label2\" content=\"Tempo di lettura stimato\" \/>\n\t<meta name=\"twitter:data2\" content=\"3 minuti\" \/>\n<script type=\"application\/ld+json\" class=\"yoast-schema-graph\">{\"@context\":\"https:\/\/schema.org\",\"@graph\":[{\"@type\":\"WebPage\",\"@id\":\"https:\/\/www.abf.eu\/treviglio\/il-mercatino-dell-inclusione\/\",\"url\":\"https:\/\/www.abf.eu\/treviglio\/il-mercatino-dell-inclusione\/\",\"name\":\"Il mercatino dell\u2019inclusione - Treviglio\",\"isPartOf\":{\"@id\":\"https:\/\/www.abf.eu\/treviglio\/#website\"},\"primaryImageOfPage\":{\"@id\":\"https:\/\/www.abf.eu\/treviglio\/il-mercatino-dell-inclusione\/#primaryimage\"},\"image\":{\"@id\":\"https:\/\/www.abf.eu\/treviglio\/il-mercatino-dell-inclusione\/#primaryimage\"},\"thumbnailUrl\":\"https:\/\/www.abf.eu\/treviglio\/wp-content\/uploads\/sites\/8\/2024\/04\/wordpress.png\",\"datePublished\":\"2024-04-24T11:21:38+00:00\",\"dateModified\":\"2024-04-24T11:21:39+00:00\",\"author\":{\"@id\":\"https:\/\/www.abf.eu\/treviglio\/#\/schema\/person\/5e3592a67fae49949ed1c8bafe370c22\"},\"description\":\"ABF promuove l'inclusione attraverso una bellissima iniziativa in cui i ragazzi del PPD allestiscono un mercatino per vendere le loro creazioni\",\"breadcrumb\":{\"@id\":\"https:\/\/www.abf.eu\/treviglio\/il-mercatino-dell-inclusione\/#breadcrumb\"},\"inLanguage\":\"it-IT\",\"potentialAction\":[{\"@type\":\"ReadAction\",\"target\":[\"https:\/\/www.abf.eu\/treviglio\/il-mercatino-dell-inclusione\/\"]}]},{\"@type\":\"ImageObject\",\"inLanguage\":\"it-IT\",\"@id\":\"https:\/\/www.abf.eu\/treviglio\/il-mercatino-dell-inclusione\/#primaryimage\",\"url\":\"https:\/\/www.abf.eu\/treviglio\/wp-content\/uploads\/sites\/8\/2024\/04\/wordpress.png\",\"contentUrl\":\"https:\/\/www.abf.eu\/treviglio\/wp-content\/uploads\/sites\/8\/2024\/04\/wordpress.png\",\"width\":1000,\"height\":666},{\"@type\":\"BreadcrumbList\",\"@id\":\"https:\/\/www.abf.eu\/treviglio\/il-mercatino-dell-inclusione\/#breadcrumb\",\"itemListElement\":[{\"@type\":\"ListItem\",\"position\":1,\"name\":\"Home\",\"item\":\"https:\/\/www.abf.eu\/treviglio\/\"},{\"@type\":\"ListItem\",\"position\":2,\"name\":\"Il mercatino dell\u2019inclusione\"}]},{\"@type\":\"WebSite\",\"@id\":\"https:\/\/www.abf.eu\/treviglio\/#website\",\"url\":\"https:\/\/www.abf.eu\/treviglio\/\",\"name\":\"Treviglio\",\"description\":\"Ecco un altro sito Abf siti\",\"potentialAction\":[{\"@type\":\"SearchAction\",\"target\":{\"@type\":\"EntryPoint\",\"urlTemplate\":\"https:\/\/www.abf.eu\/treviglio\/?s={search_term_string}\"},\"query-input\":{\"@type\":\"PropertyValueSpecification\",\"valueRequired\":true,\"valueName\":\"search_term_string\"}}],\"inLanguage\":\"it-IT\"},{\"@type\":\"Person\",\"@id\":\"https:\/\/www.abf.eu\/treviglio\/#\/schema\/person\/5e3592a67fae49949ed1c8bafe370c22\",\"name\":\"abfeditortreviglio\",\"image\":{\"@type\":\"ImageObject\",\"inLanguage\":\"it-IT\",\"@id\":\"https:\/\/www.abf.eu\/treviglio\/#\/schema\/person\/image\/\",\"url\":\"https:\/\/secure.gravatar.com\/avatar\/2a2bd997f9d05889242189dbdd9ed94b71a07f7131b18ac0e94f80ba02f3bff1?s=96&d=mm&r=g\",\"contentUrl\":\"https:\/\/secure.gravatar.com\/avatar\/2a2bd997f9d05889242189dbdd9ed94b71a07f7131b18ac0e94f80ba02f3bff1?s=96&d=mm&r=g\",\"caption\":\"abfeditortreviglio\"},\"sameAs\":[\"Genuine\"],\"url\":\"https:\/\/www.abf.eu\/treviglio\/author\/abfeditortreviglio\/\"}]}<\/script>\n<!-- \/ Yoast SEO plugin. -->","yoast_head_json":{"title":"Il mercatino dell\u2019inclusione - Treviglio","description":"ABF promuove l'inclusione attraverso una bellissima iniziativa in cui i ragazzi del PPD allestiscono un mercatino per vendere le loro creazioni","robots":{"index":"index","follow":"follow","max-snippet":"max-snippet:-1","max-image-preview":"max-image-preview:large","max-video-preview":"max-video-preview:-1"},"canonical":"https:\/\/www.abf.eu\/treviglio\/il-mercatino-dell-inclusione\/","og_locale":"it_IT","og_type":"article","og_title":"Il mercatino dell\u2019inclusione - Treviglio","og_description":"ABF promuove l'inclusione attraverso una bellissima iniziativa in cui i ragazzi del PPD allestiscono un mercatino per vendere le loro creazioni","og_url":"https:\/\/www.abf.eu\/treviglio\/il-mercatino-dell-inclusione\/","og_site_name":"Treviglio","article_published_time":"2024-04-24T11:21:38+00:00","article_modified_time":"2024-04-24T11:21:39+00:00","og_image":[{"width":1000,"height":666,"url":"https:\/\/www.abf.eu\/treviglio\/wp-content\/uploads\/sites\/8\/2024\/04\/wordpress.png","type":"image\/png"}],"author":"abfeditortreviglio","twitter_card":"summary_large_image","twitter_misc":{"Scritto da":"abfeditortreviglio","Tempo di lettura stimato":"3 minuti"},"schema":{"@context":"https:\/\/schema.org","@graph":[{"@type":"WebPage","@id":"https:\/\/www.abf.eu\/treviglio\/il-mercatino-dell-inclusione\/","url":"https:\/\/www.abf.eu\/treviglio\/il-mercatino-dell-inclusione\/","name":"Il mercatino dell\u2019inclusione - Treviglio","isPartOf":{"@id":"https:\/\/www.abf.eu\/treviglio\/#website"},"primaryImageOfPage":{"@id":"https:\/\/www.abf.eu\/treviglio\/il-mercatino-dell-inclusione\/#primaryimage"},"image":{"@id":"https:\/\/www.abf.eu\/treviglio\/il-mercatino-dell-inclusione\/#primaryimage"},"thumbnailUrl":"https:\/\/www.abf.eu\/treviglio\/wp-content\/uploads\/sites\/8\/2024\/04\/wordpress.png","datePublished":"2024-04-24T11:21:38+00:00","dateModified":"2024-04-24T11:21:39+00:00","author":{"@id":"https:\/\/www.abf.eu\/treviglio\/#\/schema\/person\/5e3592a67fae49949ed1c8bafe370c22"},"description":"ABF promuove l'inclusione attraverso una bellissima iniziativa in cui i ragazzi del PPD allestiscono un mercatino per vendere le loro creazioni","breadcrumb":{"@id":"https:\/\/www.abf.eu\/treviglio\/il-mercatino-dell-inclusione\/#breadcrumb"},"inLanguage":"it-IT","potentialAction":[{"@type":"ReadAction","target":["https:\/\/www.abf.eu\/treviglio\/il-mercatino-dell-inclusione\/"]}]},{"@type":"ImageObject","inLanguage":"it-IT","@id":"https:\/\/www.abf.eu\/treviglio\/il-mercatino-dell-inclusione\/#primaryimage","url":"https:\/\/www.abf.eu\/treviglio\/wp-content\/uploads\/sites\/8\/2024\/04\/wordpress.png","contentUrl":"https:\/\/www.abf.eu\/treviglio\/wp-content\/uploads\/sites\/8\/2024\/04\/wordpress.png","width":1000,"height":666},{"@type":"BreadcrumbList","@id":"https:\/\/www.abf.eu\/treviglio\/il-mercatino-dell-inclusione\/#breadcrumb","itemListElement":[{"@type":"ListItem","position":1,"name":"Home","item":"https:\/\/www.abf.eu\/treviglio\/"},{"@type":"ListItem","position":2,"name":"Il mercatino dell\u2019inclusione"}]},{"@type":"WebSite","@id":"https:\/\/www.abf.eu\/treviglio\/#website","url":"https:\/\/www.abf.eu\/treviglio\/","name":"Treviglio","description":"Ecco un altro sito Abf siti","potentialAction":[{"@type":"SearchAction","target":{"@type":"EntryPoint","urlTemplate":"https:\/\/www.abf.eu\/treviglio\/?s={search_term_string}"},"query-input":{"@type":"PropertyValueSpecification","valueRequired":true,"valueName":"search_term_string"}}],"inLanguage":"it-IT"},{"@type":"Person","@id":"https:\/\/www.abf.eu\/treviglio\/#\/schema\/person\/5e3592a67fae49949ed1c8bafe370c22","name":"abfeditortreviglio","image":{"@type":"ImageObject","inLanguage":"it-IT","@id":"https:\/\/www.abf.eu\/treviglio\/#\/schema\/person\/image\/","url":"https:\/\/secure.gravatar.com\/avatar\/2a2bd997f9d05889242189dbdd9ed94b71a07f7131b18ac0e94f80ba02f3bff1?s=96&d=mm&r=g","contentUrl":"https:\/\/secure.gravatar.com\/avatar\/2a2bd997f9d05889242189dbdd9ed94b71a07f7131b18ac0e94f80ba02f3bff1?s=96&d=mm&r=g","caption":"abfeditortreviglio"},"sameAs":["Genuine"],"url":"https:\/\/www.abf.eu\/treviglio\/author\/abfeditortreviglio\/"}]}},"_links":{"self":[{"href":"https:\/\/www.abf.eu\/treviglio\/wp-json\/wp\/v2\/posts\/19913","targetHints":{"allow":["GET"]}}],"collection":[{"href":"https:\/\/www.abf.eu\/treviglio\/wp-json\/wp\/v2\/posts"}],"about":[{"href":"https:\/\/www.abf.eu\/treviglio\/wp-json\/wp\/v2\/types\/post"}],"author":[{"embeddable":true,"href":"https:\/\/www.abf.eu\/treviglio\/wp-json\/wp\/v2\/users\/47"}],"replies":[{"embeddable":true,"href":"https:\/\/www.abf.eu\/treviglio\/wp-json\/wp\/v2\/comments?post=19913"}],"version-history":[{"count":12,"href":"https:\/\/www.abf.eu\/treviglio\/wp-json\/wp\/v2\/posts\/19913\/revisions"}],"predecessor-version":[{"id":19937,"href":"https:\/\/www.abf.eu\/treviglio\/wp-json\/wp\/v2\/posts\/19913\/revisions\/19937"}],"wp:featuredmedia":[{"embeddable":true,"href":"https:\/\/www.abf.eu\/treviglio\/wp-json\/wp\/v2\/media\/19915"}],"wp:attachment":[{"href":"https:\/\/www.abf.eu\/treviglio\/wp-json\/wp\/v2\/media?parent=19913"}],"wp:term":[{"taxonomy":"category","embeddable":true,"href":"https:\/\/www.abf.eu\/treviglio\/wp-json\/wp\/v2\/categories?post=19913"},{"taxonomy":"post_tag","embeddable":true,"href":"https:\/\/www.abf.eu\/treviglio\/wp-json\/wp\/v2\/tags?post=19913"}],"curies":[{"name":"wp","href":"https:\/\/api.w.org\/{rel}","templated":true}]}}