{"id":19980,"date":"2024-05-22T12:01:30","date_gmt":"2024-05-22T10:01:30","guid":{"rendered":"https:\/\/www.abf.eu\/treviglio\/?p=19980"},"modified":"2024-05-22T12:01:31","modified_gmt":"2024-05-22T10:01:31","slug":"creazioni-gastronomiche","status":"publish","type":"post","link":"https:\/\/www.abf.eu\/treviglio\/creazioni-gastronomiche\/","title":{"rendered":"Le creazioni gastronomiche degli allievi di ABF"},"content":{"rendered":"\n<h3 class=\"wp-block-heading\">Preparazione agli esami <\/h3>\n\n\n\n<p>Gli studenti di ABF Treviglio sono&nbsp;<strong>immersi nella preparazione<\/strong>&nbsp;degli esami imminenti. Per mettersi alla prova hanno ideato dei piatti che hanno lasciato tutti a bocca aperta.&nbsp;Un vero e proprio viaggio gastronomico tra tradizione e innovazione,&nbsp;proponendo piatti che conquistano i palati di tutti i presenti.<\/p>\n\n\n\n<h5 class=\"wp-block-heading\">Piatti unici, frutto di un anno di impegno<\/h5>\n\n\n\n<p>Grazie alle competenze acquisite durante l&#8217;anno scolastico ogni studente ha messo a frutto le proprie doti, dando vita a vere e proprie opere d&#8217;arte culinarie. <\/p>\n\n\n\n<h5 class=\"wp-block-heading\">Un assaggio delle loro creazioni:<\/h5>\n\n\n\n<ul class=\"wp-block-list\">\n<li><strong>Risotto con melone, prosciutto cotto essiccato, riduzione di porto, aneto e scaglie di parmigiano:<\/strong> un primo piatto estivo e fresco, che unisce la dolcezza del melone alla sapidit\u00e0 del prosciutto, opera di Gianpiero;<\/li>\n<\/ul>\n\n\n\n<figure class=\"wp-block-image size-full is-resized\"><img loading=\"lazy\" decoding=\"async\" width=\"1000\" height=\"666\" src=\"https:\/\/www.abf.eu\/treviglio\/wp-content\/uploads\/sites\/8\/2024\/05\/Progetto-senza-titolo-1.png\" alt=\"\" class=\"wp-image-19982\" style=\"width:1450px;height:auto\" srcset=\"https:\/\/www.abf.eu\/treviglio\/wp-content\/uploads\/sites\/8\/2024\/05\/Progetto-senza-titolo-1.png 1000w, https:\/\/www.abf.eu\/treviglio\/wp-content\/uploads\/sites\/8\/2024\/05\/Progetto-senza-titolo-1-300x200.png 300w, https:\/\/www.abf.eu\/treviglio\/wp-content\/uploads\/sites\/8\/2024\/05\/Progetto-senza-titolo-1-768x511.png 768w, https:\/\/www.abf.eu\/treviglio\/wp-content\/uploads\/sites\/8\/2024\/05\/Progetto-senza-titolo-1-600x400.png 600w\" sizes=\"auto, (max-width: 1000px) 100vw, 1000px\" \/><\/figure>\n\n\n\n<div style=\"height:40px\" aria-hidden=\"true\" class=\"wp-block-spacer\"><\/div>\n\n\n\n<ul class=\"wp-block-list\">\n<li><strong>Gnocchetto sardo con crema di calamari, salsa al nero di seppia e calamaro ripieno con pinoli, spinaci e uovo:<\/strong> un primo piatto raffinato e dal gusto intenso, che celebra i sapori del mare, frutto della collaborazione di Mattia e Federico;<\/li>\n<\/ul>\n\n\n\n<figure class=\"wp-block-image size-full\"><img loading=\"lazy\" decoding=\"async\" width=\"1000\" height=\"666\" src=\"https:\/\/www.abf.eu\/treviglio\/wp-content\/uploads\/sites\/8\/2024\/05\/Progetto-senza-titolo-3.png\" alt=\"\" class=\"wp-image-19983\" srcset=\"https:\/\/www.abf.eu\/treviglio\/wp-content\/uploads\/sites\/8\/2024\/05\/Progetto-senza-titolo-3.png 1000w, https:\/\/www.abf.eu\/treviglio\/wp-content\/uploads\/sites\/8\/2024\/05\/Progetto-senza-titolo-3-300x200.png 300w, https:\/\/www.abf.eu\/treviglio\/wp-content\/uploads\/sites\/8\/2024\/05\/Progetto-senza-titolo-3-768x511.png 768w, https:\/\/www.abf.eu\/treviglio\/wp-content\/uploads\/sites\/8\/2024\/05\/Progetto-senza-titolo-3-600x400.png 600w\" sizes=\"auto, (max-width: 1000px) 100vw, 1000px\" \/><\/figure>\n\n\n\n<div style=\"height:40px\" aria-hidden=\"true\" class=\"wp-block-spacer\"><\/div>\n\n\n\n<ul class=\"wp-block-list\">\n<li><strong>Hamburger gourmet con pane al nero di seppia, pesto trapanese, songino, e hamburger di coda di rospo con pomodoro e mix di chips:<\/strong> un piatto sfizioso e alternativo, che unisce la tradizione italiana ai sapori internazionale, un piatto con cui Angelo ha conquistato tutti;<\/li>\n<\/ul>\n\n\n\n<figure class=\"wp-block-image size-full\"><img loading=\"lazy\" decoding=\"async\" width=\"1000\" height=\"666\" src=\"https:\/\/www.abf.eu\/treviglio\/wp-content\/uploads\/sites\/8\/2024\/05\/Progetto-senza-titolo.png\" alt=\"\" class=\"wp-image-19984\" srcset=\"https:\/\/www.abf.eu\/treviglio\/wp-content\/uploads\/sites\/8\/2024\/05\/Progetto-senza-titolo.png 1000w, https:\/\/www.abf.eu\/treviglio\/wp-content\/uploads\/sites\/8\/2024\/05\/Progetto-senza-titolo-300x200.png 300w, https:\/\/www.abf.eu\/treviglio\/wp-content\/uploads\/sites\/8\/2024\/05\/Progetto-senza-titolo-768x511.png 768w, https:\/\/www.abf.eu\/treviglio\/wp-content\/uploads\/sites\/8\/2024\/05\/Progetto-senza-titolo-600x400.png 600w\" sizes=\"auto, (max-width: 1000px) 100vw, 1000px\" \/><\/figure>\n\n\n\n<div style=\"height:40px\" aria-hidden=\"true\" class=\"wp-block-spacer\"><\/div>\n\n\n\n<ul class=\"wp-block-list\">\n<li><strong>Pizzoccheri con passata di verza, fonduta, cialda di parmigiano e chips di spinaci:<\/strong> un piatto tipico Valtellinese rivisitato da Mattia e Filippo;<\/li>\n<\/ul>\n\n\n\n<figure class=\"wp-block-image size-full\"><img loading=\"lazy\" decoding=\"async\" width=\"1000\" height=\"666\" src=\"https:\/\/www.abf.eu\/treviglio\/wp-content\/uploads\/sites\/8\/2024\/05\/Progetto-senza-titolo-2.png\" alt=\"\" class=\"wp-image-19985\" srcset=\"https:\/\/www.abf.eu\/treviglio\/wp-content\/uploads\/sites\/8\/2024\/05\/Progetto-senza-titolo-2.png 1000w, https:\/\/www.abf.eu\/treviglio\/wp-content\/uploads\/sites\/8\/2024\/05\/Progetto-senza-titolo-2-300x200.png 300w, https:\/\/www.abf.eu\/treviglio\/wp-content\/uploads\/sites\/8\/2024\/05\/Progetto-senza-titolo-2-768x511.png 768w, https:\/\/www.abf.eu\/treviglio\/wp-content\/uploads\/sites\/8\/2024\/05\/Progetto-senza-titolo-2-600x400.png 600w\" sizes=\"auto, (max-width: 1000px) 100vw, 1000px\" \/><\/figure>\n\n\n\n<div style=\"height:40px\" aria-hidden=\"true\" class=\"wp-block-spacer\"><\/div>\n\n\n\n<ul class=\"wp-block-list\">\n<li><strong>Gelato allo zafferano, crumble al pepe e pear\u00e0: <\/strong>un dessert dal gusto intenso e raffinato, creato da Marco;<\/li>\n<\/ul>\n\n\n\n<figure class=\"wp-block-image size-full\"><img loading=\"lazy\" decoding=\"async\" width=\"1000\" height=\"666\" src=\"https:\/\/www.abf.eu\/treviglio\/wp-content\/uploads\/sites\/8\/2024\/05\/Progetto-senza-titolo-5.png\" alt=\"\" class=\"wp-image-19986\" srcset=\"https:\/\/www.abf.eu\/treviglio\/wp-content\/uploads\/sites\/8\/2024\/05\/Progetto-senza-titolo-5.png 1000w, https:\/\/www.abf.eu\/treviglio\/wp-content\/uploads\/sites\/8\/2024\/05\/Progetto-senza-titolo-5-300x200.png 300w, https:\/\/www.abf.eu\/treviglio\/wp-content\/uploads\/sites\/8\/2024\/05\/Progetto-senza-titolo-5-768x511.png 768w, https:\/\/www.abf.eu\/treviglio\/wp-content\/uploads\/sites\/8\/2024\/05\/Progetto-senza-titolo-5-600x400.png 600w\" sizes=\"auto, (max-width: 1000px) 100vw, 1000px\" \/><\/figure>\n\n\n\n<div style=\"height:40px\" aria-hidden=\"true\" class=\"wp-block-spacer\"><\/div>\n\n\n\n<ul class=\"wp-block-list\">\n<li><strong>Panino con la milza di Palermo rivisitato in un raviolo:<\/strong>&nbsp;un piatto tipico siciliano rivisitato da Martina,&nbsp;con una crema di pane, il&nbsp;ripieno del raviolo \u00e8 fatto con milza e cipolla,&nbsp;e aggiunta di una cialda al sesamo.&nbsp;Un omaggio alla tradizione siciliana reinterpretato in chiave moderna,&nbsp;con un gusto intenso e avvolgente.<\/li>\n<\/ul>\n\n\n\n<figure class=\"wp-block-image size-full\"><img loading=\"lazy\" decoding=\"async\" width=\"1000\" height=\"666\" src=\"https:\/\/www.abf.eu\/treviglio\/wp-content\/uploads\/sites\/8\/2024\/05\/Progetto-senza-titolo-7.png\" alt=\"\" class=\"wp-image-20005\" srcset=\"https:\/\/www.abf.eu\/treviglio\/wp-content\/uploads\/sites\/8\/2024\/05\/Progetto-senza-titolo-7.png 1000w, https:\/\/www.abf.eu\/treviglio\/wp-content\/uploads\/sites\/8\/2024\/05\/Progetto-senza-titolo-7-300x200.png 300w, https:\/\/www.abf.eu\/treviglio\/wp-content\/uploads\/sites\/8\/2024\/05\/Progetto-senza-titolo-7-768x511.png 768w, https:\/\/www.abf.eu\/treviglio\/wp-content\/uploads\/sites\/8\/2024\/05\/Progetto-senza-titolo-7-600x400.png 600w\" sizes=\"auto, (max-width: 1000px) 100vw, 1000px\" \/><\/figure>\n\n\n\n<h5 class=\"wp-block-heading\"><strong>Oltre al gusto, la passione e l&#8217;impegno<\/strong><\/h5>\n\n\n\n<p>Ci\u00f2 che ha maggiormente colpito non \u00e8 solo l&#8217;indiscussa bont\u00e0 dei piatti,&nbsp;ma anche la passione e l&#8217;impegno profusi dai ragazzi nella preparazione di ogni singolo elemento della realizzazione. Ogni creazione \u00e8 stata curata nei minimi dettagli, dimostrando la loro dedizione e il loro amore per la cucina, e questo lo dimostra Martina, una giovane chef in erba, che abbiamo incontrato per conoscere le sue emozioni e le sue aspettative in vista dell&#8217;esame.<\/p>\n\n\n\n<p>Martina confida che la sfida pi\u00f9 grande durante il percorso per la preparazione degli esami \u00e8 stata:<\/p>\n\n\n\n<blockquote class=\"wp-block-quote is-layout-flow wp-block-quote-is-layout-flow\">\n<p>&#8220;la memorizzazione dei passaggi e per superarla ho continuato a provare e riprovare le ricette, preparando gi\u00e0 le basi per l&#8217;esame in anticipo&#8221;<\/p>\n<\/blockquote>\n\n\n\n<p>Racconta:<\/p>\n\n\n\n<blockquote class=\"wp-block-quote is-layout-flow wp-block-quote-is-layout-flow\">\n<p>&#8220;Cerco idee su internet e poi le rivisito in base ai miei gusti e alle mie esperienze&#8221;<\/p>\n\n\n\n<p><\/p>\n<\/blockquote>\n\n\n\n<p> La sua passione per la cucina non si limita alla mera esecuzione delle ricette,&nbsp;ma spazia alla ricerca di&nbsp;<strong>nuove ispirazioni<\/strong> che vengono poi reinterpretate con un tocco personale.<\/p>\n\n\n\n<p>L&#8217;esperienza in ABF ha senza dubbio contribuito a sviluppare la sua creativit\u00e0: <\/p>\n\n\n\n<blockquote class=\"wp-block-quote is-layout-flow wp-block-quote-is-layout-flow\">\n<p>&#8220;L&#8217;esperienza all&#8217;ABF \u00e8 stata davvero arricchente. I professori sono stati in grado di credere in me e di aiutarmi a sviluppare il mio talento.&#8221;<\/p>\n<\/blockquote>\n\n\n\n<h5 class=\"wp-block-heading\">Un ringraziamento speciale<\/h5>\n\n\n\n<p>Un ringraziamento speciale va ai professori Alessandro Pirastu, Claudio Signorelli e l&#8217;educatore Stefano Cortesi per il loro prezioso insegnamento e per la loro costante attenzione alla crescita professionale dei loro studenti.<\/p>\n\n\n\n<h5 class=\"wp-block-heading\">Un futuro di successo <\/h5>\n\n\n\n<p>Auguriamo ai nostri studenti di continuare a coltivare la loro passione e di realizzare i loro sogni. <strong>Un grosso in bocca al lupo per gli esami!<\/strong> <\/p>\n\n\n\n<h2 class=\"wp-block-heading\"><\/h2>\n","protected":false},"excerpt":{"rendered":"<p>Preparazione agli esami Gli studenti di ABF Treviglio sono&nbsp;immersi nella<\/p>\n","protected":false},"author":47,"featured_media":20003,"comment_status":"open","ping_status":"open","sticky":false,"template":"","format":"standard","meta":{"footnotes":""},"categories":[116],"tags":[],"class_list":["post-19980","post","type-post","status-publish","format-standard","has-post-thumbnail","hentry","category-news-treviglio"],"yoast_head":"<!-- This site is optimized with the Yoast SEO plugin v25.8 - https:\/\/yoast.com\/wordpress\/plugins\/seo\/ -->\n<title>Le creazioni gastronomiche degli allievi di ABF - Treviglio<\/title>\n<meta name=\"description\" content=\"Gli studenti di ABF Treviglio ci stupiscono con piatti innovativi in vista degli esami. Un viaggio tra tradizione e modernit\u00e0 ricco di passione, dedizione e talento.\" \/>\n<meta name=\"robots\" content=\"index, follow, max-snippet:-1, max-image-preview:large, max-video-preview:-1\" \/>\n<link rel=\"canonical\" href=\"https:\/\/www.abf.eu\/treviglio\/creazioni-gastronomiche\/\" \/>\n<meta property=\"og:locale\" content=\"it_IT\" \/>\n<meta property=\"og:type\" content=\"article\" \/>\n<meta property=\"og:title\" content=\"Le creazioni gastronomiche degli allievi di ABF - Treviglio\" \/>\n<meta property=\"og:description\" content=\"Gli studenti di ABF Treviglio ci stupiscono con piatti innovativi in vista degli esami. Un viaggio tra tradizione e modernit\u00e0 ricco di passione, dedizione e talento.\" \/>\n<meta property=\"og:url\" content=\"https:\/\/www.abf.eu\/treviglio\/creazioni-gastronomiche\/\" \/>\n<meta property=\"og:site_name\" content=\"Treviglio\" \/>\n<meta property=\"article:published_time\" content=\"2024-05-22T10:01:30+00:00\" \/>\n<meta property=\"article:modified_time\" content=\"2024-05-22T10:01:31+00:00\" \/>\n<meta property=\"og:image\" content=\"https:\/\/www.abf.eu\/treviglio\/wp-content\/uploads\/sites\/8\/2024\/05\/Progetto-senza-titolo-6.png\" \/>\n\t<meta property=\"og:image:width\" content=\"1000\" \/>\n\t<meta property=\"og:image:height\" content=\"666\" \/>\n\t<meta property=\"og:image:type\" content=\"image\/png\" \/>\n<meta name=\"author\" content=\"abfeditortreviglio\" \/>\n<meta name=\"twitter:card\" content=\"summary_large_image\" \/>\n<meta name=\"twitter:label1\" content=\"Scritto da\" \/>\n\t<meta name=\"twitter:data1\" content=\"abfeditortreviglio\" \/>\n\t<meta name=\"twitter:label2\" content=\"Tempo di lettura stimato\" \/>\n\t<meta name=\"twitter:data2\" content=\"5 minuti\" \/>\n<script type=\"application\/ld+json\" class=\"yoast-schema-graph\">{\"@context\":\"https:\/\/schema.org\",\"@graph\":[{\"@type\":\"WebPage\",\"@id\":\"https:\/\/www.abf.eu\/treviglio\/creazioni-gastronomiche\/\",\"url\":\"https:\/\/www.abf.eu\/treviglio\/creazioni-gastronomiche\/\",\"name\":\"Le creazioni gastronomiche degli allievi di ABF - Treviglio\",\"isPartOf\":{\"@id\":\"https:\/\/www.abf.eu\/treviglio\/#website\"},\"primaryImageOfPage\":{\"@id\":\"https:\/\/www.abf.eu\/treviglio\/creazioni-gastronomiche\/#primaryimage\"},\"image\":{\"@id\":\"https:\/\/www.abf.eu\/treviglio\/creazioni-gastronomiche\/#primaryimage\"},\"thumbnailUrl\":\"https:\/\/www.abf.eu\/treviglio\/wp-content\/uploads\/sites\/8\/2024\/05\/Progetto-senza-titolo-6.png\",\"datePublished\":\"2024-05-22T10:01:30+00:00\",\"dateModified\":\"2024-05-22T10:01:31+00:00\",\"author\":{\"@id\":\"https:\/\/www.abf.eu\/treviglio\/#\/schema\/person\/5e3592a67fae49949ed1c8bafe370c22\"},\"description\":\"Gli studenti di ABF Treviglio ci stupiscono con piatti innovativi in vista degli esami. Un viaggio tra tradizione e modernit\u00e0 ricco di passione, dedizione e talento.\",\"breadcrumb\":{\"@id\":\"https:\/\/www.abf.eu\/treviglio\/creazioni-gastronomiche\/#breadcrumb\"},\"inLanguage\":\"it-IT\",\"potentialAction\":[{\"@type\":\"ReadAction\",\"target\":[\"https:\/\/www.abf.eu\/treviglio\/creazioni-gastronomiche\/\"]}]},{\"@type\":\"ImageObject\",\"inLanguage\":\"it-IT\",\"@id\":\"https:\/\/www.abf.eu\/treviglio\/creazioni-gastronomiche\/#primaryimage\",\"url\":\"https:\/\/www.abf.eu\/treviglio\/wp-content\/uploads\/sites\/8\/2024\/05\/Progetto-senza-titolo-6.png\",\"contentUrl\":\"https:\/\/www.abf.eu\/treviglio\/wp-content\/uploads\/sites\/8\/2024\/05\/Progetto-senza-titolo-6.png\",\"width\":1000,\"height\":666},{\"@type\":\"BreadcrumbList\",\"@id\":\"https:\/\/www.abf.eu\/treviglio\/creazioni-gastronomiche\/#breadcrumb\",\"itemListElement\":[{\"@type\":\"ListItem\",\"position\":1,\"name\":\"Home\",\"item\":\"https:\/\/www.abf.eu\/treviglio\/\"},{\"@type\":\"ListItem\",\"position\":2,\"name\":\"Le creazioni gastronomiche degli allievi di ABF\"}]},{\"@type\":\"WebSite\",\"@id\":\"https:\/\/www.abf.eu\/treviglio\/#website\",\"url\":\"https:\/\/www.abf.eu\/treviglio\/\",\"name\":\"Treviglio\",\"description\":\"Ecco un altro sito Abf siti\",\"potentialAction\":[{\"@type\":\"SearchAction\",\"target\":{\"@type\":\"EntryPoint\",\"urlTemplate\":\"https:\/\/www.abf.eu\/treviglio\/?s={search_term_string}\"},\"query-input\":{\"@type\":\"PropertyValueSpecification\",\"valueRequired\":true,\"valueName\":\"search_term_string\"}}],\"inLanguage\":\"it-IT\"},{\"@type\":\"Person\",\"@id\":\"https:\/\/www.abf.eu\/treviglio\/#\/schema\/person\/5e3592a67fae49949ed1c8bafe370c22\",\"name\":\"abfeditortreviglio\",\"image\":{\"@type\":\"ImageObject\",\"inLanguage\":\"it-IT\",\"@id\":\"https:\/\/www.abf.eu\/treviglio\/#\/schema\/person\/image\/\",\"url\":\"https:\/\/secure.gravatar.com\/avatar\/2a2bd997f9d05889242189dbdd9ed94b71a07f7131b18ac0e94f80ba02f3bff1?s=96&d=mm&r=g\",\"contentUrl\":\"https:\/\/secure.gravatar.com\/avatar\/2a2bd997f9d05889242189dbdd9ed94b71a07f7131b18ac0e94f80ba02f3bff1?s=96&d=mm&r=g\",\"caption\":\"abfeditortreviglio\"},\"sameAs\":[\"Genuine\"],\"url\":\"https:\/\/www.abf.eu\/treviglio\/author\/abfeditortreviglio\/\"}]}<\/script>\n<!-- \/ Yoast SEO plugin. -->","yoast_head_json":{"title":"Le creazioni gastronomiche degli allievi di ABF - Treviglio","description":"Gli studenti di ABF Treviglio ci stupiscono con piatti innovativi in vista degli esami. Un viaggio tra tradizione e modernit\u00e0 ricco di passione, dedizione e talento.","robots":{"index":"index","follow":"follow","max-snippet":"max-snippet:-1","max-image-preview":"max-image-preview:large","max-video-preview":"max-video-preview:-1"},"canonical":"https:\/\/www.abf.eu\/treviglio\/creazioni-gastronomiche\/","og_locale":"it_IT","og_type":"article","og_title":"Le creazioni gastronomiche degli allievi di ABF - Treviglio","og_description":"Gli studenti di ABF Treviglio ci stupiscono con piatti innovativi in vista degli esami. Un viaggio tra tradizione e modernit\u00e0 ricco di passione, dedizione e talento.","og_url":"https:\/\/www.abf.eu\/treviglio\/creazioni-gastronomiche\/","og_site_name":"Treviglio","article_published_time":"2024-05-22T10:01:30+00:00","article_modified_time":"2024-05-22T10:01:31+00:00","og_image":[{"width":1000,"height":666,"url":"https:\/\/www.abf.eu\/treviglio\/wp-content\/uploads\/sites\/8\/2024\/05\/Progetto-senza-titolo-6.png","type":"image\/png"}],"author":"abfeditortreviglio","twitter_card":"summary_large_image","twitter_misc":{"Scritto da":"abfeditortreviglio","Tempo di lettura stimato":"5 minuti"},"schema":{"@context":"https:\/\/schema.org","@graph":[{"@type":"WebPage","@id":"https:\/\/www.abf.eu\/treviglio\/creazioni-gastronomiche\/","url":"https:\/\/www.abf.eu\/treviglio\/creazioni-gastronomiche\/","name":"Le creazioni gastronomiche degli allievi di ABF - Treviglio","isPartOf":{"@id":"https:\/\/www.abf.eu\/treviglio\/#website"},"primaryImageOfPage":{"@id":"https:\/\/www.abf.eu\/treviglio\/creazioni-gastronomiche\/#primaryimage"},"image":{"@id":"https:\/\/www.abf.eu\/treviglio\/creazioni-gastronomiche\/#primaryimage"},"thumbnailUrl":"https:\/\/www.abf.eu\/treviglio\/wp-content\/uploads\/sites\/8\/2024\/05\/Progetto-senza-titolo-6.png","datePublished":"2024-05-22T10:01:30+00:00","dateModified":"2024-05-22T10:01:31+00:00","author":{"@id":"https:\/\/www.abf.eu\/treviglio\/#\/schema\/person\/5e3592a67fae49949ed1c8bafe370c22"},"description":"Gli studenti di ABF Treviglio ci stupiscono con piatti innovativi in vista degli esami. Un viaggio tra tradizione e modernit\u00e0 ricco di passione, dedizione e talento.","breadcrumb":{"@id":"https:\/\/www.abf.eu\/treviglio\/creazioni-gastronomiche\/#breadcrumb"},"inLanguage":"it-IT","potentialAction":[{"@type":"ReadAction","target":["https:\/\/www.abf.eu\/treviglio\/creazioni-gastronomiche\/"]}]},{"@type":"ImageObject","inLanguage":"it-IT","@id":"https:\/\/www.abf.eu\/treviglio\/creazioni-gastronomiche\/#primaryimage","url":"https:\/\/www.abf.eu\/treviglio\/wp-content\/uploads\/sites\/8\/2024\/05\/Progetto-senza-titolo-6.png","contentUrl":"https:\/\/www.abf.eu\/treviglio\/wp-content\/uploads\/sites\/8\/2024\/05\/Progetto-senza-titolo-6.png","width":1000,"height":666},{"@type":"BreadcrumbList","@id":"https:\/\/www.abf.eu\/treviglio\/creazioni-gastronomiche\/#breadcrumb","itemListElement":[{"@type":"ListItem","position":1,"name":"Home","item":"https:\/\/www.abf.eu\/treviglio\/"},{"@type":"ListItem","position":2,"name":"Le creazioni gastronomiche degli allievi di ABF"}]},{"@type":"WebSite","@id":"https:\/\/www.abf.eu\/treviglio\/#website","url":"https:\/\/www.abf.eu\/treviglio\/","name":"Treviglio","description":"Ecco un altro sito Abf siti","potentialAction":[{"@type":"SearchAction","target":{"@type":"EntryPoint","urlTemplate":"https:\/\/www.abf.eu\/treviglio\/?s={search_term_string}"},"query-input":{"@type":"PropertyValueSpecification","valueRequired":true,"valueName":"search_term_string"}}],"inLanguage":"it-IT"},{"@type":"Person","@id":"https:\/\/www.abf.eu\/treviglio\/#\/schema\/person\/5e3592a67fae49949ed1c8bafe370c22","name":"abfeditortreviglio","image":{"@type":"ImageObject","inLanguage":"it-IT","@id":"https:\/\/www.abf.eu\/treviglio\/#\/schema\/person\/image\/","url":"https:\/\/secure.gravatar.com\/avatar\/2a2bd997f9d05889242189dbdd9ed94b71a07f7131b18ac0e94f80ba02f3bff1?s=96&d=mm&r=g","contentUrl":"https:\/\/secure.gravatar.com\/avatar\/2a2bd997f9d05889242189dbdd9ed94b71a07f7131b18ac0e94f80ba02f3bff1?s=96&d=mm&r=g","caption":"abfeditortreviglio"},"sameAs":["Genuine"],"url":"https:\/\/www.abf.eu\/treviglio\/author\/abfeditortreviglio\/"}]}},"_links":{"self":[{"href":"https:\/\/www.abf.eu\/treviglio\/wp-json\/wp\/v2\/posts\/19980","targetHints":{"allow":["GET"]}}],"collection":[{"href":"https:\/\/www.abf.eu\/treviglio\/wp-json\/wp\/v2\/posts"}],"about":[{"href":"https:\/\/www.abf.eu\/treviglio\/wp-json\/wp\/v2\/types\/post"}],"author":[{"embeddable":true,"href":"https:\/\/www.abf.eu\/treviglio\/wp-json\/wp\/v2\/users\/47"}],"replies":[{"embeddable":true,"href":"https:\/\/www.abf.eu\/treviglio\/wp-json\/wp\/v2\/comments?post=19980"}],"version-history":[{"count":47,"href":"https:\/\/www.abf.eu\/treviglio\/wp-json\/wp\/v2\/posts\/19980\/revisions"}],"predecessor-version":[{"id":20042,"href":"https:\/\/www.abf.eu\/treviglio\/wp-json\/wp\/v2\/posts\/19980\/revisions\/20042"}],"wp:featuredmedia":[{"embeddable":true,"href":"https:\/\/www.abf.eu\/treviglio\/wp-json\/wp\/v2\/media\/20003"}],"wp:attachment":[{"href":"https:\/\/www.abf.eu\/treviglio\/wp-json\/wp\/v2\/media?parent=19980"}],"wp:term":[{"taxonomy":"category","embeddable":true,"href":"https:\/\/www.abf.eu\/treviglio\/wp-json\/wp\/v2\/categories?post=19980"},{"taxonomy":"post_tag","embeddable":true,"href":"https:\/\/www.abf.eu\/treviglio\/wp-json\/wp\/v2\/tags?post=19980"}],"curies":[{"name":"wp","href":"https:\/\/api.w.org\/{rel}","templated":true}]}}