{"id":21083,"date":"2024-12-13T07:57:58","date_gmt":"2024-12-13T06:57:58","guid":{"rendered":"https:\/\/www.abf.eu\/treviglio\/?p=21083"},"modified":"2024-12-13T07:57:58","modified_gmt":"2024-12-13T06:57:58","slug":"ero-un-bullo","status":"publish","type":"post","link":"https:\/\/www.abf.eu\/treviglio\/ero-un-bullo\/","title":{"rendered":"&#8220;Ero un bullo&#8221; &#8211; incontro col protagonista"},"content":{"rendered":"\n<h3 class=\"wp-block-heading\">9 gennaio 2025: incontro con <strong>Daniel Zaccaro<\/strong><\/h3>\n\n\n\n<p>La sede di Treviglio di Azienda Bergamasca Formazione organizza una serata di sensibilizzazione sul tema del bullismo, ospitando <strong>Daniel Zaccaro<\/strong>, protagonista del libro &#8220;<strong><em>Ero un bullo<\/em><\/strong>&#8220;. L&#8217;evento, parte dell&#8217;iniziativa &#8220;<em>ABF per il territorio<\/em>&#8220;, \u00e8 rivolto a genitori, studenti e alla comunit\u00e0 locale, con l&#8217;obiettivo di promuovere il dialogo su tematiche adolescenziali e sociali.<\/p>\n\n\n\n<blockquote class=\"wp-block-quote is-layout-flow wp-block-quote-is-layout-flow\">\n<p><em>\u201c&#8230;Alle medie Daniel \u00e8 un bullo temuto da tutti, carico di rabbia e aggressivit\u00e0. Sente che l&#8217;unico modo per guadagnarsi il rispetto \u00e8 incutere paura e non temere niente, neanche di fare un colpo in banca.<\/em> <em>E infatti, lui le rapine arriva a farle per davvero, finch\u00e9 finisce al Beccaria, il carcere<\/em> <em>minorile. \u00c8 considerato un ragazzo perduto,<\/em> <em>irrecuperabile&#8230;\u201d<\/em><\/p>\n<\/blockquote>\n\n\n\n<h5 class=\"wp-block-heading\">La storia di Daniel<\/h5>\n\n\n\n<p>Daniel Zaccaro, cresciuto a Quarto Oggiaro, periferia di Milano, ha vissuto un&#8217;infanzia segnata da difficolt\u00e0 familiari e ambientali. Dopo un&#8217;iniziale passione per il calcio, culminata con l&#8217;ingresso nelle squadre giovanili dell&#8217;Inter, il suo sogno si \u00e8 infranto, portandolo a intraprendere una strada di violenza e criminalit\u00e0. La sua storia, raccontata nel libro &#8220;Ero un bullo&#8221; di Andrea Franzoso, testimonia un percorso di rinascita grazie all&#8217;incontro con figure come quella don Claudio Burgio, cappellano del carcere minorile Cesare Beccaria.<\/p>\n\n\n\n<p>Con la sua testimonianza diretta, Daniel parler\u00e0 del difficile percorso che lo ha portato dal bullismo e dalla devianza a una rinascita personale. Il suo racconto non solo evidenzia l\u2019importanza delle figure di riferimento, ma stimola riflessioni profonde sul ruolo della comunit\u00e0 nel supporto ai giovani.<\/p>\n\n\n\n<h5 class=\"wp-block-heading\">Partecipazione e modalit\u00e0: un evento aperto a tutti<\/h5>\n\n\n\n<p>L\u2019incontro si terr\u00e0 presso la sala bar della sede di ABF Treviglio, che per l\u2019occasione accoglier\u00e0 i partecipanti con un piccolo buffet di benvenuto. Per garantire la massima accessibilit\u00e0, sar\u00e0 inoltre possibile connettersi online, permettendo cos\u00ec anche a chi non potr\u00e0 essere presente fisicamente di partecipare.<\/p>\n\n\n\n<p>L\u2019evento \u00e8 gratuito, ma \u00e8 richiesta l\u2019iscrizione tramite modulo Google per monitorare il numero di partecipanti e organizzare al meglio la serata. Questo momento di condivisione sar\u00e0 guidato da un moderatore, che aiuter\u00e0 a stimolare il dibattito e il confronto tra i presenti.<\/p>\n\n\n\n<h5 class=\"wp-block-heading\">La scuola come presidio contro il bullismo<\/h5>\n\n\n\n<p>La scuola gioca un ruolo centrale nella sensibilizzazione e nella prevenzione del bullismo. Come luogo di crescita e formazione, non solo educativa ma anche sociale, essa rappresenta un contesto privilegiato per promuovere il rispetto reciproco e l&#8217;inclusione. Attraverso iniziative come l\u2019incontro con Daniel Zaccaro, ABF vuole creare ambienti sicuri e accoglienti, dove studenti, genitori e comunit\u00e0 possano confrontarsi apertamente su temi complessi. La sensibilizzazione, integrata nelle attivit\u00e0 scolastiche, consente di riconoscere i segnali di disagio, di educare i giovani alla comprensione delle conseguenze delle proprie azioni e di sviluppare una rete di supporto per chi \u00e8 vittima o testimone di situazioni di bullismo.<\/p>\n\n\n\n<hr class=\"wp-block-separator has-alpha-channel-opacity\"\/>\n\n\n\n<div class=\"wp-block-buttons is-content-justification-center is-layout-flex wp-container-core-buttons-is-layout-16018d1d wp-block-buttons-is-layout-flex\">\n<div class=\"wp-block-button\"><a class=\"wp-block-button__link wp-element-button\" href=\"https:\/\/forms.gle\/23VL2Y3KgTFfPDSQ6\">ISCRIVITI QUI<\/a><\/div>\n<\/div>\n\n\n\n<p><\/p>\n\n\n\n<div class=\"wp-block-buttons is-content-justification-center is-layout-flex wp-container-core-buttons-is-layout-16018d1d wp-block-buttons-is-layout-flex\">\n<div class=\"wp-block-button\"><a class=\"wp-block-button__link wp-element-button\" href=\"https:\/\/meet.google.com\/kff-bfzi-txo\">PARTECIPA ONLINE<\/a><\/div>\n<\/div>\n\n\n\n<p><\/p>\n\n\n\n<div id=\"linkcontent-block_675aa7f45f7b4\" class=\"link-content \">\n    <a class='animated-arrow font-weight-bold' href='https:\/\/www.abf.eu\/treviglio\/wp-content\/uploads\/sites\/8\/2024\/12\/ERO-UN-BULLO.pdf' target=\"_blank\">\n        <span class='the-arrow -left'>\n            <span class='shaft'><\/span>\n        <\/span>\n        <span class='main'>\n            <span class='text'>Scarica e condividi la locandina dell&#8217;evento<\/span>\n            <span class='the-arrow -right'>\n                <span class='shaft'><\/span>\n            <\/span>\n        <\/span>\n    <\/a>\n<\/div>\n\n\n\n\n\n<p><\/p>\n","protected":false},"excerpt":{"rendered":"<p>9 gennaio 2025: incontro con Daniel Zaccaro La sede di<\/p>\n","protected":false},"author":31,"featured_media":21104,"comment_status":"open","ping_status":"open","sticky":false,"template":"","format":"standard","meta":{"footnotes":""},"categories":[1],"tags":[],"class_list":["post-21083","post","type-post","status-publish","format-standard","has-post-thumbnail","hentry","category-senza-categoria"],"yoast_head":"<!-- This site is optimized with the Yoast SEO plugin v25.8 - https:\/\/yoast.com\/wordpress\/plugins\/seo\/ -->\n<title>&quot;Ero un bullo&quot; - incontro col protagonista - Treviglio<\/title>\n<meta name=\"robots\" content=\"index, follow, max-snippet:-1, max-image-preview:large, max-video-preview:-1\" \/>\n<link rel=\"canonical\" href=\"https:\/\/www.abf.eu\/treviglio\/ero-un-bullo\/\" \/>\n<meta property=\"og:locale\" content=\"it_IT\" \/>\n<meta property=\"og:type\" content=\"article\" \/>\n<meta property=\"og:title\" content=\"&quot;Ero un bullo&quot; - incontro col protagonista - Treviglio\" \/>\n<meta property=\"og:description\" content=\"9 gennaio 2025: incontro con Daniel Zaccaro La sede di\" \/>\n<meta property=\"og:url\" content=\"https:\/\/www.abf.eu\/treviglio\/ero-un-bullo\/\" \/>\n<meta property=\"og:site_name\" content=\"Treviglio\" \/>\n<meta property=\"article:published_time\" content=\"2024-12-13T06:57:58+00:00\" \/>\n<meta property=\"og:image\" content=\"https:\/\/www.abf.eu\/treviglio\/wp-content\/uploads\/sites\/8\/2024\/12\/9-GENNAIO-ore-21.00.png\" \/>\n\t<meta property=\"og:image:width\" content=\"1000\" \/>\n\t<meta property=\"og:image:height\" content=\"666\" \/>\n\t<meta property=\"og:image:type\" content=\"image\/png\" \/>\n<meta name=\"author\" content=\"danilocaccia\" \/>\n<meta name=\"twitter:card\" content=\"summary_large_image\" \/>\n<meta name=\"twitter:label1\" content=\"Scritto da\" \/>\n\t<meta name=\"twitter:data1\" content=\"danilocaccia\" \/>\n\t<meta name=\"twitter:label2\" content=\"Tempo di lettura stimato\" \/>\n\t<meta name=\"twitter:data2\" content=\"3 minuti\" \/>\n<script type=\"application\/ld+json\" class=\"yoast-schema-graph\">{\"@context\":\"https:\/\/schema.org\",\"@graph\":[{\"@type\":\"WebPage\",\"@id\":\"https:\/\/www.abf.eu\/treviglio\/ero-un-bullo\/\",\"url\":\"https:\/\/www.abf.eu\/treviglio\/ero-un-bullo\/\",\"name\":\"\\\"Ero un bullo\\\" - incontro col protagonista - Treviglio\",\"isPartOf\":{\"@id\":\"https:\/\/www.abf.eu\/treviglio\/#website\"},\"primaryImageOfPage\":{\"@id\":\"https:\/\/www.abf.eu\/treviglio\/ero-un-bullo\/#primaryimage\"},\"image\":{\"@id\":\"https:\/\/www.abf.eu\/treviglio\/ero-un-bullo\/#primaryimage\"},\"thumbnailUrl\":\"https:\/\/www.abf.eu\/treviglio\/wp-content\/uploads\/sites\/8\/2024\/12\/9-GENNAIO-ore-21.00.png\",\"datePublished\":\"2024-12-13T06:57:58+00:00\",\"author\":{\"@id\":\"https:\/\/www.abf.eu\/treviglio\/#\/schema\/person\/8a78d772811de95e251d66b4d5491f76\"},\"breadcrumb\":{\"@id\":\"https:\/\/www.abf.eu\/treviglio\/ero-un-bullo\/#breadcrumb\"},\"inLanguage\":\"it-IT\",\"potentialAction\":[{\"@type\":\"ReadAction\",\"target\":[\"https:\/\/www.abf.eu\/treviglio\/ero-un-bullo\/\"]}]},{\"@type\":\"ImageObject\",\"inLanguage\":\"it-IT\",\"@id\":\"https:\/\/www.abf.eu\/treviglio\/ero-un-bullo\/#primaryimage\",\"url\":\"https:\/\/www.abf.eu\/treviglio\/wp-content\/uploads\/sites\/8\/2024\/12\/9-GENNAIO-ore-21.00.png\",\"contentUrl\":\"https:\/\/www.abf.eu\/treviglio\/wp-content\/uploads\/sites\/8\/2024\/12\/9-GENNAIO-ore-21.00.png\",\"width\":1000,\"height\":666},{\"@type\":\"BreadcrumbList\",\"@id\":\"https:\/\/www.abf.eu\/treviglio\/ero-un-bullo\/#breadcrumb\",\"itemListElement\":[{\"@type\":\"ListItem\",\"position\":1,\"name\":\"Home\",\"item\":\"https:\/\/www.abf.eu\/treviglio\/\"},{\"@type\":\"ListItem\",\"position\":2,\"name\":\"&#8220;Ero un bullo&#8221; &#8211; incontro col protagonista\"}]},{\"@type\":\"WebSite\",\"@id\":\"https:\/\/www.abf.eu\/treviglio\/#website\",\"url\":\"https:\/\/www.abf.eu\/treviglio\/\",\"name\":\"Treviglio\",\"description\":\"Ecco un altro sito Abf siti\",\"potentialAction\":[{\"@type\":\"SearchAction\",\"target\":{\"@type\":\"EntryPoint\",\"urlTemplate\":\"https:\/\/www.abf.eu\/treviglio\/?s={search_term_string}\"},\"query-input\":{\"@type\":\"PropertyValueSpecification\",\"valueRequired\":true,\"valueName\":\"search_term_string\"}}],\"inLanguage\":\"it-IT\"},{\"@type\":\"Person\",\"@id\":\"https:\/\/www.abf.eu\/treviglio\/#\/schema\/person\/8a78d772811de95e251d66b4d5491f76\",\"name\":\"danilocaccia\",\"image\":{\"@type\":\"ImageObject\",\"inLanguage\":\"it-IT\",\"@id\":\"https:\/\/www.abf.eu\/treviglio\/#\/schema\/person\/image\/\",\"url\":\"https:\/\/secure.gravatar.com\/avatar\/d87f496e2092d70f0bc729633c0c70a56c54c4f8ce3eefdacc36b91c04c2e1c0?s=96&d=mm&r=g\",\"contentUrl\":\"https:\/\/secure.gravatar.com\/avatar\/d87f496e2092d70f0bc729633c0c70a56c54c4f8ce3eefdacc36b91c04c2e1c0?s=96&d=mm&r=g\",\"caption\":\"danilocaccia\"},\"sameAs\":[\"https:\/\/www.linkedin.com\/in\/danilocaccia\/\"],\"url\":\"https:\/\/www.abf.eu\/treviglio\/author\/danilocaccia\/\"}]}<\/script>\n<!-- \/ Yoast SEO plugin. -->","yoast_head_json":{"title":"\"Ero un bullo\" - incontro col protagonista - Treviglio","robots":{"index":"index","follow":"follow","max-snippet":"max-snippet:-1","max-image-preview":"max-image-preview:large","max-video-preview":"max-video-preview:-1"},"canonical":"https:\/\/www.abf.eu\/treviglio\/ero-un-bullo\/","og_locale":"it_IT","og_type":"article","og_title":"\"Ero un bullo\" - incontro col protagonista - Treviglio","og_description":"9 gennaio 2025: incontro con Daniel Zaccaro La sede di","og_url":"https:\/\/www.abf.eu\/treviglio\/ero-un-bullo\/","og_site_name":"Treviglio","article_published_time":"2024-12-13T06:57:58+00:00","og_image":[{"width":1000,"height":666,"url":"https:\/\/www.abf.eu\/treviglio\/wp-content\/uploads\/sites\/8\/2024\/12\/9-GENNAIO-ore-21.00.png","type":"image\/png"}],"author":"danilocaccia","twitter_card":"summary_large_image","twitter_misc":{"Scritto da":"danilocaccia","Tempo di lettura stimato":"3 minuti"},"schema":{"@context":"https:\/\/schema.org","@graph":[{"@type":"WebPage","@id":"https:\/\/www.abf.eu\/treviglio\/ero-un-bullo\/","url":"https:\/\/www.abf.eu\/treviglio\/ero-un-bullo\/","name":"\"Ero un bullo\" - incontro col protagonista - Treviglio","isPartOf":{"@id":"https:\/\/www.abf.eu\/treviglio\/#website"},"primaryImageOfPage":{"@id":"https:\/\/www.abf.eu\/treviglio\/ero-un-bullo\/#primaryimage"},"image":{"@id":"https:\/\/www.abf.eu\/treviglio\/ero-un-bullo\/#primaryimage"},"thumbnailUrl":"https:\/\/www.abf.eu\/treviglio\/wp-content\/uploads\/sites\/8\/2024\/12\/9-GENNAIO-ore-21.00.png","datePublished":"2024-12-13T06:57:58+00:00","author":{"@id":"https:\/\/www.abf.eu\/treviglio\/#\/schema\/person\/8a78d772811de95e251d66b4d5491f76"},"breadcrumb":{"@id":"https:\/\/www.abf.eu\/treviglio\/ero-un-bullo\/#breadcrumb"},"inLanguage":"it-IT","potentialAction":[{"@type":"ReadAction","target":["https:\/\/www.abf.eu\/treviglio\/ero-un-bullo\/"]}]},{"@type":"ImageObject","inLanguage":"it-IT","@id":"https:\/\/www.abf.eu\/treviglio\/ero-un-bullo\/#primaryimage","url":"https:\/\/www.abf.eu\/treviglio\/wp-content\/uploads\/sites\/8\/2024\/12\/9-GENNAIO-ore-21.00.png","contentUrl":"https:\/\/www.abf.eu\/treviglio\/wp-content\/uploads\/sites\/8\/2024\/12\/9-GENNAIO-ore-21.00.png","width":1000,"height":666},{"@type":"BreadcrumbList","@id":"https:\/\/www.abf.eu\/treviglio\/ero-un-bullo\/#breadcrumb","itemListElement":[{"@type":"ListItem","position":1,"name":"Home","item":"https:\/\/www.abf.eu\/treviglio\/"},{"@type":"ListItem","position":2,"name":"&#8220;Ero un bullo&#8221; &#8211; incontro col protagonista"}]},{"@type":"WebSite","@id":"https:\/\/www.abf.eu\/treviglio\/#website","url":"https:\/\/www.abf.eu\/treviglio\/","name":"Treviglio","description":"Ecco un altro sito Abf siti","potentialAction":[{"@type":"SearchAction","target":{"@type":"EntryPoint","urlTemplate":"https:\/\/www.abf.eu\/treviglio\/?s={search_term_string}"},"query-input":{"@type":"PropertyValueSpecification","valueRequired":true,"valueName":"search_term_string"}}],"inLanguage":"it-IT"},{"@type":"Person","@id":"https:\/\/www.abf.eu\/treviglio\/#\/schema\/person\/8a78d772811de95e251d66b4d5491f76","name":"danilocaccia","image":{"@type":"ImageObject","inLanguage":"it-IT","@id":"https:\/\/www.abf.eu\/treviglio\/#\/schema\/person\/image\/","url":"https:\/\/secure.gravatar.com\/avatar\/d87f496e2092d70f0bc729633c0c70a56c54c4f8ce3eefdacc36b91c04c2e1c0?s=96&d=mm&r=g","contentUrl":"https:\/\/secure.gravatar.com\/avatar\/d87f496e2092d70f0bc729633c0c70a56c54c4f8ce3eefdacc36b91c04c2e1c0?s=96&d=mm&r=g","caption":"danilocaccia"},"sameAs":["https:\/\/www.linkedin.com\/in\/danilocaccia\/"],"url":"https:\/\/www.abf.eu\/treviglio\/author\/danilocaccia\/"}]}},"_links":{"self":[{"href":"https:\/\/www.abf.eu\/treviglio\/wp-json\/wp\/v2\/posts\/21083","targetHints":{"allow":["GET"]}}],"collection":[{"href":"https:\/\/www.abf.eu\/treviglio\/wp-json\/wp\/v2\/posts"}],"about":[{"href":"https:\/\/www.abf.eu\/treviglio\/wp-json\/wp\/v2\/types\/post"}],"author":[{"embeddable":true,"href":"https:\/\/www.abf.eu\/treviglio\/wp-json\/wp\/v2\/users\/31"}],"replies":[{"embeddable":true,"href":"https:\/\/www.abf.eu\/treviglio\/wp-json\/wp\/v2\/comments?post=21083"}],"version-history":[{"count":20,"href":"https:\/\/www.abf.eu\/treviglio\/wp-json\/wp\/v2\/posts\/21083\/revisions"}],"predecessor-version":[{"id":21107,"href":"https:\/\/www.abf.eu\/treviglio\/wp-json\/wp\/v2\/posts\/21083\/revisions\/21107"}],"wp:featuredmedia":[{"embeddable":true,"href":"https:\/\/www.abf.eu\/treviglio\/wp-json\/wp\/v2\/media\/21104"}],"wp:attachment":[{"href":"https:\/\/www.abf.eu\/treviglio\/wp-json\/wp\/v2\/media?parent=21083"}],"wp:term":[{"taxonomy":"category","embeddable":true,"href":"https:\/\/www.abf.eu\/treviglio\/wp-json\/wp\/v2\/categories?post=21083"},{"taxonomy":"post_tag","embeddable":true,"href":"https:\/\/www.abf.eu\/treviglio\/wp-json\/wp\/v2\/tags?post=21083"}],"curies":[{"name":"wp","href":"https:\/\/api.w.org\/{rel}","templated":true}]}}