{"id":21343,"date":"2025-03-19T13:13:12","date_gmt":"2025-03-19T12:13:12","guid":{"rendered":"https:\/\/www.abf.eu\/treviglio\/?p=21343"},"modified":"2025-04-14T16:14:11","modified_gmt":"2025-04-14T14:14:11","slug":"bar-fondazione-anni-sereni","status":"publish","type":"post","link":"https:\/\/www.abf.eu\/treviglio\/bar-fondazione-anni-sereni\/","title":{"rendered":"I ragazzi di ABF sul bancone del Bar della Fondazione Anni Sereni"},"content":{"rendered":"\n<h3 class=\"wp-block-heading\">Prendiamoci un caff\u00e8 con i ragazzi di ABF<\/h3>\n\n\n\n<h5 class=\"wp-block-heading\">Gli allievi di ABF Treviglio gestiranno il bar della Fondazione Anni Sereni<\/h5>\n\n\n\n<p>Nella formazione professionale, il passaggio dalla teoria alla pratica \u00e8 essenziale. Gli studenti imparano un mestiere attraverso lo studio ma, soprattutto, attraverso esperienze concrete in ambienti di lavoro reali. Per questo motivo, ABF ha sempre dato grande valore alle collaborazioni con aziende ed enti del territorio, creando opportunit\u00e0 che permettono ai ragazzi di sviluppare competenze direttamente sul campo.<\/p>\n\n\n\n<p>La sperimentazione avviata con la <strong>Fondazione Anni Sereni<\/strong> va in questa direzione: un progetto che mette gli allievi alla prova in un contesto professionale, offrendo loro un\u2019esperienza di gestione diretta di un servizio.<\/p>\n\n\n\n<p>Gli studenti della sede di <strong>ABF Treviglio<\/strong> avranno l\u2019opportunit\u00e0 di lavorare alla gestione del <strong>bar interno della Fondazione Anni Sereni<\/strong>. Il progetto prevede un monte ore complessivo di <strong>945 ore<\/strong>, da marzo ad agosto 2025, durante il quale gli allievi dei corsi <strong>DDIF<\/strong> svolgeranno attivit\u00e0 pratiche con il supporto dei docenti.<\/p>\n\n\n\n<p>Il bar diventer\u00e0 un vero e proprio <strong>laboratorio di apprendimento<\/strong>, dove i ragazzi potranno applicare le competenze acquisite durante il percorso formativo e confrontarsi con un contesto di lavoro reale.<\/p>\n\n\n\n<blockquote class=\"wp-block-quote is-layout-flow wp-block-quote-is-layout-flow\">\n<p><strong>\u00ab<\/strong>Il territorio ha dato tanto ad ABF, e questo per noi \u00e8 un modo di restituire e ringraziare, attraverso il lavoro educativo e formativo.<strong>\u00bb<\/strong><\/p>\n<cite>Davide Finazzi &#8211; Responsabile della sede di Treviglio<\/cite><\/blockquote>\n\n\n\n<figure class=\"wp-block-image size-full\"><img loading=\"lazy\" decoding=\"async\" width=\"1000\" height=\"666\" src=\"https:\/\/www.abf.eu\/treviglio\/wp-content\/uploads\/sites\/8\/2025\/03\/Progetto-senza-titolo-2.png\" alt=\"\" class=\"wp-image-21382\" srcset=\"https:\/\/www.abf.eu\/treviglio\/wp-content\/uploads\/sites\/8\/2025\/03\/Progetto-senza-titolo-2.png 1000w, https:\/\/www.abf.eu\/treviglio\/wp-content\/uploads\/sites\/8\/2025\/03\/Progetto-senza-titolo-2-300x200.png 300w, https:\/\/www.abf.eu\/treviglio\/wp-content\/uploads\/sites\/8\/2025\/03\/Progetto-senza-titolo-2-768x511.png 768w, https:\/\/www.abf.eu\/treviglio\/wp-content\/uploads\/sites\/8\/2025\/03\/Progetto-senza-titolo-2-600x400.png 600w\" sizes=\"auto, (max-width: 1000px) 100vw, 1000px\" \/><\/figure>\n\n\n\n<h5 class=\"wp-block-heading\">La collaborazione tra ABF e Fondazione Anni Sereni<\/h5>\n\n\n\n<p>L\u2019iniziativa nasce da un accordo tra <strong>ABF e la Fondazione Anni Sereni<\/strong>, che metter\u00e0 a disposizione i locali e le attrezzature necessarie. Il progetto prevede il coinvolgimento diretto degli studenti nella gestione del servizio, con l\u2019obiettivo di rafforzare le loro competenze professionali e sviluppare autonomia e responsabilit\u00e0. <\/p>\n\n\n\n<p>Durante il periodo di attivit\u00e0, gli allievi saranno affiancati dai docenti di ABF e dovranno rispettare le regole organizzative della struttura ospitante, oltre alle normative sulla sicurezza e sull\u2019igiene. Questa fase di sperimentazione consentir\u00e0 di valutare la possibilit\u00e0 di rendere stabile la <strong>collaborazione<\/strong>. <\/p>\n\n\n\n<p>Il progetto si inserisce in un quadro pi\u00f9 ampio di iniziative che mirano a creare <strong>connessioni<\/strong> tra il mondo della formazione e quello del lavoro, offrendo agli studenti esperienze utili per il loro <strong>futuro professionale<\/strong>.<\/p>\n\n\n\n<figure class=\"wp-block-image size-full\"><img loading=\"lazy\" decoding=\"async\" width=\"1000\" height=\"666\" src=\"https:\/\/www.abf.eu\/treviglio\/wp-content\/uploads\/sites\/8\/2025\/03\/Progetto-senza-titolo-copia.png\" alt=\"\" class=\"wp-image-21390\" srcset=\"https:\/\/www.abf.eu\/treviglio\/wp-content\/uploads\/sites\/8\/2025\/03\/Progetto-senza-titolo-copia.png 1000w, https:\/\/www.abf.eu\/treviglio\/wp-content\/uploads\/sites\/8\/2025\/03\/Progetto-senza-titolo-copia-300x200.png 300w, https:\/\/www.abf.eu\/treviglio\/wp-content\/uploads\/sites\/8\/2025\/03\/Progetto-senza-titolo-copia-768x511.png 768w, https:\/\/www.abf.eu\/treviglio\/wp-content\/uploads\/sites\/8\/2025\/03\/Progetto-senza-titolo-copia-600x400.png 600w\" sizes=\"auto, (max-width: 1000px) 100vw, 1000px\" \/><\/figure>\n\n\n\n<h5 class=\"wp-block-heading\">\u201cCaff\u00e8 di apertura\u201d<\/h5>\n\n\n\n<p>L&#8217;inaugurazione si \u00e8 svolta <strong>mercoled\u00ec 19 marzo<\/strong> <strong>2025<\/strong>, alla presenza dei rappresentanti di ABF e Fondazione Anni Sereni di Treviglio, oltre che dei Sindaci ed Amministratori dei Comuni soci Fondatori. Per l&#8217;occasione erano infatti presenti Giuseppe Pezzoni e Maurizio Betelli per ABF (Presidente del CDA e Direttore generale), Davide Finazzi (Responsabile della sede ABF Treviglio), Elisa Marchesi (Presidente di Anni Sereni), Mario Mercandelli (Direttore amministrativo di Anni Sereni) e i sindaci Juri Imeri (Treviglio), Claudio Bolandrini (Caravaggio) e Raffaele Assanelli (Fara Gera D&#8217;Adda) con una rappresentanza delle rispettive giunte.<\/p>\n\n\n\n<p>La <strong>cooperazione<\/strong> tra le varie istituzioni sar\u00e0 il vettore di risultati positivi per la comunit\u00e0. Il bar didattico, infatti, fornir\u00e0 un\u2019importante opportunit\u00e0 educativa per i nostri giovani, diventando anche un punto di incontro e <strong>scambio culturale<\/strong> per tutti gli utenti della Fondazione.<\/p>\n\n\n\n<blockquote class=\"wp-block-quote is-layout-flow wp-block-quote-is-layout-flow\">\n<p><strong>\u00ab<\/strong>Organizzare un&#8217;attivit\u00e0 didattica che si estenda anche sulla domenica \u00e8 una sfida che riteniamo di poter affrontare gi\u00e0 a partire dal prossimo anno formativo.<strong>\u00bb<\/strong><\/p>\n<cite>Giuseppe Pezzoni &#8211; Presidente ABF<\/cite><\/blockquote>\n\n\n\n<figure class=\"wp-block-image size-full\"><img loading=\"lazy\" decoding=\"async\" width=\"1000\" height=\"666\" src=\"https:\/\/www.abf.eu\/treviglio\/wp-content\/uploads\/sites\/8\/2025\/03\/Progetto-senza-titolo-3-copia-2.png\" alt=\"\" class=\"wp-image-21444\" srcset=\"https:\/\/www.abf.eu\/treviglio\/wp-content\/uploads\/sites\/8\/2025\/03\/Progetto-senza-titolo-3-copia-2.png 1000w, https:\/\/www.abf.eu\/treviglio\/wp-content\/uploads\/sites\/8\/2025\/03\/Progetto-senza-titolo-3-copia-2-300x200.png 300w, https:\/\/www.abf.eu\/treviglio\/wp-content\/uploads\/sites\/8\/2025\/03\/Progetto-senza-titolo-3-copia-2-768x511.png 768w, https:\/\/www.abf.eu\/treviglio\/wp-content\/uploads\/sites\/8\/2025\/03\/Progetto-senza-titolo-3-copia-2-600x400.png 600w\" sizes=\"auto, (max-width: 1000px) 100vw, 1000px\" \/><\/figure>\n\n\n\n<p><br>Il bar didattico, in questa fase sperimentale, sar\u00e0 operativo <strong>da luned\u00ec a sabato fino ad agosto<\/strong>, ma con l\u2019inizio del nuovo anno formativo a settembre si prevede di estendere la sua apertura anche alla <strong>domenica<\/strong>.<\/p>\n\n\n\n<p>L&#8217;obiettivo \u00e8 di implementare eventuali miglioramenti e consolidare questa preziosa iniziativa, valutando l&#8217;impatto e l&#8217;efficacia del progetto.<\/p>\n\n\n\n<blockquote class=\"wp-block-quote is-layout-flow wp-block-quote-is-layout-flow\">\n<p><strong>\u00ab<\/strong>Formazione \u00e8 imparare un mestiere, non solo &#8220;saper fare&#8221; ma anche &#8220;saper essere&#8221;. Fare attivit\u00e0 connessa alla didattica ha obiettivi diversi dal fare azienda: ha un valore formativo, \u00e8 una scommessa che vogliamo vincere.<strong>\u00bb<\/strong><\/p>\n<cite>Maurizio Betelli &#8211; Direttore Generale ABF<\/cite><\/blockquote>\n","protected":false},"excerpt":{"rendered":"<p>Prendiamoci un caff\u00e8 con i ragazzi di ABF Gli allievi<\/p>\n","protected":false},"author":31,"featured_media":21430,"comment_status":"open","ping_status":"open","sticky":false,"template":"","format":"standard","meta":{"footnotes":""},"categories":[116],"tags":[],"class_list":["post-21343","post","type-post","status-publish","format-standard","has-post-thumbnail","hentry","category-news-treviglio"],"yoast_head":"<!-- This site is optimized with the Yoast SEO plugin v25.8 - https:\/\/yoast.com\/wordpress\/plugins\/seo\/ -->\n<title>I ragazzi di ABF sul bancone del Bar della Fondazione Anni Sereni - Treviglio<\/title>\n<meta name=\"robots\" content=\"index, follow, max-snippet:-1, max-image-preview:large, max-video-preview:-1\" \/>\n<link rel=\"canonical\" href=\"https:\/\/www.abf.eu\/treviglio\/bar-fondazione-anni-sereni\/\" \/>\n<meta property=\"og:locale\" content=\"it_IT\" \/>\n<meta property=\"og:type\" content=\"article\" \/>\n<meta property=\"og:title\" content=\"I ragazzi di ABF sul bancone del Bar della Fondazione Anni Sereni - Treviglio\" \/>\n<meta property=\"og:description\" content=\"Prendiamoci un caff\u00e8 con i ragazzi di ABF Gli allievi\" \/>\n<meta property=\"og:url\" content=\"https:\/\/www.abf.eu\/treviglio\/bar-fondazione-anni-sereni\/\" \/>\n<meta property=\"og:site_name\" content=\"Treviglio\" \/>\n<meta property=\"article:published_time\" content=\"2025-03-19T12:13:12+00:00\" \/>\n<meta property=\"article:modified_time\" content=\"2025-04-14T14:14:11+00:00\" \/>\n<meta property=\"og:image\" content=\"https:\/\/www.abf.eu\/treviglio\/wp-content\/uploads\/sites\/8\/2025\/03\/Progetto-senza-titolo-1-3.png\" \/>\n\t<meta property=\"og:image:width\" content=\"1000\" \/>\n\t<meta property=\"og:image:height\" content=\"666\" \/>\n\t<meta property=\"og:image:type\" content=\"image\/png\" \/>\n<meta name=\"author\" content=\"danilocaccia\" \/>\n<meta name=\"twitter:card\" content=\"summary_large_image\" \/>\n<meta name=\"twitter:label1\" content=\"Scritto da\" \/>\n\t<meta name=\"twitter:data1\" content=\"danilocaccia\" \/>\n\t<meta name=\"twitter:label2\" content=\"Tempo di lettura stimato\" \/>\n\t<meta name=\"twitter:data2\" content=\"1 minuto\" \/>\n<script type=\"application\/ld+json\" class=\"yoast-schema-graph\">{\"@context\":\"https:\/\/schema.org\",\"@graph\":[{\"@type\":\"WebPage\",\"@id\":\"https:\/\/www.abf.eu\/treviglio\/bar-fondazione-anni-sereni\/\",\"url\":\"https:\/\/www.abf.eu\/treviglio\/bar-fondazione-anni-sereni\/\",\"name\":\"I ragazzi di ABF sul bancone del Bar della Fondazione Anni Sereni - Treviglio\",\"isPartOf\":{\"@id\":\"https:\/\/www.abf.eu\/treviglio\/#website\"},\"primaryImageOfPage\":{\"@id\":\"https:\/\/www.abf.eu\/treviglio\/bar-fondazione-anni-sereni\/#primaryimage\"},\"image\":{\"@id\":\"https:\/\/www.abf.eu\/treviglio\/bar-fondazione-anni-sereni\/#primaryimage\"},\"thumbnailUrl\":\"https:\/\/www.abf.eu\/treviglio\/wp-content\/uploads\/sites\/8\/2025\/03\/Progetto-senza-titolo-1-3.png\",\"datePublished\":\"2025-03-19T12:13:12+00:00\",\"dateModified\":\"2025-04-14T14:14:11+00:00\",\"author\":{\"@id\":\"https:\/\/www.abf.eu\/treviglio\/#\/schema\/person\/8a78d772811de95e251d66b4d5491f76\"},\"breadcrumb\":{\"@id\":\"https:\/\/www.abf.eu\/treviglio\/bar-fondazione-anni-sereni\/#breadcrumb\"},\"inLanguage\":\"it-IT\",\"potentialAction\":[{\"@type\":\"ReadAction\",\"target\":[\"https:\/\/www.abf.eu\/treviglio\/bar-fondazione-anni-sereni\/\"]}]},{\"@type\":\"ImageObject\",\"inLanguage\":\"it-IT\",\"@id\":\"https:\/\/www.abf.eu\/treviglio\/bar-fondazione-anni-sereni\/#primaryimage\",\"url\":\"https:\/\/www.abf.eu\/treviglio\/wp-content\/uploads\/sites\/8\/2025\/03\/Progetto-senza-titolo-1-3.png\",\"contentUrl\":\"https:\/\/www.abf.eu\/treviglio\/wp-content\/uploads\/sites\/8\/2025\/03\/Progetto-senza-titolo-1-3.png\",\"width\":1000,\"height\":666},{\"@type\":\"BreadcrumbList\",\"@id\":\"https:\/\/www.abf.eu\/treviglio\/bar-fondazione-anni-sereni\/#breadcrumb\",\"itemListElement\":[{\"@type\":\"ListItem\",\"position\":1,\"name\":\"Home\",\"item\":\"https:\/\/www.abf.eu\/treviglio\/\"},{\"@type\":\"ListItem\",\"position\":2,\"name\":\"I ragazzi di ABF sul bancone del Bar della Fondazione Anni Sereni\"}]},{\"@type\":\"WebSite\",\"@id\":\"https:\/\/www.abf.eu\/treviglio\/#website\",\"url\":\"https:\/\/www.abf.eu\/treviglio\/\",\"name\":\"Treviglio\",\"description\":\"Ecco un altro sito Abf siti\",\"potentialAction\":[{\"@type\":\"SearchAction\",\"target\":{\"@type\":\"EntryPoint\",\"urlTemplate\":\"https:\/\/www.abf.eu\/treviglio\/?s={search_term_string}\"},\"query-input\":{\"@type\":\"PropertyValueSpecification\",\"valueRequired\":true,\"valueName\":\"search_term_string\"}}],\"inLanguage\":\"it-IT\"},{\"@type\":\"Person\",\"@id\":\"https:\/\/www.abf.eu\/treviglio\/#\/schema\/person\/8a78d772811de95e251d66b4d5491f76\",\"name\":\"danilocaccia\",\"image\":{\"@type\":\"ImageObject\",\"inLanguage\":\"it-IT\",\"@id\":\"https:\/\/www.abf.eu\/treviglio\/#\/schema\/person\/image\/\",\"url\":\"https:\/\/secure.gravatar.com\/avatar\/d87f496e2092d70f0bc729633c0c70a56c54c4f8ce3eefdacc36b91c04c2e1c0?s=96&d=mm&r=g\",\"contentUrl\":\"https:\/\/secure.gravatar.com\/avatar\/d87f496e2092d70f0bc729633c0c70a56c54c4f8ce3eefdacc36b91c04c2e1c0?s=96&d=mm&r=g\",\"caption\":\"danilocaccia\"},\"sameAs\":[\"https:\/\/www.linkedin.com\/in\/danilocaccia\/\"],\"url\":\"https:\/\/www.abf.eu\/treviglio\/author\/danilocaccia\/\"}]}<\/script>\n<!-- \/ Yoast SEO plugin. -->","yoast_head_json":{"title":"I ragazzi di ABF sul bancone del Bar della Fondazione Anni Sereni - Treviglio","robots":{"index":"index","follow":"follow","max-snippet":"max-snippet:-1","max-image-preview":"max-image-preview:large","max-video-preview":"max-video-preview:-1"},"canonical":"https:\/\/www.abf.eu\/treviglio\/bar-fondazione-anni-sereni\/","og_locale":"it_IT","og_type":"article","og_title":"I ragazzi di ABF sul bancone del Bar della Fondazione Anni Sereni - Treviglio","og_description":"Prendiamoci un caff\u00e8 con i ragazzi di ABF Gli allievi","og_url":"https:\/\/www.abf.eu\/treviglio\/bar-fondazione-anni-sereni\/","og_site_name":"Treviglio","article_published_time":"2025-03-19T12:13:12+00:00","article_modified_time":"2025-04-14T14:14:11+00:00","og_image":[{"width":1000,"height":666,"url":"https:\/\/www.abf.eu\/treviglio\/wp-content\/uploads\/sites\/8\/2025\/03\/Progetto-senza-titolo-1-3.png","type":"image\/png"}],"author":"danilocaccia","twitter_card":"summary_large_image","twitter_misc":{"Scritto da":"danilocaccia","Tempo di lettura stimato":"1 minuto"},"schema":{"@context":"https:\/\/schema.org","@graph":[{"@type":"WebPage","@id":"https:\/\/www.abf.eu\/treviglio\/bar-fondazione-anni-sereni\/","url":"https:\/\/www.abf.eu\/treviglio\/bar-fondazione-anni-sereni\/","name":"I ragazzi di ABF sul bancone del Bar della Fondazione Anni Sereni - Treviglio","isPartOf":{"@id":"https:\/\/www.abf.eu\/treviglio\/#website"},"primaryImageOfPage":{"@id":"https:\/\/www.abf.eu\/treviglio\/bar-fondazione-anni-sereni\/#primaryimage"},"image":{"@id":"https:\/\/www.abf.eu\/treviglio\/bar-fondazione-anni-sereni\/#primaryimage"},"thumbnailUrl":"https:\/\/www.abf.eu\/treviglio\/wp-content\/uploads\/sites\/8\/2025\/03\/Progetto-senza-titolo-1-3.png","datePublished":"2025-03-19T12:13:12+00:00","dateModified":"2025-04-14T14:14:11+00:00","author":{"@id":"https:\/\/www.abf.eu\/treviglio\/#\/schema\/person\/8a78d772811de95e251d66b4d5491f76"},"breadcrumb":{"@id":"https:\/\/www.abf.eu\/treviglio\/bar-fondazione-anni-sereni\/#breadcrumb"},"inLanguage":"it-IT","potentialAction":[{"@type":"ReadAction","target":["https:\/\/www.abf.eu\/treviglio\/bar-fondazione-anni-sereni\/"]}]},{"@type":"ImageObject","inLanguage":"it-IT","@id":"https:\/\/www.abf.eu\/treviglio\/bar-fondazione-anni-sereni\/#primaryimage","url":"https:\/\/www.abf.eu\/treviglio\/wp-content\/uploads\/sites\/8\/2025\/03\/Progetto-senza-titolo-1-3.png","contentUrl":"https:\/\/www.abf.eu\/treviglio\/wp-content\/uploads\/sites\/8\/2025\/03\/Progetto-senza-titolo-1-3.png","width":1000,"height":666},{"@type":"BreadcrumbList","@id":"https:\/\/www.abf.eu\/treviglio\/bar-fondazione-anni-sereni\/#breadcrumb","itemListElement":[{"@type":"ListItem","position":1,"name":"Home","item":"https:\/\/www.abf.eu\/treviglio\/"},{"@type":"ListItem","position":2,"name":"I ragazzi di ABF sul bancone del Bar della Fondazione Anni Sereni"}]},{"@type":"WebSite","@id":"https:\/\/www.abf.eu\/treviglio\/#website","url":"https:\/\/www.abf.eu\/treviglio\/","name":"Treviglio","description":"Ecco un altro sito Abf siti","potentialAction":[{"@type":"SearchAction","target":{"@type":"EntryPoint","urlTemplate":"https:\/\/www.abf.eu\/treviglio\/?s={search_term_string}"},"query-input":{"@type":"PropertyValueSpecification","valueRequired":true,"valueName":"search_term_string"}}],"inLanguage":"it-IT"},{"@type":"Person","@id":"https:\/\/www.abf.eu\/treviglio\/#\/schema\/person\/8a78d772811de95e251d66b4d5491f76","name":"danilocaccia","image":{"@type":"ImageObject","inLanguage":"it-IT","@id":"https:\/\/www.abf.eu\/treviglio\/#\/schema\/person\/image\/","url":"https:\/\/secure.gravatar.com\/avatar\/d87f496e2092d70f0bc729633c0c70a56c54c4f8ce3eefdacc36b91c04c2e1c0?s=96&d=mm&r=g","contentUrl":"https:\/\/secure.gravatar.com\/avatar\/d87f496e2092d70f0bc729633c0c70a56c54c4f8ce3eefdacc36b91c04c2e1c0?s=96&d=mm&r=g","caption":"danilocaccia"},"sameAs":["https:\/\/www.linkedin.com\/in\/danilocaccia\/"],"url":"https:\/\/www.abf.eu\/treviglio\/author\/danilocaccia\/"}]}},"_links":{"self":[{"href":"https:\/\/www.abf.eu\/treviglio\/wp-json\/wp\/v2\/posts\/21343","targetHints":{"allow":["GET"]}}],"collection":[{"href":"https:\/\/www.abf.eu\/treviglio\/wp-json\/wp\/v2\/posts"}],"about":[{"href":"https:\/\/www.abf.eu\/treviglio\/wp-json\/wp\/v2\/types\/post"}],"author":[{"embeddable":true,"href":"https:\/\/www.abf.eu\/treviglio\/wp-json\/wp\/v2\/users\/31"}],"replies":[{"embeddable":true,"href":"https:\/\/www.abf.eu\/treviglio\/wp-json\/wp\/v2\/comments?post=21343"}],"version-history":[{"count":29,"href":"https:\/\/www.abf.eu\/treviglio\/wp-json\/wp\/v2\/posts\/21343\/revisions"}],"predecessor-version":[{"id":21530,"href":"https:\/\/www.abf.eu\/treviglio\/wp-json\/wp\/v2\/posts\/21343\/revisions\/21530"}],"wp:featuredmedia":[{"embeddable":true,"href":"https:\/\/www.abf.eu\/treviglio\/wp-json\/wp\/v2\/media\/21430"}],"wp:attachment":[{"href":"https:\/\/www.abf.eu\/treviglio\/wp-json\/wp\/v2\/media?parent=21343"}],"wp:term":[{"taxonomy":"category","embeddable":true,"href":"https:\/\/www.abf.eu\/treviglio\/wp-json\/wp\/v2\/categories?post=21343"},{"taxonomy":"post_tag","embeddable":true,"href":"https:\/\/www.abf.eu\/treviglio\/wp-json\/wp\/v2\/tags?post=21343"}],"curies":[{"name":"wp","href":"https:\/\/api.w.org\/{rel}","templated":true}]}}