{"id":21352,"date":"2025-03-25T09:22:32","date_gmt":"2025-03-25T08:22:32","guid":{"rendered":"https:\/\/www.abf.eu\/treviglio\/?p=21352"},"modified":"2025-03-25T09:22:33","modified_gmt":"2025-03-25T08:22:33","slug":"scrittura-creativa","status":"publish","type":"post","link":"https:\/\/www.abf.eu\/treviglio\/scrittura-creativa\/","title":{"rendered":"Scrittura Creativa: Proprio l\u00ec, tra la folla"},"content":{"rendered":"\n<h3 class=\"wp-block-heading\">Presso la Sala Bar di ABF Treviglio si \u00e8 tenuta la serata conclusiva del corso di scrittura creativa e poesia. <\/h3>\n\n\n\n<h5 class=\"wp-block-heading\">Nel garbuglio del normale, una luce su una storia!<\/h5>\n\n\n\n<p>Presso il laboratorio di Sala Bar di <strong>ABF Treviglio<\/strong> si \u00e8 svolta la serata per la conclusione dei <strong>corsi di Scrittura Creativa e di Poesia<\/strong>, organizzati in collaborazione con la <strong>Biblioteca Civica di Treviglio<\/strong>.<\/p>\n\n\n\n<p>La sala \u00e8 stata allestita con numerose sedie per gli spettatori, e un leggio e microfono per i narratori. In esposizione sono stati disposti i libri letti durante gli incontri, che sono serviti da ispirazione per le storie narrate. Gli allievi del PPD di ABF, inoltre, hanno realizzato alcuni segnalibri, con l\u2019aggiunta di un QR code da scannerizzare per leggere e recuperare i racconti scritti dai partecipanti. <\/p>\n\n\n\n<figure class=\"wp-block-image size-full is-resized\"><img loading=\"lazy\" decoding=\"async\" width=\"1000\" height=\"666\" src=\"https:\/\/www.abf.eu\/treviglio\/wp-content\/uploads\/sites\/8\/2025\/03\/Progetto-senza-titolo-2-1.png\" alt=\"\" class=\"wp-image-21387\" style=\"width:1505px;height:auto\" srcset=\"https:\/\/www.abf.eu\/treviglio\/wp-content\/uploads\/sites\/8\/2025\/03\/Progetto-senza-titolo-2-1.png 1000w, https:\/\/www.abf.eu\/treviglio\/wp-content\/uploads\/sites\/8\/2025\/03\/Progetto-senza-titolo-2-1-300x200.png 300w, https:\/\/www.abf.eu\/treviglio\/wp-content\/uploads\/sites\/8\/2025\/03\/Progetto-senza-titolo-2-1-768x511.png 768w, https:\/\/www.abf.eu\/treviglio\/wp-content\/uploads\/sites\/8\/2025\/03\/Progetto-senza-titolo-2-1-600x400.png 600w\" sizes=\"auto, (max-width: 1000px) 100vw, 1000px\" \/><\/figure>\n\n\n\n<h5 class=\"wp-block-heading\">Serata conclusiva &#8220;Proprio l\u00ec, tra la folla&#8221;<\/h5>\n\n\n\n<p>L&#8217;atmosfera magica della serata ha rispecchiato perfettamente il titolo dell&#8217;evento: <strong>Proprio l\u00ec, tra la folla<\/strong>. Un microfono, un leggio e diverse storie narrate si sono fatte strada nel silenzio attento degli spettatori.<\/p>\n\n\n\n<p>Il termine <strong>folla<\/strong>, tanto caro ai grandi narratori dell\u2019Ottocento, veniva spesso usato in senso dispregiativo per indicare una massa indistinta. All&#8217;interno di questo corso il termine sopracitato assume un nuovo significato: la folla diventa la normalit\u00e0. Proprio qua si scopre la vera capacit\u00e0 nel saper andare oltre al semplice sguardo, saper osservare le piccole cose e cercare di trasformarle in luce, affinch\u00e9 possano <strong>illuminare il nostro percorso<\/strong>. In altre parole, trasformarle in una bella storia.<\/p>\n\n\n\n<figure class=\"wp-block-image size-full is-resized\"><img loading=\"lazy\" decoding=\"async\" width=\"1000\" height=\"666\" src=\"https:\/\/www.abf.eu\/treviglio\/wp-content\/uploads\/sites\/8\/2025\/03\/Progetto-senza-titolo-5.png\" alt=\"\" class=\"wp-image-21393\" style=\"width:1505px;height:auto\" srcset=\"https:\/\/www.abf.eu\/treviglio\/wp-content\/uploads\/sites\/8\/2025\/03\/Progetto-senza-titolo-5.png 1000w, https:\/\/www.abf.eu\/treviglio\/wp-content\/uploads\/sites\/8\/2025\/03\/Progetto-senza-titolo-5-300x200.png 300w, https:\/\/www.abf.eu\/treviglio\/wp-content\/uploads\/sites\/8\/2025\/03\/Progetto-senza-titolo-5-768x511.png 768w, https:\/\/www.abf.eu\/treviglio\/wp-content\/uploads\/sites\/8\/2025\/03\/Progetto-senza-titolo-5-600x400.png 600w\" sizes=\"auto, (max-width: 1000px) 100vw, 1000px\" \/><\/figure>\n\n\n\n<h5 class=\"wp-block-heading\">Le storie narrate: dalla realt\u00e0 alla fantasia<\/h5>\n\n\n\n<p>L\u2019incontro \u00e8 stato diviso in tre atti, durante i quali i protagonisti si sono alternati al leggio, leggendo <strong>racconti e poesie a tema libero<\/strong>: alcuni si sono ispirati a fatti reali romanzati, altri hanno dato vita a storie surreali o riflessive.&nbsp;Le narrazioni possono essere lette per intero scansionando il QR Code qui sotto oppure cliccando <a href=\"https:\/\/drive.google.com\/file\/d\/12U8aOk70rbGkh3csX3jUqoaalhAxKfw8\/view?usp=drivesdk\">qui<\/a>.<\/p>\n\n\n\n<figure class=\"wp-block-image size-full is-resized\"><img loading=\"lazy\" decoding=\"async\" width=\"1000\" height=\"666\" src=\"https:\/\/www.abf.eu\/treviglio\/wp-content\/uploads\/sites\/8\/2025\/03\/Progetto-senza-titolo-8.png\" alt=\"\" class=\"wp-image-21413\" style=\"width:1505px;height:auto\" srcset=\"https:\/\/www.abf.eu\/treviglio\/wp-content\/uploads\/sites\/8\/2025\/03\/Progetto-senza-titolo-8.png 1000w, https:\/\/www.abf.eu\/treviglio\/wp-content\/uploads\/sites\/8\/2025\/03\/Progetto-senza-titolo-8-300x200.png 300w, https:\/\/www.abf.eu\/treviglio\/wp-content\/uploads\/sites\/8\/2025\/03\/Progetto-senza-titolo-8-768x511.png 768w, https:\/\/www.abf.eu\/treviglio\/wp-content\/uploads\/sites\/8\/2025\/03\/Progetto-senza-titolo-8-600x400.png 600w\" sizes=\"auto, (max-width: 1000px) 100vw, 1000px\" \/><\/figure>\n\n\n\n<ul class=\"wp-block-list\">\n<li><strong>W la Guerra<\/strong><\/li>\n<\/ul>\n\n\n\n<p>Miriam apre la serata con un parallelismo: il suo racconto contrappone la vita di un soldato americano a Kiev a quella di un comune impiegato dell\u2019ufficio postale di Treviglio, che ogni giorno combatte la sua battaglia contro i pensionati in fila agli sportelli.&nbsp;<\/p>\n\n\n\n<ul class=\"wp-block-list\">\n<li><strong>Una palla cade dal cielo<\/strong><\/li>\n<\/ul>\n\n\n\n<p>Alberto racconta il funerale di Valerio dal punto di vista dei suoi vecchi amici del liceo: un intreccio di emozioni, ricordi e aspettative. Conclude la sua storia con una frase ricca di spunti di riflessione: <em>&#8220;Il mondo in cui viviamo \u00e8 un mondo che schiaccia con il suo carico di aspettative e ansie di prestazione.&#8221;<\/em><\/p>\n\n\n\n<ul class=\"wp-block-list\">\n<li><strong>Bellissime raccontava storie<\/strong><\/li>\n<\/ul>\n\n\n\n<p>Ilaria crea un testo surreale e kafkiano: parla della vita di una bibliotecaria, che improvvisamente si ritrova incapace di pronunciare le frasi nell\u2019ordine corretto. Vede cos\u00ec la sua vita cambiare drasticamente. Frase chiave della storia narrata \u00e8: <em>&#8220;Caos un totale fu.&#8221;<\/em><\/p>\n\n\n\n<ul class=\"wp-block-list\">\n<li><strong>Quindici minuti<\/strong><\/li>\n<\/ul>\n\n\n\n<p>Gigi racconta una storia semi-fantasy: il protagonista, Fernando, riesce a sentire i pensieri di tutti, ma dopo esattamente quindici minuti li dimentica. Per uno strano caso incontra Marta: dopo quindici minuti non ricorda pi\u00f9&nbsp;la sua storia, ma il suo sorriso gli basta per capire che sar\u00e0 la donna della sua vita.<\/p>\n\n\n\n<ul class=\"wp-block-list\">\n<li><strong>Giaele e Sisara<\/strong> <\/li>\n<\/ul>\n\n\n\n<p>Martina presenta un dramma-thriller: una normale studentessa, durante una vacanza nella casa di montagna dello zio, si ritrova al centro di un finale straziante semplicemente perch\u00e9, secondo gli altri, non ha provato a divertirsi.<\/p>\n\n\n\n<ul class=\"wp-block-list\">\n<li><strong>Due tipi di persone<\/strong> <\/li>\n<\/ul>\n\n\n\n<p>Matteo tratta una storia comica e riflessiva. Dopo un bizzarro incidente senza conseguenze, tre individui reagiscono in modi diversi: due ridono, mentre uno lo prende sul serio. Il racconto si chiude con una frase riflessiva: <em>&#8220;Alla fine, al mondo ci sono due tipi di persone: quelle che sorridono e quelle che non lo fanno.&#8221;<\/em> <\/p>\n\n\n\n<ul class=\"wp-block-list\">\n<li><strong>Oggi mi esplode la testa<\/strong><\/li>\n<\/ul>\n\n\n\n<p>Francesco conclude il filo delle narrazioni esplorando il gioco imprevedibile della mente: il protagonista, Giacomo, a volte si sente leggero come un coriandolo, altre volte si perde, e altre volte si ritrova. <\/p>\n\n\n\n<figure class=\"wp-block-image size-full is-resized\"><img loading=\"lazy\" decoding=\"async\" width=\"1000\" height=\"666\" src=\"https:\/\/www.abf.eu\/treviglio\/wp-content\/uploads\/sites\/8\/2025\/03\/Progetto-senza-titolo-3.png\" alt=\"\" class=\"wp-image-21388\" style=\"width:1505px;height:auto\" srcset=\"https:\/\/www.abf.eu\/treviglio\/wp-content\/uploads\/sites\/8\/2025\/03\/Progetto-senza-titolo-3.png 1000w, https:\/\/www.abf.eu\/treviglio\/wp-content\/uploads\/sites\/8\/2025\/03\/Progetto-senza-titolo-3-300x200.png 300w, https:\/\/www.abf.eu\/treviglio\/wp-content\/uploads\/sites\/8\/2025\/03\/Progetto-senza-titolo-3-768x511.png 768w, https:\/\/www.abf.eu\/treviglio\/wp-content\/uploads\/sites\/8\/2025\/03\/Progetto-senza-titolo-3-600x400.png 600w\" sizes=\"auto, (max-width: 1000px) 100vw, 1000px\" \/><\/figure>\n\n\n\n<h5 class=\"wp-block-heading\">Le poesie: i versi dei corsisti <\/h5>\n\n\n\n<p>Successivamente, alle narrazioni si sono aggiunte poesie a tema libero:<\/p>\n\n\n\n<ul class=\"wp-block-list\">\n<li>Anna scrive otto poesie \u201csull\u2019essere straniera\u201d;<\/li>\n\n\n\n<li>Stefania esplora la rabbia e le sue numerose sfaccettature;<\/li>\n\n\n\n<li>Miriam si dedica alle poesie sui viaggi, sulle sensazioni che ne derivano e sul \u201cdolce far niente\u201d;<\/li>\n\n\n\n<li>Michele delizia tutti con una raccolta di poesia ricordando i tempi delle superiori;<\/li>\n\n\n\n<li>Ilaria racconta la quotidianit\u00e0, dando un nome buffo ai giorni della settimana.&nbsp;<\/li>\n<\/ul>\n\n\n\n<figure class=\"wp-block-image size-full is-resized\"><img loading=\"lazy\" decoding=\"async\" width=\"1000\" height=\"666\" src=\"https:\/\/www.abf.eu\/treviglio\/wp-content\/uploads\/sites\/8\/2025\/03\/Progetto-senza-titolo-6-1.png\" alt=\"\" class=\"wp-image-21396\" style=\"width:1505px;height:auto\" srcset=\"https:\/\/www.abf.eu\/treviglio\/wp-content\/uploads\/sites\/8\/2025\/03\/Progetto-senza-titolo-6-1.png 1000w, https:\/\/www.abf.eu\/treviglio\/wp-content\/uploads\/sites\/8\/2025\/03\/Progetto-senza-titolo-6-1-300x200.png 300w, https:\/\/www.abf.eu\/treviglio\/wp-content\/uploads\/sites\/8\/2025\/03\/Progetto-senza-titolo-6-1-768x511.png 768w, https:\/\/www.abf.eu\/treviglio\/wp-content\/uploads\/sites\/8\/2025\/03\/Progetto-senza-titolo-6-1-600x400.png 600w\" sizes=\"auto, (max-width: 1000px) 100vw, 1000px\" \/><\/figure>\n\n\n\n<h5 class=\"wp-block-heading\">La conclusione di una serata speciale<\/h5>\n\n\n\n<p>La serata si \u00e8 conclusa con un grosso applauso ringraziando il docente Mattia Perico, e ricordando i prossimi corsi a tema <strong>Arte&amp;Scrittura<\/strong> in partenza:&nbsp;<\/p>\n\n\n\n<ul class=\"wp-block-list\">\n<li>26 marzo, con il nuovo corso di <strong><a href=\"https:\/\/www.abf.eu\/treviglio\/corsi\/scrittura-creativa\/\">Scrittura Creativa<\/a><\/strong><\/li>\n\n\n\n<li>7 aprile, <strong><a href=\"https:\/\/www.abf.eu\/treviglio\/corsi\/scrivere-di-se-attraverso-la-fiction\/\">Scrivere di s\u00e9 attraverso la fiction<\/a><\/strong><\/li>\n\n\n\n<li>2 aprile, <strong><a href=\"https:\/\/www.abf.eu\/treviglio\/corsi\/baby-lab-atelier-artistico\/\">Baby Lab: Atelier Artistico<\/a><\/strong>&nbsp; (per tutti i bambini dai 5 agli 11 anni).&nbsp;<\/li>\n<\/ul>\n\n\n\n<p>L&#8217;incontro finale del corso di Scrittura Creativa poteva essere considerato come una semplice conclusione, ma chi ha saputo andare oltre la folla ha percepito qualcosa di pi\u00f9: un <strong>evento speciale<\/strong>.<\/p>\n\n\n\n<p>Un ringraziamento particolare va al docente <strong>Mattia Perico<\/strong>, che \u00e8 riuscito a trasmettere <strong>passione e conoscenza<\/strong> ai corsisti. Ancora, meritano un ringraziamento i <strong>ragazzi del PPD di ABF<\/strong> per la creazione dei segnalibri e per il piccolo buffet, e a <strong>Lavinia Marcu<\/strong> (docente di Atelier Artistico) per le foto e il supporto.<\/p>\n\n\n\n<p>Infine, un grazie va agli spettatori che hanno ascoltato con attenzione e affetto le storie dei loro cari. Tutti quanti hanno contribuito a raccontare una bella storia e hanno reso l&#8217;atmosfera della serata incantevole.<\/p>\n\n\n\n<figure class=\"wp-block-image size-full is-resized\"><img loading=\"lazy\" decoding=\"async\" width=\"1000\" height=\"666\" src=\"https:\/\/www.abf.eu\/treviglio\/wp-content\/uploads\/sites\/8\/2025\/03\/Progetto-senza-titolo-7.png\" alt=\"\" class=\"wp-image-21397\" style=\"width:1505px;height:auto\" srcset=\"https:\/\/www.abf.eu\/treviglio\/wp-content\/uploads\/sites\/8\/2025\/03\/Progetto-senza-titolo-7.png 1000w, https:\/\/www.abf.eu\/treviglio\/wp-content\/uploads\/sites\/8\/2025\/03\/Progetto-senza-titolo-7-300x200.png 300w, https:\/\/www.abf.eu\/treviglio\/wp-content\/uploads\/sites\/8\/2025\/03\/Progetto-senza-titolo-7-768x511.png 768w, https:\/\/www.abf.eu\/treviglio\/wp-content\/uploads\/sites\/8\/2025\/03\/Progetto-senza-titolo-7-600x400.png 600w\" sizes=\"auto, (max-width: 1000px) 100vw, 1000px\" \/><\/figure>\n\n\n\n<p><\/p>\n","protected":false},"excerpt":{"rendered":"<p>Presso la Sala Bar di ABF Treviglio si \u00e8 tenuta<\/p>\n","protected":false},"author":47,"featured_media":21380,"comment_status":"open","ping_status":"open","sticky":false,"template":"","format":"standard","meta":{"footnotes":""},"categories":[1],"tags":[],"class_list":["post-21352","post","type-post","status-publish","format-standard","has-post-thumbnail","hentry","category-senza-categoria"],"yoast_head":"<!-- This site is optimized with the Yoast SEO plugin v25.8 - https:\/\/yoast.com\/wordpress\/plugins\/seo\/ -->\n<title>Scrittura Creativa: Proprio l\u00ec, tra la folla - Treviglio<\/title>\n<meta name=\"description\" content=\"Presso il laboratorio di Sala Bar di ABF Treviglio si \u00e8 tenuta la serata conclusiva del corso di Scrittura Creativa e di Poesia.\" \/>\n<meta name=\"robots\" content=\"index, follow, max-snippet:-1, max-image-preview:large, max-video-preview:-1\" \/>\n<link rel=\"canonical\" href=\"https:\/\/www.abf.eu\/treviglio\/scrittura-creativa\/\" \/>\n<meta property=\"og:locale\" content=\"it_IT\" \/>\n<meta property=\"og:type\" content=\"article\" \/>\n<meta property=\"og:title\" content=\"Scrittura Creativa: Proprio l\u00ec, tra la folla - Treviglio\" \/>\n<meta property=\"og:description\" content=\"Presso il laboratorio di Sala Bar di ABF Treviglio si \u00e8 tenuta la serata conclusiva del corso di Scrittura Creativa e di Poesia.\" \/>\n<meta property=\"og:url\" content=\"https:\/\/www.abf.eu\/treviglio\/scrittura-creativa\/\" \/>\n<meta property=\"og:site_name\" content=\"Treviglio\" \/>\n<meta property=\"article:published_time\" content=\"2025-03-25T08:22:32+00:00\" \/>\n<meta property=\"article:modified_time\" content=\"2025-03-25T08:22:33+00:00\" \/>\n<meta property=\"og:image\" content=\"https:\/\/www.abf.eu\/treviglio\/wp-content\/uploads\/sites\/8\/2025\/03\/Progetto-senza-titolo-1.png\" \/>\n\t<meta property=\"og:image:width\" content=\"1000\" \/>\n\t<meta property=\"og:image:height\" content=\"666\" \/>\n\t<meta property=\"og:image:type\" content=\"image\/png\" \/>\n<meta name=\"author\" content=\"abfeditortreviglio\" \/>\n<meta name=\"twitter:card\" content=\"summary_large_image\" \/>\n<meta name=\"twitter:label1\" content=\"Scritto da\" \/>\n\t<meta name=\"twitter:data1\" content=\"abfeditortreviglio\" \/>\n\t<meta name=\"twitter:label2\" content=\"Tempo di lettura stimato\" \/>\n\t<meta name=\"twitter:data2\" content=\"7 minuti\" \/>\n<script type=\"application\/ld+json\" class=\"yoast-schema-graph\">{\"@context\":\"https:\/\/schema.org\",\"@graph\":[{\"@type\":\"WebPage\",\"@id\":\"https:\/\/www.abf.eu\/treviglio\/scrittura-creativa\/\",\"url\":\"https:\/\/www.abf.eu\/treviglio\/scrittura-creativa\/\",\"name\":\"Scrittura Creativa: Proprio l\u00ec, tra la folla - Treviglio\",\"isPartOf\":{\"@id\":\"https:\/\/www.abf.eu\/treviglio\/#website\"},\"primaryImageOfPage\":{\"@id\":\"https:\/\/www.abf.eu\/treviglio\/scrittura-creativa\/#primaryimage\"},\"image\":{\"@id\":\"https:\/\/www.abf.eu\/treviglio\/scrittura-creativa\/#primaryimage\"},\"thumbnailUrl\":\"https:\/\/www.abf.eu\/treviglio\/wp-content\/uploads\/sites\/8\/2025\/03\/Progetto-senza-titolo-1.png\",\"datePublished\":\"2025-03-25T08:22:32+00:00\",\"dateModified\":\"2025-03-25T08:22:33+00:00\",\"author\":{\"@id\":\"https:\/\/www.abf.eu\/treviglio\/#\/schema\/person\/5e3592a67fae49949ed1c8bafe370c22\"},\"description\":\"Presso il laboratorio di Sala Bar di ABF Treviglio si \u00e8 tenuta la serata conclusiva del corso di Scrittura Creativa e di Poesia.\",\"breadcrumb\":{\"@id\":\"https:\/\/www.abf.eu\/treviglio\/scrittura-creativa\/#breadcrumb\"},\"inLanguage\":\"it-IT\",\"potentialAction\":[{\"@type\":\"ReadAction\",\"target\":[\"https:\/\/www.abf.eu\/treviglio\/scrittura-creativa\/\"]}]},{\"@type\":\"ImageObject\",\"inLanguage\":\"it-IT\",\"@id\":\"https:\/\/www.abf.eu\/treviglio\/scrittura-creativa\/#primaryimage\",\"url\":\"https:\/\/www.abf.eu\/treviglio\/wp-content\/uploads\/sites\/8\/2025\/03\/Progetto-senza-titolo-1.png\",\"contentUrl\":\"https:\/\/www.abf.eu\/treviglio\/wp-content\/uploads\/sites\/8\/2025\/03\/Progetto-senza-titolo-1.png\",\"width\":1000,\"height\":666},{\"@type\":\"BreadcrumbList\",\"@id\":\"https:\/\/www.abf.eu\/treviglio\/scrittura-creativa\/#breadcrumb\",\"itemListElement\":[{\"@type\":\"ListItem\",\"position\":1,\"name\":\"Home\",\"item\":\"https:\/\/www.abf.eu\/treviglio\/\"},{\"@type\":\"ListItem\",\"position\":2,\"name\":\"Scrittura Creativa: Proprio l\u00ec, tra la folla\"}]},{\"@type\":\"WebSite\",\"@id\":\"https:\/\/www.abf.eu\/treviglio\/#website\",\"url\":\"https:\/\/www.abf.eu\/treviglio\/\",\"name\":\"Treviglio\",\"description\":\"Ecco un altro sito Abf siti\",\"potentialAction\":[{\"@type\":\"SearchAction\",\"target\":{\"@type\":\"EntryPoint\",\"urlTemplate\":\"https:\/\/www.abf.eu\/treviglio\/?s={search_term_string}\"},\"query-input\":{\"@type\":\"PropertyValueSpecification\",\"valueRequired\":true,\"valueName\":\"search_term_string\"}}],\"inLanguage\":\"it-IT\"},{\"@type\":\"Person\",\"@id\":\"https:\/\/www.abf.eu\/treviglio\/#\/schema\/person\/5e3592a67fae49949ed1c8bafe370c22\",\"name\":\"abfeditortreviglio\",\"image\":{\"@type\":\"ImageObject\",\"inLanguage\":\"it-IT\",\"@id\":\"https:\/\/www.abf.eu\/treviglio\/#\/schema\/person\/image\/\",\"url\":\"https:\/\/secure.gravatar.com\/avatar\/2a2bd997f9d05889242189dbdd9ed94b71a07f7131b18ac0e94f80ba02f3bff1?s=96&d=mm&r=g\",\"contentUrl\":\"https:\/\/secure.gravatar.com\/avatar\/2a2bd997f9d05889242189dbdd9ed94b71a07f7131b18ac0e94f80ba02f3bff1?s=96&d=mm&r=g\",\"caption\":\"abfeditortreviglio\"},\"sameAs\":[\"Genuine\"],\"url\":\"https:\/\/www.abf.eu\/treviglio\/author\/abfeditortreviglio\/\"}]}<\/script>\n<!-- \/ Yoast SEO plugin. -->","yoast_head_json":{"title":"Scrittura Creativa: Proprio l\u00ec, tra la folla - Treviglio","description":"Presso il laboratorio di Sala Bar di ABF Treviglio si \u00e8 tenuta la serata conclusiva del corso di Scrittura Creativa e di Poesia.","robots":{"index":"index","follow":"follow","max-snippet":"max-snippet:-1","max-image-preview":"max-image-preview:large","max-video-preview":"max-video-preview:-1"},"canonical":"https:\/\/www.abf.eu\/treviglio\/scrittura-creativa\/","og_locale":"it_IT","og_type":"article","og_title":"Scrittura Creativa: Proprio l\u00ec, tra la folla - Treviglio","og_description":"Presso il laboratorio di Sala Bar di ABF Treviglio si \u00e8 tenuta la serata conclusiva del corso di Scrittura Creativa e di Poesia.","og_url":"https:\/\/www.abf.eu\/treviglio\/scrittura-creativa\/","og_site_name":"Treviglio","article_published_time":"2025-03-25T08:22:32+00:00","article_modified_time":"2025-03-25T08:22:33+00:00","og_image":[{"width":1000,"height":666,"url":"https:\/\/www.abf.eu\/treviglio\/wp-content\/uploads\/sites\/8\/2025\/03\/Progetto-senza-titolo-1.png","type":"image\/png"}],"author":"abfeditortreviglio","twitter_card":"summary_large_image","twitter_misc":{"Scritto da":"abfeditortreviglio","Tempo di lettura stimato":"7 minuti"},"schema":{"@context":"https:\/\/schema.org","@graph":[{"@type":"WebPage","@id":"https:\/\/www.abf.eu\/treviglio\/scrittura-creativa\/","url":"https:\/\/www.abf.eu\/treviglio\/scrittura-creativa\/","name":"Scrittura Creativa: Proprio l\u00ec, tra la folla - Treviglio","isPartOf":{"@id":"https:\/\/www.abf.eu\/treviglio\/#website"},"primaryImageOfPage":{"@id":"https:\/\/www.abf.eu\/treviglio\/scrittura-creativa\/#primaryimage"},"image":{"@id":"https:\/\/www.abf.eu\/treviglio\/scrittura-creativa\/#primaryimage"},"thumbnailUrl":"https:\/\/www.abf.eu\/treviglio\/wp-content\/uploads\/sites\/8\/2025\/03\/Progetto-senza-titolo-1.png","datePublished":"2025-03-25T08:22:32+00:00","dateModified":"2025-03-25T08:22:33+00:00","author":{"@id":"https:\/\/www.abf.eu\/treviglio\/#\/schema\/person\/5e3592a67fae49949ed1c8bafe370c22"},"description":"Presso il laboratorio di Sala Bar di ABF Treviglio si \u00e8 tenuta la serata conclusiva del corso di Scrittura Creativa e di Poesia.","breadcrumb":{"@id":"https:\/\/www.abf.eu\/treviglio\/scrittura-creativa\/#breadcrumb"},"inLanguage":"it-IT","potentialAction":[{"@type":"ReadAction","target":["https:\/\/www.abf.eu\/treviglio\/scrittura-creativa\/"]}]},{"@type":"ImageObject","inLanguage":"it-IT","@id":"https:\/\/www.abf.eu\/treviglio\/scrittura-creativa\/#primaryimage","url":"https:\/\/www.abf.eu\/treviglio\/wp-content\/uploads\/sites\/8\/2025\/03\/Progetto-senza-titolo-1.png","contentUrl":"https:\/\/www.abf.eu\/treviglio\/wp-content\/uploads\/sites\/8\/2025\/03\/Progetto-senza-titolo-1.png","width":1000,"height":666},{"@type":"BreadcrumbList","@id":"https:\/\/www.abf.eu\/treviglio\/scrittura-creativa\/#breadcrumb","itemListElement":[{"@type":"ListItem","position":1,"name":"Home","item":"https:\/\/www.abf.eu\/treviglio\/"},{"@type":"ListItem","position":2,"name":"Scrittura Creativa: Proprio l\u00ec, tra la folla"}]},{"@type":"WebSite","@id":"https:\/\/www.abf.eu\/treviglio\/#website","url":"https:\/\/www.abf.eu\/treviglio\/","name":"Treviglio","description":"Ecco un altro sito Abf siti","potentialAction":[{"@type":"SearchAction","target":{"@type":"EntryPoint","urlTemplate":"https:\/\/www.abf.eu\/treviglio\/?s={search_term_string}"},"query-input":{"@type":"PropertyValueSpecification","valueRequired":true,"valueName":"search_term_string"}}],"inLanguage":"it-IT"},{"@type":"Person","@id":"https:\/\/www.abf.eu\/treviglio\/#\/schema\/person\/5e3592a67fae49949ed1c8bafe370c22","name":"abfeditortreviglio","image":{"@type":"ImageObject","inLanguage":"it-IT","@id":"https:\/\/www.abf.eu\/treviglio\/#\/schema\/person\/image\/","url":"https:\/\/secure.gravatar.com\/avatar\/2a2bd997f9d05889242189dbdd9ed94b71a07f7131b18ac0e94f80ba02f3bff1?s=96&d=mm&r=g","contentUrl":"https:\/\/secure.gravatar.com\/avatar\/2a2bd997f9d05889242189dbdd9ed94b71a07f7131b18ac0e94f80ba02f3bff1?s=96&d=mm&r=g","caption":"abfeditortreviglio"},"sameAs":["Genuine"],"url":"https:\/\/www.abf.eu\/treviglio\/author\/abfeditortreviglio\/"}]}},"_links":{"self":[{"href":"https:\/\/www.abf.eu\/treviglio\/wp-json\/wp\/v2\/posts\/21352","targetHints":{"allow":["GET"]}}],"collection":[{"href":"https:\/\/www.abf.eu\/treviglio\/wp-json\/wp\/v2\/posts"}],"about":[{"href":"https:\/\/www.abf.eu\/treviglio\/wp-json\/wp\/v2\/types\/post"}],"author":[{"embeddable":true,"href":"https:\/\/www.abf.eu\/treviglio\/wp-json\/wp\/v2\/users\/47"}],"replies":[{"embeddable":true,"href":"https:\/\/www.abf.eu\/treviglio\/wp-json\/wp\/v2\/comments?post=21352"}],"version-history":[{"count":21,"href":"https:\/\/www.abf.eu\/treviglio\/wp-json\/wp\/v2\/posts\/21352\/revisions"}],"predecessor-version":[{"id":21452,"href":"https:\/\/www.abf.eu\/treviglio\/wp-json\/wp\/v2\/posts\/21352\/revisions\/21452"}],"wp:featuredmedia":[{"embeddable":true,"href":"https:\/\/www.abf.eu\/treviglio\/wp-json\/wp\/v2\/media\/21380"}],"wp:attachment":[{"href":"https:\/\/www.abf.eu\/treviglio\/wp-json\/wp\/v2\/media?parent=21352"}],"wp:term":[{"taxonomy":"category","embeddable":true,"href":"https:\/\/www.abf.eu\/treviglio\/wp-json\/wp\/v2\/categories?post=21352"},{"taxonomy":"post_tag","embeddable":true,"href":"https:\/\/www.abf.eu\/treviglio\/wp-json\/wp\/v2\/tags?post=21352"}],"curies":[{"name":"wp","href":"https:\/\/api.w.org\/{rel}","templated":true}]}}